{"id":28252,"date":"2025-02-01T12:41:26","date_gmt":"2025-02-01T11:41:26","guid":{"rendered":"http:\/\/www.franciszek-walcz.pl\/?p=28252"},"modified":"2025-02-01T12:41:26","modified_gmt":"2025-02-01T11:41:26","slug":"2-lutego-ofiarowanie-jezusa-w-swiatyni","status":"publish","type":"post","link":"http:\/\/www.franciszek-walcz.pl\/?p=28252","title":{"rendered":"2 lutego: Ofiarowanie Jezusa w \u015awi\u0105tyni"},"content":{"rendered":"<p class=\"western\">Tekst Ewangelii (\u0141k\u00a02,22-40):\u00a0Gdy potem up\u0142yn\u0119\u0142y dni ich oczyszczenia wed\u0142ug Prawa Moj\u017ceszowego, przynie\u015bli Je do Jerozolimy, aby Je przedstawi\u0107 Panu. Tak bowiem jest napisane w Prawie Pa\u0144skim: Ka\u017cde pierworodne dziecko p\u0142ci m\u0119skiej b\u0119dzie po\u015bwi\u0119cone Panu. Mieli r\u00f3wnie\u017c z\u0142o\u017cy\u0107 w ofierze par\u0119 synogarlic albo dwa m\u0142ode go\u0142\u0119bie, zgodnie z przepisem Prawa Pa\u0144skiego.<\/p>\n<p>A \u017cy\u0142 w Jerozolimie cz\u0142owiek, imieniem Symeon. By\u0142 to cz\u0142owiek prawy i pobo\u017cny, wyczekiwa\u0142 pociechy Izraela, a Duch \u015awi\u0119ty spoczywa\u0142 na nim. Jemu Duch \u015awi\u0119ty objawi\u0142, \u017ce nie ujrzy \u015bmierci, a\u017c zobaczy Mesjasza Pa\u0144skiego. Za natchnieniem wi\u0119c Ducha przyszed\u0142 do \u015bwi\u0105tyni. A gdy Rodzice wnosili Dzieci\u0105tko Jezus, aby post\u0105pi\u0107 z Nim wed\u0142ug zwyczaju Prawa, on wzi\u0105\u0142 Je w obj\u0119cia, b\u0142ogos\u0142awi\u0142 Boga i m\u00f3wi\u0142: \u00abTeraz, o W\u0142adco, pozw\u00f3l odej\u015b\u0107 s\u0142udze Twemu w pokoju, wed\u0142ug Twojego s\u0142owa. Bo moje oczy ujrza\u0142y Twoje zbawienie, kt\u00f3re\u015b przygotowa\u0142 wobec wszystkich narod\u00f3w: \u015bwiat\u0142o na o\u015bwiecenie pogan i chwa\u0142\u0119 ludu Twego, Izraela\u00bb. A Jego ojciec i Matka dziwili si\u0119 temu, co o Nim m\u00f3wiono.<\/p>\n<p>Symeon za\u015b b\u0142ogos\u0142awi\u0142 Ich i rzek\u0142 do Maryi, Matki Jego: \u00abOto Ten przeznaczony jest na upadek i na powstanie wielu w Izraelu, i na znak, kt\u00f3remu sprzeciwia\u0107 si\u0119 b\u0119d\u0105. A Twoj\u0105 dusz\u0119 miecz przeniknie, aby na jaw wysz\u0142y zamys\u0142y serc wielu\u00bb.<\/p>\n<p>By\u0142a tam r\u00f3wnie\u017c prorokini Anna, c\u00f3rka Fanuela z pokolenia Asera, bardzo podesz\u0142a w latach. Od swego panie\u0144stwa siedem lat \u017cy\u0142a z m\u0119\u017cem i pozosta\u0142a wdow\u0105. Liczy\u0142a ju\u017c osiemdziesi\u0105ty czwarty rok \u017cycia. Nie rozstawa\u0142a si\u0119 ze \u015bwi\u0105tyni\u0105, s\u0142u\u017c\u0105c Bogu w postach i modlitwach dniem i noc\u0105. Przyszed\u0142szy w tej w\u0142a\u015bnie chwili, s\u0142awi\u0142a Boga i m\u00f3wi\u0142a o Nim wszystkim, kt\u00f3rzy oczekiwali wyzwolenia Jerozolimy. A gdy wype\u0142nili wszystko wed\u0142ug Prawa Pa\u0144skiego, wr\u00f3cili do Galilei, do swego miasta &#8211; Nazaret. Dzieci\u0119 za\u015b ros\u0142o i nabiera\u0142o mocy, nape\u0142niaj\u0105c si\u0119 m\u0105dro\u015bci\u0105, a \u0142aska Bo\u017ca spoczywa\u0142a na Nim.<\/p>\n<p class=\"western\">dzieckiem.<\/p>\n<p class=\"western\"><strong>Czym jest ofiarowanie pa\u0144skie<\/strong><\/p>\n<p class=\"western\">\u015awi\u0119to Ofiarowania Pa\u0144skiego to wspomnienie przyniesienia ma\u0142ego, czterdziestodniowego Pana Jezusa do \u015bwi\u0105tyni\u00a0\u2013 s\u0142yszymy, \u017ce up\u0142yn\u0105\u0142 czas oczyszczenia wed\u0142ug Prawa Moj\u017ceszowego, kt\u00f3re w przypadku ch\u0142opc\u00f3w wynosi\u0142o w\u0142a\u015bnie czterdzie\u015bci dni. Rodzice \u2013 r\u00f3wnie\u017c zgodnie z przepisami Prawa \u2013 sk\u0142adaj\u0105 w ofierze za syna par\u0119 synogarlic lub go\u0142\u0105bk\u00f3w. Jest to bardzo skromna ofiara, co wskazuje na ich ub\u00f3stwo. Wszystko, co maj\u0105, to ich umi\u0142owany Synek.<\/p>\n<p class=\"western\">W \u015bwi\u0105tyni jerozolimskiej przebywa starzec Symeon, kt\u00f3ry w tym Dzieci\u0119ciu rozpoznaje obiecanego Mesjasza, Pomaza\u0144ca Bo\u017cego, kt\u00f3ry przyniesie zbawienie nie tylko Izraelowi, ale wszystkim narodom. To jest prawdziwa \u015awiat\u0142o\u015b\u0107, kt\u00f3ra rozprasza ciemno\u015bci \u2013 st\u0105d w naszych d\u0142oniach dzi\u015b gromnice, \u015bwiece, kt\u00f3re na wz\u00f3r jedynego \u015awiat\u0142a wskazuj\u0105 drog\u0119 i s\u0105 znakiem bezpiecze\u0144stwa, przede wszystkim duchowego i wiecznego, kt\u00f3re jedynie B\u00f3g mo\u017ce da\u0107.<\/p>\n<p class=\"western\">Symeon by\u0142 cz\u0142owiekiem czujnym \u2013 pobo\u017cnym i sprawiedliwym, przez ca\u0142e \u017cycie wyczekuj\u0105cym pociechy Izraela. C\u00f3\u017c za rado\u015b\u0107 musia\u0142a zago\u015bci\u0107 w jego sercu, gdy ujrza\u0142 oczekiwanego Syna Bo\u017cego! Teraz m\u00f3g\u0142 nie tylko \u201eodej\u015b\u0107 w pokoju\u201d, ale i og\u0142osi\u0107 innym t\u0119 radosn\u0105 nowin\u0119. Podobnie prorokini Anna, kt\u00f3ra \u2013 jak wiemy z Ewangelii \u2013 spotkawszy Jezusa i Jego Rodzic\u00f3w, wys\u0142awia Boga i og\u0142asza wielkie cuda. Staje si\u0119 narz\u0119dziem nadziei dla innych.<\/p>\n<p class=\"western\">Ci, kt\u00f3rzy czuwali w \u015bwi\u0105tyni, mieli uwag\u0119 skupion\u0105 na tym, co najwa\u017cniejsze. Dzi\u0119ki temu we w\u0142a\u015bciwym momencie rozpoznali przychodz\u0105cego Boga, zbli\u017caj\u0105ce si\u0119 Kr\u00f3lestwo Niebieskie i przemieniaj\u0105ce wszystko mi\u0142osierdzie. Mieli udzia\u0142 w odkupieniu Jezusa, bo po prostu Go nie przegapili \u2013 spotkali Go!<\/p>\n<p class=\"western\">Zanim zaczniemy my\u015ble\u0107 o \u015bwiecie, kt\u00f3ry nie rozpoznaje Boga, kt\u00f3ry dziwi si\u0119, po co katolicy id\u0105 ze \u015bwiecami do ko\u015bcio\u0142a, kt\u00f3ry nie rozumie \u017cycia konsekrowanego, w tym zakonnego (wszak dzi\u015b obchodzimy \u015awiatowy Dzie\u0144 \u017bycia Konsekrowanego), pomy\u015blmy o sobie.<\/p>\n<p class=\"western\">Ile w moim \u017cyciu uwagi po\u015bwi\u0119cam Bo\u017cemu s\u0142owu, Jego obecno\u015bci? A ile skupiam na sobie \u2013 w\u0142asnych uczuciach, sprawach, przemo\u017cnej ch\u0119ci zapanowania nad swoim czasem?\u00a0Musz\u0119 przyzna\u0107, \u017ce wok\u00f3\u0142 mnie i we mnie jest wiele \u201erozpraszaczy\u201d, kt\u00f3re \u2013 cho\u0107 nieraz oferuj\u0105 dost\u0119p do warto\u015bciowych tre\u015bci, duchowych konferencji i po\u017cytecznych informacji \u2013 w \u017cyciu duchowym wcale nie pomagaj\u0105. O wiele owocniej pomodl\u0119 si\u0119, bior\u0105c do r\u0119ki tradycyjne Pismo \u015awi\u0119te, ksi\u0105\u017ck\u0119 czy r\u00f3\u017caniec, ni\u017c odczytuj\u0105c z migaj\u0105cego ekranu psalmy i inne \u015bwi\u0119te teksty \u2013 bo zawsze co\u015b mo\u017ce wyskoczy\u0107, zadzwoni\u0107, a umys\u0142 \u2013 w\u0142a\u015bnie przez niewidoczne na poz\u00f3r dzia\u0142anie ekranu \u2013 nie jest w stanie skupi\u0107 si\u0119 na tym, co wa\u017cne. Trwa jakby w gotowo\u015bci na nowe bod\u017ace. Jedn\u0105 z najwi\u0119kszych przeszk\u00f3d w modlitwie jest dzi\u015b w\u0142a\u015bnie ta rozproszona uwaga.<\/p>\n<p class=\"western\">Takich miejsc \u201erozproszenia\u201d jest oczywi\u015bcie wiele. Jest jednak jedno miejsce \u201eskupienia\u201d \u2013 moje serce, sumienie i wola, gdzie mog\u0119 rozpozna\u0107 Boga i p\u00f3j\u015b\u0107 za Odkupicielem, je\u015bli tylko o to zadbam.\u00a0Zamiast w my\u015blach nieustannie rozwi\u0105zywa\u0107 r\u00f3\u017cne problemy i \u201eratowa\u0107\u201d siebie, swoj\u0105 rodzin\u0119 i ca\u0142y \u015bwiat, mog\u0119 w czasie \u015bwi\u0119tej liturgii \u2013 jak cho\u0107by teraz, we Mszy \u015awi\u0119tej \u2013 pozwoli\u0107 prowadzi\u0107 si\u0119 przez \u015bwi\u0119te teksty Duchowi \u015awi\u0119temu i wyj\u015b\u0107 na spotkanie Bogu, kt\u00f3ry pragnie mnie u\u015bwi\u0119ci\u0107 (konsekrowa\u0107).<\/p>\n<p class=\"western\">Mo\u017cna prze\u017cy\u0107 \u015bwi\u0119to Ofiarowania Pa\u0144skiego, jedynie przychodz\u0105c do \u015bwi\u0105tyni i \u201eofiarowuj\u0105c\u201d chwil\u0119 swojego czasu\u00a0(bo jestem zaj\u0119ty, czyli ubogi).\u00a0I przegapi\u0107 Boga.\u00a0Mog\u0119 jednak podj\u0105\u0107 konkretne postanowienie, by zmieni\u0107 spos\u00f3b codziennego funkcjonowania \u2013 by bardziej skupia\u0107 swoj\u0105 uwag\u0119 na Panu Bogu, na tym, co rzeczywi\u015bcie dzieje si\u0119 we mnie, i na innych ludziach. R\u00f3\u017cne rozproszenia b\u0119d\u0105 si\u0119 oczywi\u015bcie zdarza\u0142y, ale nie zaw\u0142adn\u0105 mn\u0105. Stan\u0119 si\u0119 jak starzec Symeon \u2013 pobo\u017cny i sprawiedliwy, wyczekuj\u0105cy Bo\u017cego Mi\u0142osierdzia, kt\u00f3re spe\u0142nia swe obietnice i przybywa, by zbawi\u0107 mnie i ca\u0142y \u015bwiat.<\/p>\n","protected":false},"excerpt":{"rendered":"<p>Tekst Ewangelii (\u0141k\u00a02,22-40):\u00a0Gdy potem up\u0142yn\u0119\u0142y dni ich oczyszczenia wed\u0142ug Prawa Moj\u017ceszowego, przynie\u015bli Je do Jerozolimy, aby Je przedstawi\u0107 Panu. Tak bowiem jest napisane w Prawie Pa\u0144skim: Ka\u017cde pierworodne dziecko p\u0142ci m\u0119skiej b\u0119dzie po\u015bwi\u0119cone Panu. Mieli r\u00f3wnie\u017c z\u0142o\u017cy\u0107 w ofierze par\u0119 synogarlic albo dwa m\u0142ode go\u0142\u0119bie, zgodnie z przepisem Prawa Pa\u0144skiego. A \u017cy\u0142 w Jerozolimie cz\u0142owiek, imieniem Symeon. By\u0142 to cz\u0142owiek prawy i pobo\u017cny, wyczekiwa\u0142 pociechy Izraela, a Duch \u015awi\u0119ty spoczywa\u0142 na nim. Jemu Duch \u015awi\u0119ty objawi\u0142, \u017ce nie ujrzy \u015bmierci, a\u017c zobaczy Mesjasza Pa\u0144skiego. Za natchnieniem wi\u0119c Ducha przyszed\u0142 do \u015bwi\u0105tyni. A gdy Rodzice wnosili Dzieci\u0105tko Jezus, aby post\u0105pi\u0107 z Nim wed\u0142ug zwyczaju Prawa, on wzi\u0105\u0142 Je w obj\u0119cia, b\u0142ogos\u0142awi\u0142 Boga i m\u00f3wi\u0142: \u00abTeraz, o W\u0142adco, pozw\u00f3l odej\u015b\u0107 s\u0142udze Twemu w pokoju, wed\u0142ug Twojego s\u0142owa. Bo moje oczy ujrza\u0142y Twoje zbawienie, kt\u00f3re\u015b przygotowa\u0142 wobec wszystkich narod\u00f3w: \u015bwiat\u0142o na o\u015bwiecenie pogan i chwa\u0142\u0119 ludu Twego, Izraela\u00bb. A Jego ojciec i Matka&hellip;<\/p>\n<p> <a class=\"more-link\" href=\"http:\/\/www.franciszek-walcz.pl\/?p=28252\">Czytaj dalej<\/a><\/p>\n","protected":false},"author":1,"featured_media":0,"comment_status":"closed","ping_status":"closed","sticky":false,"template":"","format":"standard","meta":{"footnotes":""},"categories":[5],"tags":[],"class_list":{"0":"post-28252","1":"post","2":"type-post","3":"status-publish","4":"format-standard","6":"category-artykuly"},"brizy_media":[],"_links":{"self":[{"href":"http:\/\/www.franciszek-walcz.pl\/index.php?rest_route=\/wp\/v2\/posts\/28252","targetHints":{"allow":["GET"]}}],"collection":[{"href":"http:\/\/www.franciszek-walcz.pl\/index.php?rest_route=\/wp\/v2\/posts"}],"about":[{"href":"http:\/\/www.franciszek-walcz.pl\/index.php?rest_route=\/wp\/v2\/types\/post"}],"author":[{"embeddable":true,"href":"http:\/\/www.franciszek-walcz.pl\/index.php?rest_route=\/wp\/v2\/users\/1"}],"replies":[{"embeddable":true,"href":"http:\/\/www.franciszek-walcz.pl\/index.php?rest_route=%2Fwp%2Fv2%2Fcomments&post=28252"}],"version-history":[{"count":1,"href":"http:\/\/www.franciszek-walcz.pl\/index.php?rest_route=\/wp\/v2\/posts\/28252\/revisions"}],"predecessor-version":[{"id":28253,"href":"http:\/\/www.franciszek-walcz.pl\/index.php?rest_route=\/wp\/v2\/posts\/28252\/revisions\/28253"}],"wp:attachment":[{"href":"http:\/\/www.franciszek-walcz.pl\/index.php?rest_route=%2Fwp%2Fv2%2Fmedia&parent=28252"}],"wp:term":[{"taxonomy":"category","embeddable":true,"href":"http:\/\/www.franciszek-walcz.pl\/index.php?rest_route=%2Fwp%2Fv2%2Fcategories&post=28252"},{"taxonomy":"post_tag","embeddable":true,"href":"http:\/\/www.franciszek-walcz.pl\/index.php?rest_route=%2Fwp%2Fv2%2Ftags&post=28252"}],"curies":[{"name":"wp","href":"https:\/\/api.w.org\/{rel}","templated":true}]}}