{"id":28376,"date":"2025-03-29T12:42:55","date_gmt":"2025-03-29T11:42:55","guid":{"rendered":"http:\/\/www.franciszek-walcz.pl\/?p=28376"},"modified":"2025-03-29T12:48:18","modified_gmt":"2025-03-29T11:48:18","slug":"4-niedziela-wielkiego-postu-zaproszenie-do-rekolekcji","status":"publish","type":"post","link":"http:\/\/www.franciszek-walcz.pl\/?p=28376","title":{"rendered":"4. Niedziela Wielkiego Postu &#8211; Zaproszenie do rekolekcji"},"content":{"rendered":"<p class=\"western\"><span style=\"font-family: Times New Roman, serif;\"><span style=\"font-size: large;\">Wielki Post to czas rekolekcji. Rekolekcje jest to pr\u00f3ba spojrzenia na siebie w \u015bwietle Bo\u017cym, pr\u00f3ba zobaczenia siebie takim, jakim widzi mnie B\u00f3g. Dlatego zaproszenie do rekolekcji budzi zazwyczaj nadziej\u0119, ale mo\u017ce te\u017c budzi\u0107 odruch ucieczki. Z nadziej\u0105 czekaj\u0105 na \u015bwi\u0119ty czas rekolekcji r\u00f3\u017cni ludzie, kt\u00f3rzy poczuli si\u0119 bliscy synowi marnotrawnemu. Jedni z nich ju\u017c nie mog\u0105 d\u0142u\u017cej znie\u015b\u0107 ci\u0119\u017caru grzech\u00f3w, jakim czuj\u0105 si\u0119 przyt\u0142oczeni; inni maj\u0105 do\u015b\u0107 tego \u017cycia ja\u0142owego, kt\u00f3re nieub\u0142aganie mija, a prowadzi do nik\u0105d \u2013 i t\u0119skni\u0105 za nowym \u017cy\u00adciem, za takim \u017cyciem, w kt\u00f3rym sam B\u00f3g stanie si\u0119 ca\u0142ym ich skarbem i \u017ar\u00f3d\u0142em sensu.<\/span><\/span><\/p>\n<p class=\"western\"><span style=\"font-family: Times New Roman, serif;\"><span style=\"font-size: large;\">Ale zaproszenie do rekolekcji, wezwanie do nawr\u00f3cenia, mo\u017ce w nas r\u00f3\u00adwnie\u017c budzi\u0107 odruch ucieczki. Cz\u0142owiekowi nieraz trudno przyzna\u0107 si\u0119 do swoich grzech\u00f3w, nawet przed sob\u0105 samym, nawet przed Panem Bogiem. Ju\u017c pierwszy grzesznik Adam usi\u0142owa\u0142 si\u0119 ukry\u0107 przed Panem Bogiem. O tej tendencji do ukrywania swoich grzech\u00f3w przed sob\u0105 i przed innymi m\u00f3wi Pan Jezus : \u201eA s\u0105d polega na tym, \u017ce \u015bwiat\u0142o przysz\u0142o na \u015bwiat, lecz ludzie bardziej umi\u0142owali ciemno\u015b\u0107 ani\u017celi \u015bwiat\u0142o, bo z\u0142e by\u0142y ich czyny. <\/span><\/span><\/p>\n<p class=\"western\"><span style=\"font-family: Times New Roman, serif;\"><span style=\"font-size: large;\">Spr\u00f3bujmy rozpozna\u0107 konkretnie t\u0119 ciemno\u015b\u0107, w kt\u00f3r\u0105 si\u0119 chronimy, aby ukry\u0107 swoje grzechy. Najbardziej banaln\u0105 jej form\u0105 jest przy\u0142\u0105czenie si\u0119 do kursuj\u0105cych opinii, \u017ce jakie\u015b z\u0142o grzechem nie jest, \u017ce ka\u017cdy wi\u00adnien si\u0119 troszczy\u0107 o swoj\u0105 korzy\u015b\u0107 i nie przejmowa\u0107 si\u0119 cudz\u0105 krzywd\u0105 , bo takie s\u0105 jakoby regu\u0142y \u017cycia. Czy nie s\u0142yszymy opinii, \u017ce przykazania mi\u0142o\u015bci bli\u017aniego nie da si\u0119 pogodzi\u0107 z twardymi wymogami \u017cycia , \u017ce przykazania nale\u017ca\u0142oby bardziej dostosowa\u0107 do dzisiejszej mentalno\u015bci? <\/span><\/span><\/p>\n<p class=\"western\"><span style=\"font-family: Times New Roman, serif;\"><span style=\"font-size: large;\">Inna forma ucieczki w ciemno\u015b\u0107, a\u017ceby ukry\u0107 w niej swoje grzechy. Mianowicie, lubimy niekiedy pot\u0119pia\u0107 z\u0142o w innych, a\u017ceby na tej drodze wzmocni\u0107 dobre mniemanie o samym sobie. A mo\u017ce to w\u0142a\u015bnie ja os\u0105dzam innych, a\u017ceby w ten spos\u00f3b ukry\u0107 si\u0119 ze swoimi w\u0142asnymi grzecha\u00admi? Je\u017celi tak jest, znaczy to, \u017ce bardziej mi\u0142uj\u0119 ciemno\u015b\u0107 ani\u017celi \u015bwiat\u0142o.<\/span><\/span><\/p>\n<p class=\"western\"><span style=\"font-family: Times New Roman, serif;\"><span style=\"font-size: large;\">Ciemno\u015bci\u0105 mo\u017ce by\u0107 r\u00f3wnie\u017c nasza pozorna sprawiedliwo\u015b\u0107. Wydaje ci si\u0119, \u017ce jeste\u015b cz\u0142owiekiem bez zarzutu, bo nie jeste\u015b z\u0142odziejem , zab\u00f3jc\u0105. . Mo\u017ce zwiedziony swoj\u0105 pozorn\u0105 sprawiedliwo\u015bci\u0105 zapomnia\u0142e\u015b ju\u017c nawet\u00a0o\u00a0tym, poco znalaz\u0142e\u015b si\u0119 na tej ziemi \u2013 \u017ce sam B\u00f3g jest twoim prze\u00adznaczeniem i \u017ce to On powinien sta\u0107 si\u0119 pierwszym skarbem twojego \u017cycia. <\/span><\/span><\/p>\n<p class=\"western\"><span style=\"font-family: Times New Roman, serif;\"><span style=\"font-size: large;\">Rekolekcje maj\u0105 w sobie co\u015b z b\u0142ogos\u0142awionego s\u0105du Bo\u017cego nad cz\u0142owiekiem. Wiemy, \u017ce s\u0105d Bo\u017cy b\u0119dzie polega\u0142 na tym, \u017ce si\u0119 w pe\u0142\u00adni ujawni nasze dobro i z\u0142o. S\u0105d Bo\u017cy b\u0119dzie pot\u0119\u017cnym wkroczeniem Boga w ludzkie wn\u0119trza. B\u00f3g ukr\u00f3ci w\u00f3wczas z\u0142o i przywr\u00f3ci dobru wszelkie nale\u017cne mu prawa. Dlatego s\u0105du Bo\u017cego si\u0119 boi\u00admy, a zarazem za nim t\u0119sknimy. L\u0119kamy si\u0119 s\u0105du Bo\u017cego, bo zdajemy sobie spraw\u0119 z tego, \u017ce z\u0142a cz\u0105stka mojego ja zostanie w\u00f3wczas zdemaskowa\u00adna. Ale jednocze\u015bnie t\u0119sknimy za s\u0105dem Bo\u017cym, bo dobra, Bo\u017ca cz\u0105stka mojego ja otrzyma w\u00f3wczas pe\u0142n\u0105 obron\u0119, uzyska ca\u0142\u0105 nale\u017cn\u0105 jej wolno\u015b\u0107.<\/span><\/span><\/p>\n<p class=\"western\"><span style=\"font-family: Times New Roman, serif;\"><span style=\"font-size: large;\">Ot\u00f3\u017c spr\u00f3bujmy prze\u017cy\u0107 nasze wielkopostne rekolekcje jako uprzedzenie s\u0105du Bo\u017ce\u00adgo na ziemi. Sp\u00f3jrzmy na siebie w \u015bwietle Chrystusa. Je\u015bli zauwa\u017camy w so\u00adbie rzeczy niedobre, podzi\u0119kujmy Bogu za \u0142ask\u0119 zobaczenia siebie w praw\u00addzie, bo lepiej zobaczy\u0107 sw\u00f3j grzech teraz, ni\u017c gdyby\u015bmy go mieli zobaczy\u0107 dopiero na s\u0105dzie ostatecznym. <\/span><\/span><\/p>\n<p class=\"western\"><span style=\"font-family: Times New Roman, serif;\"><span style=\"font-size: large;\">Je\u015bli otrzymamy od Chrystusa \u0142ask\u0119 zobaczenia grzechu, jakiego przedtem w sobie nie dostrzegali\u015b\u00admy, to \u0142aska ta uzdolni nas zarazem do pokonania tego grzechu. <\/span><\/span><\/p>\n<p class=\"western\"><span style=\"font-family: Times New Roman, serif;\"><span style=\"font-size: large;\">Zatem szukajmy tego zbawczego \u015bwiat\u0142a Chrystusa, kt\u00f3re jest niszcz\u0105ce dla naszego grzechu, a \u017cyciodajne dla cz\u0142owieka Bo\u017cego, jaki w nas miesz\u00adka. To \u015bwiat\u0142o zawiera si\u0119 w s\u0142owie Bo\u017cym, je\u015bli ws\u0142uchujemy si\u0119 w nie z wiar\u0105. To \u015bwiat\u0142o ogarnia cz\u0142owieka, kt\u00f3ry stara si\u0119 cierpliwie i w Duchu Bo\u017cym znosi\u0107 spotykaj\u0105ce go utrapienia. To \u015bwiat\u0142o zst\u0119puje na cz\u0142owieka na modlitwie, je\u015bli staram si\u0119 tak modli\u0107, a\u017ceby naprawd\u0119 zjednoczy\u0107 si\u0119 z Bogiem.<\/span><\/span><\/p>\n<p class=\"western\"><span style=\"font-family: Times New Roman, serif;\"><span style=\"font-size: large;\">Ale nie przypadkiem \u0142ask\u0119 dobrych rekolekcji najszczeg\u00f3lniej \u0142\u0105czymy z przyst\u0105pieniem do sakrament\u00f3w \u015bwi\u0119tych. Bo w sakramencie pokuty sam Chrystus zst\u0119puje do mojej duszy, a\u017ceby ujawni\u0107 m\u00f3j grzech i go zniszczy\u0107. Darem za\u015b komunii \u015bw. jest ju\u017c nie tylko zbawcza moc Chrystusa, ale On sam, kt\u00f3ry pragnie mnie i nas wszystkich uczyni\u0107 jedno z sob\u0105. <\/span><\/span><\/p>\n<p class=\"western\"><span style=\"font-family: Times New Roman, serif;\"><span style=\"font-size: large;\">Zatem zbli\u017cajmy si\u0119 z ufno\u015bci\u0105 do tego \u015awiat\u0142a, kt\u00f3remu na imi\u0119 Jezus Chrystus. Oby dzisiaj ka\u017cdy z nas przybli\u017cy\u0142 si\u0119 jako\u015b do Jezusa Chrystusa i odnalaz\u0142 w Nim swojego Zbawc\u0119. Amen \u2013 niech si\u0119 tak stanie.<\/span><\/span><\/p>\n","protected":false},"excerpt":{"rendered":"<p>Wielki Post to czas rekolekcji. Rekolekcje jest to pr\u00f3ba spojrzenia na siebie w \u015bwietle Bo\u017cym, pr\u00f3ba zobaczenia siebie takim, jakim widzi mnie B\u00f3g. Dlatego zaproszenie do rekolekcji budzi zazwyczaj nadziej\u0119, ale mo\u017ce te\u017c budzi\u0107 odruch ucieczki. Z nadziej\u0105 czekaj\u0105 na \u015bwi\u0119ty czas rekolekcji r\u00f3\u017cni ludzie, kt\u00f3rzy poczuli si\u0119 bliscy synowi marnotrawnemu. Jedni z nich ju\u017c nie mog\u0105 d\u0142u\u017cej znie\u015b\u0107 ci\u0119\u017caru grzech\u00f3w, jakim czuj\u0105 si\u0119 przyt\u0142oczeni; inni maj\u0105 do\u015b\u0107 tego \u017cycia ja\u0142owego, kt\u00f3re nieub\u0142aganie mija, a prowadzi do nik\u0105d \u2013 i t\u0119skni\u0105 za nowym \u017cy\u00adciem, za takim \u017cyciem, w kt\u00f3rym sam B\u00f3g stanie si\u0119 ca\u0142ym ich skarbem i \u017ar\u00f3d\u0142em sensu. Ale zaproszenie do rekolekcji, wezwanie do nawr\u00f3cenia, mo\u017ce w nas r\u00f3\u00adwnie\u017c budzi\u0107 odruch ucieczki. Cz\u0142owiekowi nieraz trudno przyzna\u0107 si\u0119 do swoich grzech\u00f3w, nawet przed sob\u0105 samym, nawet przed Panem Bogiem. Ju\u017c pierwszy grzesznik Adam usi\u0142owa\u0142 si\u0119 ukry\u0107 przed Panem Bogiem. O tej tendencji do ukrywania swoich grzech\u00f3w przed sob\u0105 i przed&hellip;<\/p>\n<p> <a class=\"more-link\" href=\"http:\/\/www.franciszek-walcz.pl\/?p=28376\">Czytaj dalej<\/a><\/p>\n","protected":false},"author":1,"featured_media":0,"comment_status":"closed","ping_status":"closed","sticky":false,"template":"","format":"standard","meta":{"footnotes":""},"categories":[5],"tags":[],"class_list":{"0":"post-28376","1":"post","2":"type-post","3":"status-publish","4":"format-standard","6":"category-artykuly"},"brizy_media":[],"_links":{"self":[{"href":"http:\/\/www.franciszek-walcz.pl\/index.php?rest_route=\/wp\/v2\/posts\/28376","targetHints":{"allow":["GET"]}}],"collection":[{"href":"http:\/\/www.franciszek-walcz.pl\/index.php?rest_route=\/wp\/v2\/posts"}],"about":[{"href":"http:\/\/www.franciszek-walcz.pl\/index.php?rest_route=\/wp\/v2\/types\/post"}],"author":[{"embeddable":true,"href":"http:\/\/www.franciszek-walcz.pl\/index.php?rest_route=\/wp\/v2\/users\/1"}],"replies":[{"embeddable":true,"href":"http:\/\/www.franciszek-walcz.pl\/index.php?rest_route=%2Fwp%2Fv2%2Fcomments&post=28376"}],"version-history":[{"count":1,"href":"http:\/\/www.franciszek-walcz.pl\/index.php?rest_route=\/wp\/v2\/posts\/28376\/revisions"}],"predecessor-version":[{"id":28377,"href":"http:\/\/www.franciszek-walcz.pl\/index.php?rest_route=\/wp\/v2\/posts\/28376\/revisions\/28377"}],"wp:attachment":[{"href":"http:\/\/www.franciszek-walcz.pl\/index.php?rest_route=%2Fwp%2Fv2%2Fmedia&parent=28376"}],"wp:term":[{"taxonomy":"category","embeddable":true,"href":"http:\/\/www.franciszek-walcz.pl\/index.php?rest_route=%2Fwp%2Fv2%2Fcategories&post=28376"},{"taxonomy":"post_tag","embeddable":true,"href":"http:\/\/www.franciszek-walcz.pl\/index.php?rest_route=%2Fwp%2Fv2%2Ftags&post=28376"}],"curies":[{"name":"wp","href":"https:\/\/api.w.org\/{rel}","templated":true}]}}