{"id":28558,"date":"2025-04-26T12:01:40","date_gmt":"2025-04-26T10:01:40","guid":{"rendered":"http:\/\/www.franciszek-walcz.pl\/?p=28558"},"modified":"2025-04-26T12:02:36","modified_gmt":"2025-04-26T10:02:36","slug":"slowo-przewodniczacego-komisji-charytatywnej","status":"publish","type":"post","link":"http:\/\/www.franciszek-walcz.pl\/?p=28558","title":{"rendered":"S\u0142owo Przewodnicz\u0105cego Komisji Charytatywnej"},"content":{"rendered":"<p class=\"western\" align=\"center\"><span style=\"font-size: medium;\"><b>S\u0142owo Przewodnicz\u0105cego Komisji Charytatywnej <\/b><\/span><\/p>\n<p class=\"western\" align=\"center\"><span style=\"font-size: medium;\"><b>Konferencji Episkopatu Polski na Niedziel\u0119 Mi\u0142osierdzia (27 kwietnia 2025)<\/b><\/span><\/p>\n<p class=\"western\" align=\"center\"><span style=\"color: #ff9900;\">\u201e<span style=\"font-size: medium;\"><i><b>Oby \u015bwiat\u0142o chrze\u015bcija\u0144skiej nadziei dotar\u0142o do ka\u017cdego cz\u0142owieka,<\/b><\/i><\/span><\/span><\/p>\n<p class=\"western\" align=\"center\"><span style=\"color: #ff9900;\"> <span style=\"font-size: medium;\"><b>jako or\u0119dzie Bo\u017cej mi\u0142o\u015bci skierowane do wszystkich!\u201d <\/b><\/span><span style=\"font-size: medium;\">(papie\u017c Franciszek)<\/span><\/span><\/p>\n<p class=\"western\"><i>Siostry i Bracia w Chrystusie, Pielgrzymi nadziei!<\/i><i> <\/i><\/p>\n<p class=\"western\" align=\"justify\"><a name=\"_GoBack\"><\/a> Przywo\u0142ane na wst\u0119pie s\u0142owa papie\u017ca Franciszka z bulli <i>\u201eSpes non confundit\u201d<\/i> (<i>\u201enadzieja zawie\u015b\u0107 nie mo\u017ce\u201d<\/i>), og\u0142aszaj\u0105cej Rok Jubileuszowy 2025, w wielkim skr\u00f3cie uwypuklaj\u0105 tre\u015b\u0107 \u015awi\u0119ta Mi\u0142osierdzia Bo\u017cego, kt\u00f3re dzisiaj obchodzimy. A jest to te\u017c \u015bwi\u0119to Caritas, kt\u00f3re rozpoczyna Tydzie\u0144 Mi\u0142osierdzia \u2013 czas szczeg\u00f3lnej refleksji nad nakazem Jezusa: \u201e<i>B\u0105d\u017acie mi\u0142osierni, jak Ojciec wasz jest mi\u0142osierny<\/i>\u201d (\u0141k 6,36). Mi\u0142osierdzie to mi\u0142o\u015b\u0107 pochylaj\u0105ca si\u0119 nad tym, kto potrzebuje pomocy. Ca\u0142e nasze \u017cycie jest wo\u0142aniem o zbawienie, czyli o t\u0119 pomoc, kt\u00f3r\u0105 daje tylko B\u00f3g. Dlatego wszyscy potrzebujemy Bo\u017cego mi\u0142osierdzia, a do\u015bwiadczaj\u0105c go jeste\u015bmy zaproszeni, aby\u015bmy i my byli mi\u0142osierni.<\/p>\n<p class=\"western\" align=\"justify\">A wi\u0119c Bo\u017ce mi\u0142osierdzie to dar i zadanie. Tym darem Bo\u017cego mi\u0142osierdzia jest zbawienie, czyli odkupienie naszych win i \u017cycie wieczne, \u017cycie w obfito\u015bci, kt\u00f3re ukaza\u0142o si\u0119 w zmartwychwsta\u0142ym Panu, przynosz\u0105cym pok\u00f3j. W swoim zmartwychwstaniu Jezus objawia to \u017cycie, za kt\u00f3rym t\u0119skni serce ka\u017cdego cz\u0142owieka, bo ka\u017cde serce pragnie by\u0107 szcz\u0119\u015bliwe. Dlatego \u201e<i>uradowali si\u0119 uczniowie, ujrzawszy Pana<\/i>\u201d (J 20, 20). A zatem, jak ukazuje dzisiejsza Ewangelia, tym co sk\u0142ada si\u0119 na dar Bo\u017cego mi\u0142osierdzia, jest: nowe \u017cycie, rado\u015b\u0107, pok\u00f3j, wiara, mo\u017cliwo\u015b\u0107 zyskania odpuszczenia grzech\u00f3w. W tym ods\u0142ania si\u0119 \u201e<i>\u015bwiat\u0142o chrze\u015bcija\u0144skiej nadziei<\/i>\u201d, adresowane do wszystkich ludzi, \u201e<i>jako or\u0119dzie Bo\u017cej mi\u0142o\u015bci\u201d<\/i>.<\/p>\n<p class=\"western\" align=\"justify\">Ale ten dar Bo\u017cego mi\u0142osierdzia jest tak\u017ce naszym zadaniem. Jezus wo\u0142a: \u201e<i>B\u0105d\u017acie mi\u0142osierni<\/i>\u201d. By\u0107 mi\u0142osiernym, to najpierw dawa\u0107 \u015bwiadectwo o otrzymanym darze Bo\u017cego mi\u0142osierdzia. \u201e<i>Niech wyznawcy Pana g\u0142osz\u0105: Jego \u0142aska na wieki<\/i>\u201d \u2013 tak do tego \u015bwiadectwa zaprasza nas dzisiaj Psalmista. By\u0107 mi\u0142osiernym, to tak\u017ce przebacza\u0107 swoim winowajcom, zgodnie ze wskazaniem \u015bw. Paw\u0142a: \u201e<i>Jak Pan przebaczy\u0142 wam, tak i wy<\/i>\u201d (Kol 3,13).<\/p>\n<p class=\"western\" align=\"justify\">I wreszcie, by\u0107 mi\u0142osiernym, to &#8211; w my\u015bl tego, co przed chwil\u0105 us\u0142yszeli\u015bmy w czytaniu z Dziej\u00f3w Apostolskich &#8211; troszczy\u0107 si\u0119 o tak\u0105 wiar\u0119, by przez nasze r\u0119ce B\u00f3g m\u00f3g\u0142 czyni\u0107 znaki i cuda. Aby\u015bmy te\u017c na wz\u00f3r tych, kt\u00f3rzy jako pierwsi przyjmowali wiar\u0119 w Pana, przynosili do Niego \u201e<i>chorych i dr\u0119czonych przez duchy nieczyste\u201d<\/i>. A tych w\u0142a\u015bnie si\u00f3str i braci jest dzisiaj wok\u00f3\u0142 nas wi\u0119cej ni\u017c tych, kt\u00f3rzy potrzebuj\u0105 chleba czy innych \u015brodk\u00f3w do \u017cycia. Trzeba zrobi\u0107 wszystko, aby przynie\u015b\u0107 ich do Jezusa, a przynajmniej modli\u0107 si\u0119 za nich, aby nikt nie zgin\u0105\u0142, lecz aby ka\u017cdy mia\u0142 \u017cycie wieczne.<\/p>\n<p class=\"western\" align=\"justify\">Te zadania wynikaj\u0105ce z otrzymanego daru Bo\u017cego mi\u0142osierdzia, w spos\u00f3b szczeg\u00f3lny podejmuje Caritas, najwi\u0119ksza w naszej Ojczy\u017anie organizacja charytatywna prowadzona przez Ko\u015bci\u00f3\u0142 katolicki ju\u017c ponad 35 lat. Swoj\u0105 cich\u0105, codzienn\u0105 s\u0142u\u017cb\u0105, 19 tysi\u0119cy pracownik\u00f3w i ponad 70 tysi\u0119cy wolontariuszy z ogromnym oddaniem nios\u0105 pomoc bezdomnym, chorym, samotnym, starszym, migrantom i uchod\u017acom oraz wszystkim tym, kt\u00f3rym zabrak\u0142o si\u0142, by d\u017awiga\u0107 ci\u0119\u017car \u017cyciowych trudno\u015bci.<\/p>\n<p class=\"western\" align=\"justify\">Ponad milion os\u00f3b otaczanych jest regularn\u0105 opiek\u0105 przez 45 Caritas diecezjalnych prowadz\u0105cych 1600 plac\u00f3wek, w\u015br\u00f3d kt\u00f3rych s\u0105 m.in. \u015bwietlice, Domy Samotnej Matki wraz z Oknami \u017bycia, jad\u0142odajnie, schroniska, noclegownie, o\u015brodki rehabilitacyjne, warsztaty terapii zaj\u0119ciowej dla os\u00f3b z niepe\u0142nosprawno\u015bciami, \u015bwietlice socjoterapeutyczne i wychowawcze dla dzieci i m\u0142odzie\u017cy, Zak\u0142ady Opieku\u0144czo-Lecznicze, rodzinne domy dziecka &#8211; tzw. Plac\u00f3wki Pieczy Zast\u0119pczej, Domy Pomocy Spo\u0142ecznej, hospicja i in. Tylko w ramach \u017cywno\u015bciowych program\u00f3w pomocy Caritas w Polsce przekazuje ponad 11 tysi\u0119cy ton \u017cywno\u015bci rocznie, wspieraj\u0105c ok. 300 tysi\u0119cy os\u00f3b, nie licz\u0105c tej pomocy \u017cywno\u015bciowej, kt\u00f3ra organizowana jest niemal we wszystkich diecezjach w ramach projektu Spi\u017carnia Caritas (Celem tego projektu jest te\u017c zapobieganie marnowaniu \u017cywno\u015bci).<\/p>\n<p class=\"western\" align=\"justify\">A jak tu nie wspomnie\u0107 darczy\u0144c\u00f3w, kt\u00f3rych jest tak wielu, a kt\u00f3rzy swoim wra\u017cliwym i hojnym sercem zawsze \u015bpiesz\u0105 z ofiarn\u0105 pomoc\u0105 tam, gdzie pojawia si\u0119 jaki\u015b dramat, jaka\u015b trudna sytuacja, jaka\u015b nag\u0142a potrzeba. Tak np. na rzecz pomocy poszkodowanym wskutek ubieg\u0142orocznej powodzi, jaka nawiedzi\u0142a po\u0142udniowo-zachodni\u0105 cze\u015b\u0107 naszego Kraju, podczas zbi\u00f3rki przeprowadzonej w ko\u015bcio\u0142ach 22 wrze\u015bnia 2024 r. uda\u0142o si\u0119 zgromadzi\u0107 prawie 53 mln z\u0142. \u015arodki te trafi\u0142y do 8 tysi\u0119cy gospodarstw domowych, w szczeg\u00f3lno\u015bci do os\u00f3b starszych, samotnych, os\u00f3b z niepe\u0142nosprawno\u015bciami oraz rodzin wielodzietnych.<\/p>\n<p class=\"western\" align=\"justify\">R\u00f3wnie\u017c tak wielu darczy\u0144c\u00f3w ofiarnie uczestniczy w Wigilijnym Dziele Pomocy Dzieciom. To dzie\u0142o wspiera dzieci z rodzin w trudnej sytuacji materialnej lub \u017cyciowej. Obejmuje m.in. organizacj\u0119 letniego wypoczynku, wsparcie edukacyjne i rozwojowe oraz codzienn\u0105 opiek\u0119 w plac\u00f3wkach \u015bwietlicowych, do kt\u00f3rych przychodz\u0105 m.in. dzieci z rodzin, w kt\u00f3rych brakuje sprzyjaj\u0105cych warunk\u00f3w do rozwoju. Cz\u0119\u015b\u0107 \u015brodk\u00f3w z tego dzie\u0142a przeznaczana jest te\u017c na pomoc dzieciom \u017cyj\u0105cym w najubo\u017cszych regionach \u015bwiata.<\/p>\n<p class=\"western\" align=\"justify\">Caritas Polska, zgodnie ze swoj\u0105 misj\u0105, organizuje te\u017c pomoc w kilkudziesi\u0119ciu krajach \u015bwiata, reaguj\u0105c nie tylko na nag\u0142e kryzysy humanitarne, ale te\u017c realizuje d\u0142ugofalowe wsparcie, m.in. w zakresie pomocy \u017cywno\u015bciowej, zdrowotnej, edukacyjnej. Szczeg\u00f3lnie t\u0105 pomoc\u0105 obj\u0119te s\u0105 osoby mieszkaj\u0105ce w krajach, gdzie tocz\u0105 si\u0119 konflikty zbrojne oraz osoby, kt\u00f3re z powodu g\u0142odu i braku bezpiecze\u0144stwa s\u0105 zmuszone opuszcza\u0107 swoje domy. Takie programy realizujemy dla Wenezuelczyk\u00f3w w Kolumbii, w Etiopii, w Burkina Faso, w Syrii i Jemenie.<\/p>\n<p class=\"western\" align=\"justify\">Jak\u017ce wa\u017cn\u0105 i skuteczn\u0105 rol\u0119 spe\u0142nia w obarczonych wojn\u0105 krajach Bliskiego Wschodu, prowadzony od lat przez Caritas program Rodzina Rodzinie. Tylko w ubieg\u0142ym roku z pomocy w ramach tego programu skorzysta\u0142o 6800 rodzin. Dzi\u0119ki niej wiele os\u00f3b otworzy\u0142o rodzinne firmy, daj\u0105ce utrzymanie rodzinie i pozwalaj\u0105ce porzuci\u0107 dramatyczn\u0105 decyzj\u0119 o emigracji. Caritas Polska prowadzi te\u017c na Ukrainie cztery Centra Pomocy Rodzinom, z kt\u00f3rych korzystaj\u0105 setki rodzin cierpi\u0105cych wskutek trwaj\u0105cej wojny.<\/p>\n<p class=\"western\" align=\"justify\">To tylko niekt\u00f3re dzia\u0142ania jakie podejmuje Caritas. Dzisiejsze \u015awi\u0119to jest okazj\u0105, aby podzi\u0119kowa\u0107 wszystkim wolontariuszom \u2013 zrzeszonym w Centrach Wolontariatu, a tak\u017ce dzia\u0142aj\u0105cych w Parafialnych Zespo\u0142ach Caritas i Szkolnych Ko\u0142ach Caritas. Dzi\u0119kuj\u0119 kap\u0142anom, zw\u0142aszcza ksi\u0119\u017com proboszczom, siostrom zakonnym, nauczycielom religii, animatorom grup duszpasterskich za aktywny udzia\u0142 we wszelkich akcjach charytatywnych, za trud ich organizowania, za pi\u0119kn\u0105 s\u0142u\u017cb\u0119 na rzecz naszych si\u00f3str i braci potrzebuj\u0105cych pomocy. W imieniu obdarowanych dzi\u0119kuj\u0119 wszystkim darczy\u0144com za ogromn\u0105 \u017cyczliwo\u015b\u0107 i ofiarno\u015b\u0107. Dzi\u0119kuj\u0119 tak\u017ce za z\u0142o\u017cone dzisiaj ofiary na dzie\u0142a Caritas. To wielka rado\u015b\u0107 i nadzieja, \u017ce jest tak wiele mi\u0142osiernych serc i r\u0105k, przez kt\u00f3re B\u00f3g mo\u017ce czyni\u0107 tak wiele znak\u00f3w i cud\u00f3w swojej mi\u0142o\u015bci. Ju\u017c dzisiaj zapraszam ca\u0142\u0105 wsp\u00f3lnot\u0119 Caritas, wszystkich aposto\u0142\u00f3w mi\u0142osierdzia, na pielgrzymk\u0119 do \u015awi\u0105tyni Opatrzno\u015bci Bo\u017cej w Warszawie, 20 wrze\u015bnia tego roku. Niech Pan B\u00f3g wszystkim b\u0142ogos\u0142awi! A Maryja, Matka Mi\u0142osierdzia, niech wyprasza nam rado\u015b\u0107!<\/p>\n<p class=\"western\" align=\"center\"><i>Bp Wies\u0142aw Szlachetka<\/i><\/p>\n<p class=\"western\" align=\"center\">Przewodnicz\u0105cy Komisji Charytatywnej<\/p>\n<p class=\"western\" align=\"center\">Konferencji Episkopatu Polski<\/p>\n","protected":false},"excerpt":{"rendered":"<p>S\u0142owo Przewodnicz\u0105cego Komisji Charytatywnej Konferencji Episkopatu Polski na Niedziel\u0119 Mi\u0142osierdzia (27 kwietnia 2025) \u201eOby \u015bwiat\u0142o chrze\u015bcija\u0144skiej nadziei dotar\u0142o do ka\u017cdego cz\u0142owieka, jako or\u0119dzie Bo\u017cej mi\u0142o\u015bci skierowane do wszystkich!\u201d (papie\u017c Franciszek) Siostry i Bracia w Chrystusie, Pielgrzymi nadziei! Przywo\u0142ane na wst\u0119pie s\u0142owa papie\u017ca Franciszka z bulli \u201eSpes non confundit\u201d (\u201enadzieja zawie\u015b\u0107 nie mo\u017ce\u201d), og\u0142aszaj\u0105cej Rok Jubileuszowy 2025, w wielkim skr\u00f3cie uwypuklaj\u0105 tre\u015b\u0107 \u015awi\u0119ta Mi\u0142osierdzia Bo\u017cego, kt\u00f3re dzisiaj obchodzimy. A jest to te\u017c \u015bwi\u0119to Caritas, kt\u00f3re rozpoczyna Tydzie\u0144 Mi\u0142osierdzia \u2013 czas szczeg\u00f3lnej refleksji nad nakazem Jezusa: \u201eB\u0105d\u017acie mi\u0142osierni, jak Ojciec wasz jest mi\u0142osierny\u201d (\u0141k 6,36). Mi\u0142osierdzie to mi\u0142o\u015b\u0107 pochylaj\u0105ca si\u0119 nad tym, kto potrzebuje pomocy. Ca\u0142e nasze \u017cycie jest wo\u0142aniem o zbawienie, czyli o t\u0119 pomoc, kt\u00f3r\u0105 daje tylko B\u00f3g. Dlatego wszyscy potrzebujemy Bo\u017cego mi\u0142osierdzia, a do\u015bwiadczaj\u0105c go jeste\u015bmy zaproszeni, aby\u015bmy i my byli mi\u0142osierni. A wi\u0119c Bo\u017ce mi\u0142osierdzie to dar i zadanie. Tym darem Bo\u017cego mi\u0142osierdzia jest zbawienie, czyli odkupienie naszych&hellip;<\/p>\n<p> <a class=\"more-link\" href=\"http:\/\/www.franciszek-walcz.pl\/?p=28558\">Czytaj dalej<\/a><\/p>\n","protected":false},"author":1,"featured_media":0,"comment_status":"closed","ping_status":"closed","sticky":false,"template":"","format":"standard","meta":{"footnotes":""},"categories":[5],"tags":[],"class_list":{"0":"post-28558","1":"post","2":"type-post","3":"status-publish","4":"format-standard","6":"category-artykuly"},"brizy_media":[],"_links":{"self":[{"href":"http:\/\/www.franciszek-walcz.pl\/index.php?rest_route=\/wp\/v2\/posts\/28558","targetHints":{"allow":["GET"]}}],"collection":[{"href":"http:\/\/www.franciszek-walcz.pl\/index.php?rest_route=\/wp\/v2\/posts"}],"about":[{"href":"http:\/\/www.franciszek-walcz.pl\/index.php?rest_route=\/wp\/v2\/types\/post"}],"author":[{"embeddable":true,"href":"http:\/\/www.franciszek-walcz.pl\/index.php?rest_route=\/wp\/v2\/users\/1"}],"replies":[{"embeddable":true,"href":"http:\/\/www.franciszek-walcz.pl\/index.php?rest_route=%2Fwp%2Fv2%2Fcomments&post=28558"}],"version-history":[{"count":2,"href":"http:\/\/www.franciszek-walcz.pl\/index.php?rest_route=\/wp\/v2\/posts\/28558\/revisions"}],"predecessor-version":[{"id":28560,"href":"http:\/\/www.franciszek-walcz.pl\/index.php?rest_route=\/wp\/v2\/posts\/28558\/revisions\/28560"}],"wp:attachment":[{"href":"http:\/\/www.franciszek-walcz.pl\/index.php?rest_route=%2Fwp%2Fv2%2Fmedia&parent=28558"}],"wp:term":[{"taxonomy":"category","embeddable":true,"href":"http:\/\/www.franciszek-walcz.pl\/index.php?rest_route=%2Fwp%2Fv2%2Fcategories&post=28558"},{"taxonomy":"post_tag","embeddable":true,"href":"http:\/\/www.franciszek-walcz.pl\/index.php?rest_route=%2Fwp%2Fv2%2Ftags&post=28558"}],"curies":[{"name":"wp","href":"https:\/\/api.w.org\/{rel}","templated":true}]}}