{"id":28574,"date":"2025-05-03T10:03:22","date_gmt":"2025-05-03T08:03:22","guid":{"rendered":"http:\/\/www.franciszek-walcz.pl\/?p=28574"},"modified":"2025-05-03T10:03:22","modified_gmt":"2025-05-03T08:03:22","slug":"krolowa-polski","status":"publish","type":"post","link":"http:\/\/www.franciszek-walcz.pl\/?p=28574","title":{"rendered":"Kr\u00f3lowa Polski"},"content":{"rendered":"<p>Dzi\u015b 3 maja &#8211; \u015bwi\u0119to Naj\u015bwi\u0119tszej Maryi Panny Kr\u00f3lowej Polski oraz rocznica uchwalenia Konstytucji z 1791 r. Dzi\u015b dzi\u0119kujemy Maryi za Jej opiek\u0119 nad naszym narodem . Nar\u00f3d Polski wielokrotnie do\u015bwiadczy\u0142 Jej or\u0119downictwa. Maryja od samych pocz\u0105tk\u00f3w naszej pa\u0144stwowo\u015bci by\u0142a czczona, jako kr\u00f3lowa polskich serc i polskiej ziemi. Pierwsza polska metropolia utworzona w roku 1000 ze stolic\u0105 w Gnie\u017anie mia\u0142a za patronk\u0119 Matk\u0119 Bo\u017c\u0105. W\u0142adys\u0142aw Herman, uleczony cudownie przez Matk\u0119 Bo\u017c\u0105, ku Jej czci wystawi\u0142 \u015bwi\u0105tyni\u0119 w Krakowie. Kr\u00f3l W\u0142adys\u0142aw Jagie\u0142\u0142o j\u0105 doko\u0144czy\u0142. Kr\u00f3l Zygmunt I Stary przy katedrze krakowskiej ufundowa\u0142 kaplic\u0119 ku czci Naj\u015bwi\u0119tszej Maryi Panny. Boles\u0142aw Wstydliwy wprowadzi\u0142 zwyczaj odprawiania Rorat w Adwencie. W muzeach mo\u017cna zobaczy\u0107 r\u00f3\u017caniec kr\u00f3la Jana III Sobieskiego, Stefana Batorego. Kr\u00f3l Micha\u0142 Korybut Wi\u015bniowiecki w testamencie napisa\u0142: \u201eNaj\u015bwi\u0119tszej Maryi Pannie, Patronce mojej od pierwszego dzieci\u0144stwa, sk\u0142adam najwi\u0119ksze dzi\u0119ki, \u017ce mi by\u0142a przez ca\u0142e \u017cycie pomoc\u0105, ratunkiem i obron\u0105\u201d.. Marsza\u0142ek polski, J\u00f3zef Pi\u0142sudski, mia\u0142 nad swoim \u0142\u00f3\u017ckiem wizerunek Matki Bo\u017cej.<\/p>\n<p>Za w\u0142adcami sz\u0142o polskie rycerstwo. Pod Grunwaldem rycerze szli w b\u00f3j z pie\u015bni\u0105 Bogurodzica. \u2026\u201d. Na zbrojach polskiej husarii umieszczano ryngrafy Matki Bo\u017cej.<\/p>\n<p>W katedrze lwowskiej by\u0142o srebrne votum \u2013 popiersie hetmana Jana Sobieskiego i opis jego cudownego uzdrowienia. Tadeusz Ko\u015bciuszko po\u015bwi\u0119ci\u0142 swoj\u0105 szabl\u0119 w ko\u015bciele Matki Bo\u017cej Loreta\u0144skiej w Krakowie.<\/p>\n<p>Wizerunkami i figurami Matki Bo\u017cej zdobiono kamienice, place i drogi. Figury i obrazy Matki Bo\u017cej ustawiano na murach obronnych, jak to jeszcze dzisiaj mo\u017cna ogl\u0105da\u0107 w Krakowskim Barbakanie. Pod figur\u0105 Matki Bo\u017cej Niepokalanej, kt\u00f3ra sta\u0142a we Lwowie nad Bram\u0105 Krakowsk\u0105, by\u0142 napis: \u201ePod Jej opiek\u0105 bezpieczny\u201d.<\/p>\n<p><a name=\"_GoBack\"><\/a>W ka\u017cdym domu by\u0142y Jej obrazy. Na drogach i rozstajach stawiano ku jej czci figury i kapliczki. A gdy trzeba by\u0142o opu\u015bci\u0107 ojczyste strony to zabierano ze sob\u0105 grudk\u0119 ojczystej ziemi i obrazek Matki Bo\u017cej.<\/p>\n<p>Zmar\u0142ym bardzo cz\u0119sto wk\u0142adano i wk\u0142ada si\u0119 r\u00f3\u017caniec i obrazek Matki Bo\u017cej. A pie\u015bni maryjnych mamy tyle, jak \u017caden nar\u00f3d na \u015bwiecie. W naszej literaturze, malarstwie mamy wiele dzie\u0142, wielbi\u0105cych Maryj\u0119. \u2026<\/p>\n<p>Po cudownej obronie Jasnej G\u00f3ry przed Szwedami, 1 kwietnia 1656 roku w katedrze lwowskiej przed cudownym obrazem Matki Bo\u017cej \u0141askawej, w czasie mszy \u015bw. kr\u00f3l Jan Kazimierz zszed\u0142 z tronu, z\u0142o\u017cy\u0142 ber\u0142o i koron\u0119, pad\u0142 na kolana przed wielkim o\u0142tarzem i z\u0142o\u017cy\u0142 \u015blubowanie, kt\u00f3re zaczynaj\u0105 si\u0119 od s\u0142\u00f3w: \u201eWielka Boga-Cz\u0142owieka Matko, Naj\u015bwi\u0119tsza Dziewico\u201d. Og\u0142osi\u0142 wtedy Matk\u0119 Bo\u017c\u0105 szczeg\u00f3ln\u0105 Patronk\u0105 Kr\u00f3lestwa Polskiego. Przyrzek\u0142 szerzy\u0107 Jej cze\u015b\u0107, \u015blubowa\u0142 wystara\u0107 si\u0119 u Stolicy Apostolskiej pozwolenie na obchodzenie Jej \u015bwi\u0119ta, jako Kr\u00f3lowej Korony Polskiej.<\/p>\n<p>To wydarzenie \u0142\u0105czy si\u0119 z uchwaleniem Konstytucji , kt\u00f3rej kolejn\u0105 rocznic\u0119 uchwalenia dzi\u015b \u015bwi\u0119tujemy. Potrzeba nam na to historyczne wydarzenie spojrze\u0107 oczami wiary\u00a0Nie mo\u017cna Konstytucji oderwa\u0107 od kontekstu historycznego. Tym kontekstem historycznym s\u0105 w\u0142a\u015bnie \u015bluby Jana Kazimierza. W\u0142a\u015bnie w Konstytucji 3. Maja widzimy kontynuacj\u0119, a w\u0142a\u015bciwie wype\u0142nienie tamtego \u015blubowania, bo dopiero w niej mowa jest o prawdziwej opiece nad ludem i panowaniu sprawiedliwo\u015bci.<\/p>\n<p>Na pro\u015bb\u0119 Polskich Biskup\u00f3w w 1920 roku, wydarzenia \u015blub\u00f3w Jana Kazimierza i uchwalenie Konstytucji 3. Maja papie\u017c po\u0142\u0105czy\u0142 w jedn\u0105 uroczysto\u015b\u0107, obchodzon\u0105 w dniu 3. maja jako Uroczysto\u015b\u0107 Kr\u00f3lowej Polski.<\/p>\n<p>I nie sta\u0142o si\u0119 to przypadkiem, bo polscy bohaterowie wszystkich wiek\u00f3w, od pradawnych rycerzy do \u017bo\u0142nierzy Wykl\u0119tych-Niez\u0142omnych na swojej piersi umieszczali ryngrafy z Jej wizerunkiem.<\/p>\n<p>Oni doskonale rozumieli, \u017ce wzi\u0105\u0107 Maryj\u0119 za Matk\u0119, to do\u015bwiadczy\u0107 cudu, kt\u00f3ry b\u0119dzie trwa\u0142. Do\u015bwiadczy\u0107 nie rozpaczy, nienawi\u015bci, przyt\u0142oczenia prawd\u0105 o sobie, ale cudu prostowania pokrzywionych relacji ludzkich oraz wzrostu mi\u0142o\u015bci, akceptacji i pog\u0142\u0119bienia tych mi\u0119dzyludzkich relacji.<\/p>\n<p>Dlaczego te , karty konstytucji , 11. stron czerpanego papieru, zapisanego kaligraficznym pismem za pomoc\u0105 brunatnego atramentu, powszechnie w tym czasie stosowanego, jest dla nas tak wa\u017cnych?<\/p>\n<p>Konstytucja 3. Maja mia\u0142a by\u0107 lekarstwem na trawi\u0105ce w\u00f3wczas Polsk\u0119 choroby, ale tak naprawd\u0119 sta\u0142a si\u0119 Jej testamentem. Testamentem Narodu na temat wolno\u015bci i sprawiedliwo\u015bci, \u017ar\u00f3d\u0142em nadziei na nast\u0119pne pokolenia czasu zniewolenia i wolno\u015bci.<\/p>\n<p>Kiedy spojrzymy na to, kto by\u0142 w stanie takiego wielkiego aktu dokona\u0107, to zobaczymy \u017ce nie skorumpowane elity, b\u0119d\u0105ce na us\u0142ugach wrog\u00f3w Polski, ale ludzie m\u0142odzi \u2013 \u201enowych ludzi plemi\u0119\u201d, u\u017cywaj\u0105c j\u0119zyka S\u0142ugi Bo\u017cego ks. kard. Stefana Wyszy\u0144skiego<\/p>\n<p>Co to by\u0142o za nowe pokolenie? Wi\u0119kszo\u015b\u0107 pos\u0142\u00f3w Sejmu Czteroletniego to wychowankowie ks. Stanis\u0142awa Konarskiego i Jego \u201eColegium Nobilium\u201d. To tam wykuwa\u0142o si\u0119 \u201enowych ludzi plemi\u0119\u201d, gdzie wychowywano ich na dobrych ludzi i uczciwych obywateli, kt\u00f3ry potrafi\u0105 dobro wsp\u00f3lne, dobro Ojczyzny, przed\u0142o\u017cy\u0107 nad dobro w\u0142asne i swe prywatne interesy.<\/p>\n<p>To ludzie, kt\u00f3rzy potrafili dzia\u0142a\u0107 dla dobra wsp\u00f3lnego, a nie dla r\u00f3\u017cnych partyjek , stronnictw czy mocarstw. To ludzie, kt\u00f3rzy zobaczyli, \u017ce jedyny ratunek dla Polski, to pogodzenie si\u0119 zwa\u015bnionych stronnictw i rod\u00f3w, pozbycie si\u0119 swoich wybuja\u0142ych ambicji czy zadawnionych uraz\u00f3w, to wsp\u00f3lna codzienna i wytrwa\u0142a praca dla dobra Ojczyzny z po\u017cytkiem dla Jej obywateli.<\/p>\n<p>Sk\u0105d w nich by\u0142\u0105 ta moc, pomimo niesprzyjaj\u0105cych okoliczno\u015bci? To byli ludzi nadziei, bo cho\u0107 nie zapobiegli tragedii, to jednak rzucili ziarno w gleb\u0119 polskich serc.<\/p>\n<p>I jaki by\u0142 tego efekt? Nasi s\u0105siedzi przestraszyli si\u0119, \u017ce polskie reformy mogli si\u0119 uda\u0107 i uznali, \u017ce bezpieczniej b\u0119dzie Polsk\u0119 wymaza\u0107 z mapy Europy. Najbezpieczniej b\u0119dzie zabra\u0107 Jej ziemie, by Polska przesta\u0142a istnie\u0107. A najlepiej uczyni\u0107 to r\u0119kami Polak\u00f3w, obalaj\u0105c Konstytucje 3. Maja dzia\u0142aniami Targowicy i jej poplecznik\u00f3w.Czy jednak to osi\u0105gn\u0119li?<\/p>\n<p>Nie, bo pami\u0119\u0107 przetrwa\u0142a w sercach Polak\u00f3w i nios\u0142a Nar\u00f3d w czasie niewoli.<\/p>\n<p>Jak bardzo niebezpieczna by\u0142a w tym czasie niewoli Konstytucja 3. Maja niech \u015bwiadczy fakt, \u017ce obchodzenie tej uroczysto\u015bci bardzo mocno t\u0119piono, by tylko zabi\u0107 pami\u0119\u0107. Wtedy za niebezpieczne dla wrog\u00f3w Ojczyzny uwa\u017cane by\u0142o szeptanie tej prawdy z ust do ust wraz ze s\u0142owami pie\u015bni: \u201ePrzed Twe o\u0142tarze, zanosim b\u0142aganie, Ojczyzn\u0119 wol\u0105, racz nam wr\u00f3ci\u0107 Panie\u201d\u00a0.<\/p>\n<p>Poza kr\u00f3tkimi latami mi\u0119dzywojennymi jako \u015bwi\u0119to pa\u0144stwowe powr\u00f3ci\u0142a ta uroczysto\u015b\u0107 dopiero w 1990, by Polacy mogli godnie obchodzi\u0107 w 1991 roku 200. rocznic\u0119 uchwalenia Konstytucji 3. Maja. I zn\u00f3w powr\u00f3ci\u0142a ta pie\u015b\u0144, ale ju\u017c ze zmienionymi s\u0142owami: \u201ePrzed Twe o\u0142tarze, zanosim b\u0142aganie, Ojczyzn\u0119 wol\u0105, pob\u0142ogos\u0142aw Panie\u201d\u00a0.<\/p>\n<p>To uroczyste \u015bwi\u0119towanie rocznicy Konstytucji 3., to znak zaufania do warto\u015bci, jakie leg\u0142y u Jej podstaw &#8211;kszta\u0142towania dobrego cz\u0142owieka i uczciwego obywatela, cz\u0142owieka gotowego do po\u015bwi\u0119ce\u0144 dla dobra wsp\u00f3lnego. Dlaczego \u015bwi\u0119tujemy wydarzenia sprzed tylu laty , zamiast zaj\u0105\u0107 si\u0119 tym co dotyczy nas dzi\u015b? Dlaczego wspominamy Konstytucj\u0119 3. Maja, kt\u00f3ra w ludzkim rozumieniu tak naprawd\u0119 ponios\u0142a kl\u0119sk\u0119?<\/p>\n<p>Odpowiedzi udziela nam Prymas Tysi\u0105clecia, kt\u00f3ry m\u00f3wi\u0142 tak :<\/p>\n<p>Nar\u00f3d, musi si\u0119 wspiera\u0107 na b\u0142ogos\u0142awionych do\u015bwiadczeniach dziejowych, czerpi\u0105c z nich m\u0105dro\u015b\u0107, si\u0142\u0119 i program na przysz\u0142o\u015b\u0107<\/p>\n<p>Jakie dla nas, dzi\u015b ma znaczenie Konstytucja 3 Maja? Czy potrafimy si\u0119 wspiera\u0107 na tym b\u0142ogos\u0142awionym do\u015bwiadczeniu \u017cyciowym?<\/p>\n<p>To zale\u017cy i b\u0119dzie zale\u017ce\u0107 od tego jakie owoce wyda nasza wsp\u00f3\u0142czesna wolno\u015b\u0107, mierzona tak\u017ce i szacunkiem dla historii oraz najwy\u017cszych warto\u015bci.<\/p>\n<p>To zale\u017cy od tego co b\u0119dzie wa\u017cniejsze: odwieczne warto\u015bci czy miska strawy, warto\u015bci czy codzienno\u015b\u0107.<\/p>\n<p>Niech Maryja, wstawia si\u0119 za nasz\u0105 Ojczyzn\u0105 . Niech chroni Nar\u00f3d, kt\u00f3ry J\u0105 wybra\u0142 za swoj\u0105 Kr\u00f3low\u0105. W tych czasach pomieszania z popl\u0105taniem dobra i z\u0142a szczeg\u00f3lnie potrzebujemy Jej macierzy\u0144skiego or\u0119downictwa!\u00a0Ponadto dzi\u015b trzeba nam pami\u0119ta\u0107 o s\u0142owach kard. Augusta Hlonda: \u201eZwyci\u0119stwo je\u015bli przyjdzie, b\u0119dzie to zwyci\u0119stwo Naj\u015bwi\u0119tszej Maryi Panny\u201d oraz o s\u0142owach Maryi z Fatimy: \u201eNa koniec Moje Niepokalane Serce zatriumfuje\u201d.<\/p>\n","protected":false},"excerpt":{"rendered":"<p>Dzi\u015b 3 maja &#8211; \u015bwi\u0119to Naj\u015bwi\u0119tszej Maryi Panny Kr\u00f3lowej Polski oraz rocznica uchwalenia Konstytucji z 1791 r. Dzi\u015b dzi\u0119kujemy Maryi za Jej opiek\u0119 nad naszym narodem . Nar\u00f3d Polski wielokrotnie do\u015bwiadczy\u0142 Jej or\u0119downictwa. Maryja od samych pocz\u0105tk\u00f3w naszej pa\u0144stwowo\u015bci by\u0142a czczona, jako kr\u00f3lowa polskich serc i polskiej ziemi. Pierwsza polska metropolia utworzona w roku 1000 ze stolic\u0105 w Gnie\u017anie mia\u0142a za patronk\u0119 Matk\u0119 Bo\u017c\u0105. W\u0142adys\u0142aw Herman, uleczony cudownie przez Matk\u0119 Bo\u017c\u0105, ku Jej czci wystawi\u0142 \u015bwi\u0105tyni\u0119 w Krakowie. Kr\u00f3l W\u0142adys\u0142aw Jagie\u0142\u0142o j\u0105 doko\u0144czy\u0142. Kr\u00f3l Zygmunt I Stary przy katedrze krakowskiej ufundowa\u0142 kaplic\u0119 ku czci Naj\u015bwi\u0119tszej Maryi Panny. Boles\u0142aw Wstydliwy wprowadzi\u0142 zwyczaj odprawiania Rorat w Adwencie. W muzeach mo\u017cna zobaczy\u0107 r\u00f3\u017caniec kr\u00f3la Jana III Sobieskiego, Stefana Batorego. Kr\u00f3l Micha\u0142 Korybut Wi\u015bniowiecki w testamencie napisa\u0142: \u201eNaj\u015bwi\u0119tszej Maryi Pannie, Patronce mojej od pierwszego dzieci\u0144stwa, sk\u0142adam najwi\u0119ksze dzi\u0119ki, \u017ce mi by\u0142a przez ca\u0142e \u017cycie pomoc\u0105, ratunkiem i obron\u0105\u201d.. Marsza\u0142ek polski, J\u00f3zef Pi\u0142sudski, mia\u0142 nad&hellip;<\/p>\n<p> <a class=\"more-link\" href=\"http:\/\/www.franciszek-walcz.pl\/?p=28574\">Czytaj dalej<\/a><\/p>\n","protected":false},"author":1,"featured_media":0,"comment_status":"closed","ping_status":"closed","sticky":false,"template":"","format":"standard","meta":{"footnotes":""},"categories":[5],"tags":[],"class_list":{"0":"post-28574","1":"post","2":"type-post","3":"status-publish","4":"format-standard","6":"category-artykuly"},"brizy_media":[],"_links":{"self":[{"href":"http:\/\/www.franciszek-walcz.pl\/index.php?rest_route=\/wp\/v2\/posts\/28574","targetHints":{"allow":["GET"]}}],"collection":[{"href":"http:\/\/www.franciszek-walcz.pl\/index.php?rest_route=\/wp\/v2\/posts"}],"about":[{"href":"http:\/\/www.franciszek-walcz.pl\/index.php?rest_route=\/wp\/v2\/types\/post"}],"author":[{"embeddable":true,"href":"http:\/\/www.franciszek-walcz.pl\/index.php?rest_route=\/wp\/v2\/users\/1"}],"replies":[{"embeddable":true,"href":"http:\/\/www.franciszek-walcz.pl\/index.php?rest_route=%2Fwp%2Fv2%2Fcomments&post=28574"}],"version-history":[{"count":1,"href":"http:\/\/www.franciszek-walcz.pl\/index.php?rest_route=\/wp\/v2\/posts\/28574\/revisions"}],"predecessor-version":[{"id":28575,"href":"http:\/\/www.franciszek-walcz.pl\/index.php?rest_route=\/wp\/v2\/posts\/28574\/revisions\/28575"}],"wp:attachment":[{"href":"http:\/\/www.franciszek-walcz.pl\/index.php?rest_route=%2Fwp%2Fv2%2Fmedia&parent=28574"}],"wp:term":[{"taxonomy":"category","embeddable":true,"href":"http:\/\/www.franciszek-walcz.pl\/index.php?rest_route=%2Fwp%2Fv2%2Fcategories&post=28574"},{"taxonomy":"post_tag","embeddable":true,"href":"http:\/\/www.franciszek-walcz.pl\/index.php?rest_route=%2Fwp%2Fv2%2Ftags&post=28574"}],"curies":[{"name":"wp","href":"https:\/\/api.w.org\/{rel}","templated":true}]}}