{"id":28609,"date":"2025-05-10T14:10:43","date_gmt":"2025-05-10T12:10:43","guid":{"rendered":"http:\/\/www.franciszek-walcz.pl\/?p=28609"},"modified":"2025-05-10T14:18:23","modified_gmt":"2025-05-10T12:18:23","slug":"4-niedziela-wielkanocna-rok-c","status":"publish","type":"post","link":"http:\/\/www.franciszek-walcz.pl\/?p=28609","title":{"rendered":"4 niedziela wielkanocna Rok C"},"content":{"rendered":"<p class=\"western\">Tekst Ewangelii (J\u00a010,27-30):\u00a0Moje owce s\u0142uchaj\u0105 mego g\u0142osu, a Ja znam je. Id\u0105 one za Mn\u0105 i Ja daj\u0119 im \u017cycie wieczne. Nie zgin\u0105 one na wieki i nikt nie wyrwie ich z mojej r\u0119ki. Ojciec m\u00f3j, kt\u00f3ry Mi je da\u0142, jest wi\u0119kszy od wszystkich. I nikt nie mo\u017ce ich wyrwa\u0107 z r\u0119ki mego Ojca. Ja i Ojciec jedno jeste\u015bmy\u00bb.<\/p>\n<p class=\"western\"><strong>\u00abMoje owce s\u0142uchaj\u0105 mego glosu, a Ja znam je\u00bb\u00a0<\/strong><\/p>\n<p class=\"western\">Dzisiaj obchodzimy w Ko\u015bciele IV Niedziel\u0119 Wielkanocn\u0105, zwan\u0105 tak\u017ce Niedziel\u0105 Dobrego Pasterza.\u00a0Patrzymy na Jezusa w dzisiejszej Ewangelii, kt\u00f3ry m\u00f3wi nam, jakim trzeba by\u0107 pasterzem dla swoich owiec.<\/p>\n<p class=\"western\">Jezus cz\u0119sto m\u00f3wi\u0142 do swoich uczni\u00f3w, ale tak\u017ce do zgromadzonych wok\u00f3\u0142 Niego ludzi, w przypowie\u015bciach. Pos\u0142ugiwa\u0142 si\u0119 obrazami dnia codziennego \u2013 w taki spos\u00f3b przes\u0142anie Chrystusa szybciej dociera\u0142o do s\u0142uchaczy i \u0142atwiej mogli je zrozumie\u0107.<\/p>\n<p class=\"western\">Dzi\u015b Jezus por\u00f3wnuje si\u0119 do pasterza, kt\u00f3ry troszczy si\u0119 o swoje owce, a nawet jest w stanie odda\u0107 za nie \u017cycie. W czasach Pana Jezusa bycie pasterzem by\u0142o niebezpieczn\u0105 prac\u0105. Do obowi\u0105zk\u00f3w pasterza nale\u017ca\u0142o nie tylko zapewnienie owcom dost\u0119pu do pokarmu i \u015bwie\u017cej wody. Przede wszystkim musia\u0142 broni\u0107 stada przed licznymi zagro\u017ceniami. Kiedy jaka\u015b owca si\u0119 zgubi\u0142a, mu<\/p>\n<p class=\"western\">Najwi\u0119kszym zagro\u017ceniem by\u0142y dzikie, drapie\u017cne zwierz\u0119ta, takie jak lwy czy wilki. Pasterz niejednokrotnie musia\u0142 nara\u017ca\u0107 w\u0142asne \u017cycie, by broni\u0107 swoich owiec. Od rzetelno\u015bci, z jak\u0105 wype\u0142nia\u0142 swoje zadania, zale\u017ca\u0142o cz\u0119sto dobro ca\u0142ej rodziny. Dlatego pracy pasterskiej nie powierzano obcym najemnikom \u2013 najcz\u0119\u015bciej zostawa\u0142 pasterzem najm\u0142odszy syn w rodzinie.<\/p>\n<p class=\"western\">Rodziny posiadaj\u0105ce owce mia\u0142y \u015bwiadomo\u015b\u0107, \u017ce najemnik nie b\u0119dzie ryzykowa\u0142 w\u0142asnym zdrowiem i \u017cyciem w przypadku zagro\u017cenia. Tak jak w historii opisanej w ksi\u0105\u017cce\u00a0Ziemia \u015awi\u0119ta\u00a0W. Thomsona, w kt\u00f3rej pojawia si\u0119 mi\u0119dzy innymi nast\u0119puj\u0105ce wydarzenie:<\/p>\n<p class=\"western\">Oto m\u0142ody pasterz pasie swoje owce u podn\u00f3\u017ca g\u00f3ry Tabor.\u00a0Niespodziewanie na horyzoncie pojawia si\u0119 trzech uzbrojonych Beduin\u00f3w \u2013 rabusi\u00f3w. M\u0142ody pasterz wie doskonale, co go czeka. Tym niemniej nie ucieka. Podejmuje nier\u00f3wn\u0105 walk\u0119 na \u015bmier\u0107 i \u017cycie w obronie swego stada. Ca\u0142e zdarzenie ko\u0144czy si\u0119 \u015bmierci\u0105 m\u0142odego pasterza, kt\u00f3ry zostaje zak\u0142uty no\u017cami przez dzikich Beduin\u00f3w.<\/p>\n<p class=\"western\">Ten m\u0142ody pasterz odda\u0142 swoje \u017cycie za swoje stado \u2013 tak jak Jezus, nasz Pasterz, kt\u00f3ry dla naszego zbawienia odda\u0142 swoje \u017cycie na Golgocie i trzeciego dnia zmartwychwsta\u0142.<\/p>\n<p class=\"western\">Dlatego Jezus buduje swoje nauczanie na obrazie pasterza \u2013 bo chce, aby\u015bmy w taki w\u0142a\u015bnie spos\u00f3b rozumieli Jego misj\u0119.<\/p>\n<p class=\"western\">Aby to zrozumie\u0107, musimy przemienia\u0107 w\u0142asne my\u015blenie, podej\u015bcie do \u017cycia i nasze serce \u2013 na wz\u00f3r Serca Jezusowego. Musimy ws\u0142uchiwa\u0107 si\u0119 w g\u0142os Dobrego Pasterza, kt\u00f3ry brzmi w rytmie Jego serca.<\/p>\n<p class=\"western\">Wiara bierze si\u0119 ze s\u0142uchania S\u0142owa Pana. Dlatego, najwi\u0119kszym, czyhaj\u0105cym na nas niebezpiecze\u0144stwem jest g\u0142uchota. Mo\u017cemy nie s\u0142ysze\u0107 g\u0142osu Dobrego Pasterza, bo nasza g\u0142owa jest pe\u0142na ha\u0142asu i innych, fa\u0142szywych g\u0142os\u00f3w. Najgorsze jest to, o czym m\u00f3wi\u0105 \u0107wiczenia duchowe \u015aw. Ignacego: \u00abby\u0107 g\u0142uchym na Jego wo\u0142anie\u00bb czyli wiedzie\u0107, \u017ce B\u00f3g ci\u0119 wo\u0142a i udawa\u0107, \u017ce chodzi o kogo\u015b innego. Ten, kto \u015bwiadomie i wielokrotnie zamyka si\u0119 na wezwanie Bo\u017ce, traci harmoni\u0119 z Jezusem i straci rado\u015b\u0107 z bycia chrze\u015bcijaninem, id\u0105c na inne pastwiska, kt\u00f3re nie syc\u0105, ani nie daj\u0105 \u017cycia wiecznego. Jednak, tylko On m\u00f3g\u0142 powiedzie\u0107: \u00abJa daj\u0119 im \u017cycie wieczne\u00bb (J 10,28).<\/p>\n","protected":false},"excerpt":{"rendered":"<p>Tekst Ewangelii (J\u00a010,27-30):\u00a0Moje owce s\u0142uchaj\u0105 mego g\u0142osu, a Ja znam je. Id\u0105 one za Mn\u0105 i Ja daj\u0119 im \u017cycie wieczne. Nie zgin\u0105 one na wieki i nikt nie wyrwie ich z mojej r\u0119ki. Ojciec m\u00f3j, kt\u00f3ry Mi je da\u0142, jest wi\u0119kszy od wszystkich. I nikt nie mo\u017ce ich wyrwa\u0107 z r\u0119ki mego Ojca. Ja i Ojciec jedno jeste\u015bmy\u00bb. \u00abMoje owce s\u0142uchaj\u0105 mego glosu, a Ja znam je\u00bb\u00a0 Dzisiaj obchodzimy w Ko\u015bciele IV Niedziel\u0119 Wielkanocn\u0105, zwan\u0105 tak\u017ce Niedziel\u0105 Dobrego Pasterza.\u00a0Patrzymy na Jezusa w dzisiejszej Ewangelii, kt\u00f3ry m\u00f3wi nam, jakim trzeba by\u0107 pasterzem dla swoich owiec. Jezus cz\u0119sto m\u00f3wi\u0142 do swoich uczni\u00f3w, ale tak\u017ce do zgromadzonych wok\u00f3\u0142 Niego ludzi, w przypowie\u015bciach. Pos\u0142ugiwa\u0142 si\u0119 obrazami dnia codziennego \u2013 w taki spos\u00f3b przes\u0142anie Chrystusa szybciej dociera\u0142o do s\u0142uchaczy i \u0142atwiej mogli je zrozumie\u0107. Dzi\u015b Jezus por\u00f3wnuje si\u0119 do pasterza, kt\u00f3ry troszczy si\u0119 o swoje owce, a nawet jest w stanie odda\u0107 za nie&hellip;<\/p>\n<p> <a class=\"more-link\" href=\"http:\/\/www.franciszek-walcz.pl\/?p=28609\">Czytaj dalej<\/a><\/p>\n","protected":false},"author":1,"featured_media":0,"comment_status":"closed","ping_status":"closed","sticky":false,"template":"","format":"standard","meta":{"footnotes":""},"categories":[5],"tags":[],"class_list":{"0":"post-28609","1":"post","2":"type-post","3":"status-publish","4":"format-standard","6":"category-artykuly"},"brizy_media":[],"_links":{"self":[{"href":"http:\/\/www.franciszek-walcz.pl\/index.php?rest_route=\/wp\/v2\/posts\/28609","targetHints":{"allow":["GET"]}}],"collection":[{"href":"http:\/\/www.franciszek-walcz.pl\/index.php?rest_route=\/wp\/v2\/posts"}],"about":[{"href":"http:\/\/www.franciszek-walcz.pl\/index.php?rest_route=\/wp\/v2\/types\/post"}],"author":[{"embeddable":true,"href":"http:\/\/www.franciszek-walcz.pl\/index.php?rest_route=\/wp\/v2\/users\/1"}],"replies":[{"embeddable":true,"href":"http:\/\/www.franciszek-walcz.pl\/index.php?rest_route=%2Fwp%2Fv2%2Fcomments&post=28609"}],"version-history":[{"count":1,"href":"http:\/\/www.franciszek-walcz.pl\/index.php?rest_route=\/wp\/v2\/posts\/28609\/revisions"}],"predecessor-version":[{"id":28610,"href":"http:\/\/www.franciszek-walcz.pl\/index.php?rest_route=\/wp\/v2\/posts\/28609\/revisions\/28610"}],"wp:attachment":[{"href":"http:\/\/www.franciszek-walcz.pl\/index.php?rest_route=%2Fwp%2Fv2%2Fmedia&parent=28609"}],"wp:term":[{"taxonomy":"category","embeddable":true,"href":"http:\/\/www.franciszek-walcz.pl\/index.php?rest_route=%2Fwp%2Fv2%2Fcategories&post=28609"},{"taxonomy":"post_tag","embeddable":true,"href":"http:\/\/www.franciszek-walcz.pl\/index.php?rest_route=%2Fwp%2Fv2%2Ftags&post=28609"}],"curies":[{"name":"wp","href":"https:\/\/api.w.org\/{rel}","templated":true}]}}