{"id":28618,"date":"2025-05-17T10:32:21","date_gmt":"2025-05-17T08:32:21","guid":{"rendered":"http:\/\/www.franciszek-walcz.pl\/?p=28618"},"modified":"2025-05-17T10:32:21","modified_gmt":"2025-05-17T08:32:21","slug":"v-niedziela-wielkanocy-2","status":"publish","type":"post","link":"http:\/\/www.franciszek-walcz.pl\/?p=28618","title":{"rendered":"V Niedziela Wielkanocy"},"content":{"rendered":"<p class=\"western\">Tekst Ewangelii (J\u00a013,31-33a.34-35):\u00a0Po wyj\u015bciu Judasza rzek\u0142 im Jezus: \u00abSyn Cz\u0142owieczy zosta\u0142 teraz otoczony chwa\u0142\u0105, a w Nim B\u00f3g zosta\u0142 chwa\u0142\u0105 otoczony. Je\u017celi B\u00f3g zosta\u0142 w Nim otoczony chwa\u0142\u0105, to i B\u00f3g Go otoczy chwa\u0142\u0105 w sobie samym, i to zaraz Go chwa\u0142\u0105 otoczy.<\/p>\n<p>Dzieci, jeszcze kr\u00f3tko jestem z wami. B\u0119dziecie Mnie szuka\u0107, ale &#8211; jak to \u017bydom powiedzia\u0142em, tak i teraz wam m\u00f3wi\u0119 &#8211; dok\u0105d Ja id\u0119, wy p\u00f3j\u015b\u0107 nie mo\u017cecie. Przykazanie nowe daj\u0119 wam, aby\u015bcie si\u0119 wzajemnie mi\u0142owali tak, jak Ja was umi\u0142owa\u0142em; \u017ceby\u015bcie i wy tak si\u0119 mi\u0142owali wzajemnie. Po tym wszyscy poznaj\u0105, \u017ce\u015bcie uczniami moimi, je\u015bli b\u0119dziecie si\u0119 wzajemnie mi\u0142owali\u00bb.<\/p>\n<p class=\"western\">\u00abAby\u015bcie si\u0119 wzajemnie mi\u0142owali\u00bb<\/p>\n<p class=\"western\">Dzisiaj, Jezus zaprasza nas, aby\u015bmy si\u0119 wzajemnie mi\u0142owali. R\u00f3wnie\u017c w tym z\u0142o\u017conym \u015bwiecie, w kt\u00f3rym obecnie \u017cyjemy, gdzie dobro i z\u0142o splata si\u0119 i \u0142\u0105czy. Cz\u0119sto kusi nas, aby spojrze\u0107 na to jak na nieuchronno\u015b\u0107 losu, z\u0142\u0105 nowin\u0119, ale my chrze\u015bcijanie jeste\u015bmy odpowiedzialni za g\u0142oszenie, w tym brutalnym i niesprawiedliwym \u015bwiecie, dobrej nowiny o Jezusie Chrystusie.Jezus m\u00f3wi nam, aby\u015bmy &#8222;si\u0119 wzajemnie mi\u0142owali tak, jak Ja was umi\u0142owa\u0142em&#8221; (Jan 13,34). I dobrym sposobem kochania, wprowadzaniem w \u017cycie S\u0142owa Bo\u017cego, jest g\u0142oszenie, w ka\u017cdym czasie, i w ka\u017cdym miejscu, Dobrej Nowiny, Ewangelii, kt\u00f3ra jest niczym innym jak samym Jezusem Chrystusem.<\/p>\n<p>\u00abPrzechowujemy za\u015b ten skarb w naczyniach glinianych\u00bb (2Kor 4,7). Czym jest ten skarb? To s\u0142owo samego Boga, a my jeste\u015bmy naczyniem z gliny. Lecz ten skarb jest tak cenny, \u017ce nie mo\u017cemy zachowa\u0107 go tylko dla siebie, ale powinni\u015bmy si\u0119 nim dzieli\u0107: \u00abId\u017acie wi\u0119c i nauczajcie wszystkie narody (\u2026) Uczcie je zachowywa\u0107 wszystko, co wam przykaza\u0142em. A oto Ja jestem z wami przez wszystkie dni, a\u017c do sko\u0144czenia \u015bwiata\u00bb (Mt 28,19-20). Jan Pawe\u0142 II napisa\u0142: \u00abkto naprawd\u0119 pozna\u0142 Chrystusa, nie mo\u017ce zatrzyma\u0107 go tylko dla siebie, powinien to og\u0142osi\u0107\u00bb.Z t\u0105 ufno\u015bci\u0105 g\u0142osimy Ewangeli\u0119; szerzmy j\u0105 za pomoc\u0105 wszelkich dost\u0119pnych \u015brodk\u00f3w i we wszystkich mo\u017cliwych miejscach: s\u0142ownie, uczynkami i my\u015bl\u0105, w gazecie, przez internet, w pracy i w\u015br\u00f3d przyjaci\u00f3\u0142\u2026 \u00abNiech b\u0119dzie znana wszystkim ludziom wasza wyrozumia\u0142a \u0142agodno\u015b\u0107: Pan jest blisko!\u00bb (Flp 4,5).<\/p>\n<p>Dlatego, jak podkre\u015bla\u0142 Papie\u017c Jan Pawe\u0142, nale\u017cy korzysta\u0107 z nowych technologii, bez wahania, bez wstydu, aby szerzy\u0107 Dobr\u0105 Nowin\u0119 Ko\u015bcio\u0142a, i pami\u0119ta\u0107, \u017ce b\u0119d\u0105c dobrym cz\u0142owiekiem, jedynie otwieraj\u0105c i zmieniaj\u0105c nasze serce, spowodujemy, \u017ce zmieni si\u0119 nasz \u015bwiat.<\/p>\n","protected":false},"excerpt":{"rendered":"<p>Tekst Ewangelii (J\u00a013,31-33a.34-35):\u00a0Po wyj\u015bciu Judasza rzek\u0142 im Jezus: \u00abSyn Cz\u0142owieczy zosta\u0142 teraz otoczony chwa\u0142\u0105, a w Nim B\u00f3g zosta\u0142 chwa\u0142\u0105 otoczony. Je\u017celi B\u00f3g zosta\u0142 w Nim otoczony chwa\u0142\u0105, to i B\u00f3g Go otoczy chwa\u0142\u0105 w sobie samym, i to zaraz Go chwa\u0142\u0105 otoczy. Dzieci, jeszcze kr\u00f3tko jestem z wami. B\u0119dziecie Mnie szuka\u0107, ale &#8211; jak to \u017bydom powiedzia\u0142em, tak i teraz wam m\u00f3wi\u0119 &#8211; dok\u0105d Ja id\u0119, wy p\u00f3j\u015b\u0107 nie mo\u017cecie. Przykazanie nowe daj\u0119 wam, aby\u015bcie si\u0119 wzajemnie mi\u0142owali tak, jak Ja was umi\u0142owa\u0142em; \u017ceby\u015bcie i wy tak si\u0119 mi\u0142owali wzajemnie. Po tym wszyscy poznaj\u0105, \u017ce\u015bcie uczniami moimi, je\u015bli b\u0119dziecie si\u0119 wzajemnie mi\u0142owali\u00bb. \u00abAby\u015bcie si\u0119 wzajemnie mi\u0142owali\u00bb Dzisiaj, Jezus zaprasza nas, aby\u015bmy si\u0119 wzajemnie mi\u0142owali. R\u00f3wnie\u017c w tym z\u0142o\u017conym \u015bwiecie, w kt\u00f3rym obecnie \u017cyjemy, gdzie dobro i z\u0142o splata si\u0119 i \u0142\u0105czy. Cz\u0119sto kusi nas, aby spojrze\u0107 na to jak na nieuchronno\u015b\u0107 losu, z\u0142\u0105 nowin\u0119, ale my chrze\u015bcijanie jeste\u015bmy odpowiedzialni&hellip;<\/p>\n<p> <a class=\"more-link\" href=\"http:\/\/www.franciszek-walcz.pl\/?p=28618\">Czytaj dalej<\/a><\/p>\n","protected":false},"author":1,"featured_media":0,"comment_status":"closed","ping_status":"closed","sticky":false,"template":"","format":"standard","meta":{"footnotes":""},"categories":[5],"tags":[],"class_list":{"0":"post-28618","1":"post","2":"type-post","3":"status-publish","4":"format-standard","6":"category-artykuly"},"brizy_media":[],"_links":{"self":[{"href":"http:\/\/www.franciszek-walcz.pl\/index.php?rest_route=\/wp\/v2\/posts\/28618","targetHints":{"allow":["GET"]}}],"collection":[{"href":"http:\/\/www.franciszek-walcz.pl\/index.php?rest_route=\/wp\/v2\/posts"}],"about":[{"href":"http:\/\/www.franciszek-walcz.pl\/index.php?rest_route=\/wp\/v2\/types\/post"}],"author":[{"embeddable":true,"href":"http:\/\/www.franciszek-walcz.pl\/index.php?rest_route=\/wp\/v2\/users\/1"}],"replies":[{"embeddable":true,"href":"http:\/\/www.franciszek-walcz.pl\/index.php?rest_route=%2Fwp%2Fv2%2Fcomments&post=28618"}],"version-history":[{"count":1,"href":"http:\/\/www.franciszek-walcz.pl\/index.php?rest_route=\/wp\/v2\/posts\/28618\/revisions"}],"predecessor-version":[{"id":28619,"href":"http:\/\/www.franciszek-walcz.pl\/index.php?rest_route=\/wp\/v2\/posts\/28618\/revisions\/28619"}],"wp:attachment":[{"href":"http:\/\/www.franciszek-walcz.pl\/index.php?rest_route=%2Fwp%2Fv2%2Fmedia&parent=28618"}],"wp:term":[{"taxonomy":"category","embeddable":true,"href":"http:\/\/www.franciszek-walcz.pl\/index.php?rest_route=%2Fwp%2Fv2%2Fcategories&post=28618"},{"taxonomy":"post_tag","embeddable":true,"href":"http:\/\/www.franciszek-walcz.pl\/index.php?rest_route=%2Fwp%2Fv2%2Ftags&post=28618"}],"curies":[{"name":"wp","href":"https:\/\/api.w.org\/{rel}","templated":true}]}}