{"id":28629,"date":"2025-05-24T16:13:03","date_gmt":"2025-05-24T14:13:03","guid":{"rendered":"http:\/\/www.franciszek-walcz.pl\/?p=28629"},"modified":"2025-05-24T16:13:03","modified_gmt":"2025-05-24T14:13:03","slug":"6-niedziela-wielkanocna","status":"publish","type":"post","link":"http:\/\/www.franciszek-walcz.pl\/?p=28629","title":{"rendered":"6. Niedziela Wielkanocna"},"content":{"rendered":"<p class=\"western\">Tekst Ewangelii (J\u00a014,23-29):\u00a0W odpowiedzi rzek\u0142 do niego Jezus: Je\u015bli Mnie kto mi\u0142uje, b\u0119dzie zachowywa\u0142 moj\u0105 nauk\u0119, a Ojciec m\u00f3j umi\u0142uje go, i przyjdziemy do niego, i b\u0119dziemy u niego przebywa\u0107. Kto Mnie nie mi\u0142uje, ten nie zachowuje s\u0142\u00f3w moich. A nauka, kt\u00f3r\u0105 s\u0142yszycie, nie jest moja, ale Tego, kt\u00f3ry Mnie pos\u0142a\u0142, Ojca. To wam powiedzia\u0142em przebywaj\u0105c w\u015br\u00f3d was. A Pocieszyciel, Duch \u015awi\u0119ty, kt\u00f3rego Ojciec po\u015ble w moim imieniu, On was wszystkiego nauczy i przypomni wam wszystko, co Ja wam powiedzia\u0142em. Pok\u00f3j zostawiam wam, pok\u00f3j m\u00f3j daj\u0119 wam. Nie tak jak daje \u015bwiat, Ja wam daj\u0119. Niech si\u0119 nie trwo\u017cy serce wasze ani si\u0119 l\u0119ka! S\u0142yszeli\u015bcie, \u017ce wam powiedzia\u0142em: Odchodz\u0119 i przyjd\u0119 zn\u00f3w do was. Gdyby\u015bcie Mnie mi\u0142owali, rozradowaliby\u015bcie si\u0119, \u017ce id\u0119 do Ojca, bo Ojciec wi\u0119kszy jest ode Mnie. A teraz powiedzia\u0142em wam o tym, zanim to nast\u0105pi, aby\u015bcie uwierzyli, gdy si\u0119 to stanie.<\/p>\n<p class=\"western\"><strong>\u201eJe\u015bli Mnie kto mi\u0142uje, b\u0119dzie zachowywa\u0142 moj\u0105 nauk\u0119&#8221;.<\/strong><\/p>\n<p class=\"western\">\u201eJe\u017celi mnie mi\u0142ujecie, b\u0119dziecie zachowywa\u0107 moje przykaza\u00adnia&#8221; &#8211; przypomina Chrystus w dzisiejszej Ewangelii. Spr\u00f3bujmy spojrze\u0107 dzi\u015b na te Dziesi\u0119\u0107 Bo\u017cych S\u0142\u00f3w, zapisanych na kamien\u00adnych tablicach, oczami Pana Jezusa. Kazanie na G\u00f3rze, Osiem B\u0142ogo\u00ads\u0142awie\u0144stw, nazywane chrze\u015bcija\u0144skim kodeksem \u015bwi\u0119to\u015bci, nie uniewa\u017cnia Dekalogu, ale zawiera go w sobie. Doprowadzenie do wype\u0142nienia nie oznacza przecie\u017c obalenia, tylko p\u00f3j\u015bcie dalej i wy\u017cej na drodze duchowego wzrastania.<\/p>\n<p class=\"western\">S\u0142owa Pana Jezusa m\u00f3wi\u0105 nam, \u017ce za\u00adchowywanie przykaza\u0144 jest dowodem wiarygodno\u015bci i autentycz\u00adno\u015bci naszej przyja\u017ani z Nim. Przyjaciel to przecie\u017c kto\u015b, komu si\u0119 ufa, kto chce wy\u0142\u0105cznie naszego dobra, kto nigdy nie zawodzi. Od przyjaciela dostajemy zawsze to, co najlepsze, bezcenne dary serca z certyfikatem najwy\u017cszej jako\u015bci. Pan Jezus swoj\u0105 mi\u0142o\u015b\u0107 do cz\u0142owieka potwierdzi\u0142 na Krzy\u017c. A czy my dzi\u015b odpowiadamy Panu Jezu\u00adsowi mi\u0142o\u015bci\u0105, poddaj\u0105c w w\u0105tpliwo\u015b\u0107, w duchu relatywizmu, wa\u017cno\u015b\u0107 i warto\u015b\u0107 poszczeg\u00f3lnych przykaza\u0144? Czy nie kwestionu\u00adjemy w ten spos\u00f3b Jego mi\u0142o\u015bci do nas?<\/p>\n<p class=\"western\">Jak\u017ce cz\u0119sto mo\u017cna us\u0142ysze\u0107 opinie : przykaza\u00adnia ograniczaj\u0105 moj\u0105 wolno\u015b\u0107, bo tyle w nich zakaz\u00f3w i nakaz\u00f3w. W ten spos\u00f3b patrz\u0105cym na przy\u00adkazania pewien rabin odpowiedzia\u0142: \u201eWszystkie przykazania za\u00adwieraj\u0105 si\u0119 w jednym zakazie: Nie powracaj do ziemi niewoli&#8221;. B\u00f3g ofiarowa\u0142 ci kodeks prawdziwej wolno\u015bci, da\u0142 mo\u017cliwo\u015b\u0107 rozerwania kajdan zniewolenia grzechem. Z wielkiej mi\u0142o\u015bci i za\u00adtroskania o twoje prawdziwe dobro, o tw\u00f3j rozw\u00f3j i twoje dobre relacje do innych. Uczyni\u0142 ci\u0119 wolnym, ofiarowuj\u0105c Kart\u0119 wolno\u00ad\u015bci &#8211; Dekalog. Przykazania s\u0105 wi\u0119c Bo\u017c\u0105 gwarancj\u0105 ludzkiej wol\u00adno\u015bci ducha.<\/p>\n<p class=\"western\">\u201eZadajmy sobie pytanie: w jaki spos\u00f3b pojmujemy pos\u0142usze\u0144stwo przykazaniom? Znosimy przykazania, czy te\u017c dzi\u0119kujemy Bo\u00adgu, \u017ce nam je podarowa\u0142?&#8221;.<\/p>\n<p class=\"western\">Zachowuj\u0105c wi\u0119c Bo\u017ce przykazania nie tylko rozwijamy si\u0119 we w\u0142a\u015bciwym kierunku, ale jednocze\u015bnie okazujemy nasze pos\u0142usze\u0144stwo wzgl\u0119dem Boga. Dzi\u015b s\u0142owo pos\u0142usze\u0144stwo, nawet w\u015br\u00f3d katolik\u00f3w zwie\u00addzionych ideologiami, zamazuj\u0105cymi oblicze prawdziwego Boga, jest fa\u0142szywie rozumiane. Pos\u0142usze\u0144stwo Bogu jest bowiem wybo\u00adrem wolnej woli, kt\u00f3ra wybiera dobro i odrzuca z\u0142o. Dzi\u0119ki \u0142asce Bo\u017cej, \u017cyciu sakramentalnemu cz\u0142owiek piel\u0119gnuje swoje zdrowe sumienie i nie zatraca zdolno\u015bci odr\u00f3\u017cniania dobra i z\u0142a.<\/p>\n<p class=\"western\">Warto zapyta\u0107, czy z tego powodu, \u017ce ludzie nie zachowuj\u0105 Bo\u017cych przykaza\u0144 b\u0105d\u017a wybieraj\u0105 tylko te, kt\u00f3re im pasuj\u0105, \u015bwiat i \u017cycie na ziemi staj\u0105 si\u0119 lepsze? Wiek XX, wiek ludob\u00f3jstwa na niespotykan\u0105 w historii skal\u0119, obozy koncentracyjne, Hiroszima i Nagasaki s\u0105 tragicznymi dowodami deptania Bo\u017cych przykaza\u0144. A dzi\u015b? Powi\u0119kszaj\u0105ca si\u0119 fala patolo\u00adgii rodzinnych, wzrastaj\u0105ca liczba dzieci z rozbitych dom\u00f3w, coraz wi\u0119ksza liczba m\u0142odych ludzi dopuszczaj\u0105cych si\u0119 przest\u0119pstw, za\u017cywaj\u0105cych narkotyki. To smutne konsekwencje \u017cycia tak jakby Boga nie by\u0142o, bez ws\u0142uchiwania si\u0119 jego M\u0105dro\u015b\u0107 i Mi\u0142o\u015b\u0107, zapi\u00adsan\u0105 m.in. w Bo\u017cych przykazaniach.<\/p>\n<p class=\"western\">Im dalej od Boga tym bli\u017cej do nieszcz\u0119\u015bcia. Cho\u0107 oczywi\u015bcie cz\u0142owiek ch\u0119tnie ulega z\u0142udzie chwilowej sztucznej rado\u015bci.<\/p>\n","protected":false},"excerpt":{"rendered":"<p>Tekst Ewangelii (J\u00a014,23-29):\u00a0W odpowiedzi rzek\u0142 do niego Jezus: Je\u015bli Mnie kto mi\u0142uje, b\u0119dzie zachowywa\u0142 moj\u0105 nauk\u0119, a Ojciec m\u00f3j umi\u0142uje go, i przyjdziemy do niego, i b\u0119dziemy u niego przebywa\u0107. Kto Mnie nie mi\u0142uje, ten nie zachowuje s\u0142\u00f3w moich. A nauka, kt\u00f3r\u0105 s\u0142yszycie, nie jest moja, ale Tego, kt\u00f3ry Mnie pos\u0142a\u0142, Ojca. To wam powiedzia\u0142em przebywaj\u0105c w\u015br\u00f3d was. A Pocieszyciel, Duch \u015awi\u0119ty, kt\u00f3rego Ojciec po\u015ble w moim imieniu, On was wszystkiego nauczy i przypomni wam wszystko, co Ja wam powiedzia\u0142em. Pok\u00f3j zostawiam wam, pok\u00f3j m\u00f3j daj\u0119 wam. Nie tak jak daje \u015bwiat, Ja wam daj\u0119. Niech si\u0119 nie trwo\u017cy serce wasze ani si\u0119 l\u0119ka! S\u0142yszeli\u015bcie, \u017ce wam powiedzia\u0142em: Odchodz\u0119 i przyjd\u0119 zn\u00f3w do was. Gdyby\u015bcie Mnie mi\u0142owali, rozradowaliby\u015bcie si\u0119, \u017ce id\u0119 do Ojca, bo Ojciec wi\u0119kszy jest ode Mnie. A teraz powiedzia\u0142em wam o tym, zanim to nast\u0105pi, aby\u015bcie uwierzyli, gdy si\u0119 to stanie. \u201eJe\u015bli Mnie kto mi\u0142uje, b\u0119dzie zachowywa\u0142&hellip;<\/p>\n<p> <a class=\"more-link\" href=\"http:\/\/www.franciszek-walcz.pl\/?p=28629\">Czytaj dalej<\/a><\/p>\n","protected":false},"author":1,"featured_media":0,"comment_status":"closed","ping_status":"closed","sticky":false,"template":"","format":"standard","meta":{"footnotes":""},"categories":[1],"tags":[],"class_list":{"0":"post-28629","1":"post","2":"type-post","3":"status-publish","4":"format-standard","6":"category-uncategorized"},"brizy_media":[],"_links":{"self":[{"href":"http:\/\/www.franciszek-walcz.pl\/index.php?rest_route=\/wp\/v2\/posts\/28629","targetHints":{"allow":["GET"]}}],"collection":[{"href":"http:\/\/www.franciszek-walcz.pl\/index.php?rest_route=\/wp\/v2\/posts"}],"about":[{"href":"http:\/\/www.franciszek-walcz.pl\/index.php?rest_route=\/wp\/v2\/types\/post"}],"author":[{"embeddable":true,"href":"http:\/\/www.franciszek-walcz.pl\/index.php?rest_route=\/wp\/v2\/users\/1"}],"replies":[{"embeddable":true,"href":"http:\/\/www.franciszek-walcz.pl\/index.php?rest_route=%2Fwp%2Fv2%2Fcomments&post=28629"}],"version-history":[{"count":1,"href":"http:\/\/www.franciszek-walcz.pl\/index.php?rest_route=\/wp\/v2\/posts\/28629\/revisions"}],"predecessor-version":[{"id":28630,"href":"http:\/\/www.franciszek-walcz.pl\/index.php?rest_route=\/wp\/v2\/posts\/28629\/revisions\/28630"}],"wp:attachment":[{"href":"http:\/\/www.franciszek-walcz.pl\/index.php?rest_route=%2Fwp%2Fv2%2Fmedia&parent=28629"}],"wp:term":[{"taxonomy":"category","embeddable":true,"href":"http:\/\/www.franciszek-walcz.pl\/index.php?rest_route=%2Fwp%2Fv2%2Fcategories&post=28629"},{"taxonomy":"post_tag","embeddable":true,"href":"http:\/\/www.franciszek-walcz.pl\/index.php?rest_route=%2Fwp%2Fv2%2Ftags&post=28629"}],"curies":[{"name":"wp","href":"https:\/\/api.w.org\/{rel}","templated":true}]}}