{"id":28676,"date":"2025-05-31T13:53:28","date_gmt":"2025-05-31T11:53:28","guid":{"rendered":"http:\/\/www.franciszek-walcz.pl\/?p=28676"},"modified":"2025-05-31T14:04:19","modified_gmt":"2025-05-31T12:04:19","slug":"wniebowstapienie-pana-jezusa","status":"publish","type":"post","link":"http:\/\/www.franciszek-walcz.pl\/?p=28676","title":{"rendered":"Wniebowst\u0105pienie Pana Jezusa"},"content":{"rendered":"<p class=\"western\">Tekst Ewangelii (\u0141k\u00a024,46-53):\u00a0Wtedy o\u015bwieci\u0142 ich umys\u0142y, aby rozumieli Pisma, i rzek\u0142 do nich: \u00abTak jest napisane: Mesjasz b\u0119dzie cierpia\u0142 i trzeciego dnia zmartwychwstanie, w imi\u0119 Jego g\u0142oszone b\u0119dzie nawr\u00f3cenie i odpuszczenie grzech\u00f3w wszystkim narodom, pocz\u0105wszy od Jerozolimy. Wy jeste\u015bcie \u015bwiadkami tego. Oto Ja ze\u015bl\u0119 na was obietnic\u0119 mojego Ojca. Wy za\u015b pozosta\u0144cie w mie\u015bcie, a\u017c b\u0119dziecie przyobleczeni moc\u0105 z wysoka\u00bb.<br \/>\nPotem wyprowadzi\u0142 ich ku Betanii i podni\u00f3s\u0142szy r\u0119ce b\u0142ogos\u0142awi\u0142 ich. A kiedy ich b\u0142ogos\u0142awi\u0142, rozsta\u0142 si\u0119 z nimi i zosta\u0142 uniesiony do nieba. Oni za\u015b oddali Mu pok\u0142on i z wielk\u0105 rado\u015bci\u0105 wr\u00f3cili do Jerozolimy, gdzie stale przebywali w \u015bwi\u0105tyni, b\u0142ogos\u0142awi\u0105c Boga.<\/p>\n<p class=\"western\"><strong>Tajemnica spe\u0142nionego \u017cycia<\/strong><\/p>\n<p class=\"western\">Spogl\u0105damy cz\u0119sto w lustro, aby poprawi\u0107 wygl\u0105d, pozby\u0107 si\u0119 skazy i dobrze w oczach innych wygl\u0105da\u0107. Cz\u0119\u015bciej w lustrze z natury przegl\u0105daj\u0105 si\u0119 panie, kt\u00f3re bardziej dbaj\u0105 o wygl\u0105d zewn\u0119trzny ni\u017c panowie. Dzi\u015b, w Uroczysto\u015b\u0107 Wniebowst\u0105pienia Pa\u0144skiego, kiedy spogl\u0105damy na Jezusa po prawicy Ojca, to przegl\u0105damy si\u0119 w lustrze naszej wiary.<\/p>\n<p class=\"western\">Dzi\u0119ki temu widzimy do czego jeste\u015bmy powo\u0142ani. Tak cz\u0119sto bowiem mamy wzrok utkwiony w ziemi\u0119, \u017ce nic poza ni\u0105 nie widzimy: ani Boga ani drugiego cz\u0142owieka. Tymczasem Jezus chce dzi\u015b podnie\u015b\u0107 nasz wzrok z ziemi ku niebu, by\u015bmy zobaczyli zar\u00f3wno Boga, jak i drugiego cz\u0142owieka. Korzystanie z tego lustra, jakie daje nam B\u00f3g, pozwala tak\u017ce dobrze patrze\u0107 na siebie, na swoje \u017cycie. To pozwala na prze\u017cywania prawdziwej m\u0142odo\u015bci ducha.<\/p>\n<p class=\"western\">B\u00f3g wci\u0105\u017c daje nam wiele dowod\u00f3w, \u017ce \u017cyje i wci\u0105\u017c chce, aby\u015bmy oczekiwali na moc Boga, przyzywali mocy Ducha \u015awi\u0119tego (por. Dz 1, 1-11). Gdy spogl\u0105damy nieustannie w niebo, podnosz\u0105c nasz wzrok znad ziemi, otrzymujemy moc Boga, by by\u0107 Jego \u015bwiadkami zawsze i wsz\u0119dzie, \u201ea\u017c po kra\u0144ce ziemi\u201d. Czemu wpatrujemy si\u0119 w niebo, jak Aposto\u0142owie, bo oczekujemy powt\u00f3rnego przyj\u015bcia Pana, kt\u00f3ry si\u0119 stawia za nami, zg\u0142adzi\u0142 nasz grzech i niesie nam zbawienie.<\/p>\n<p class=\"western\">Wpatrywanie si\u0119 w to Bo\u017ce lustro, jakim jest Wniebowst\u0105pienie Jezusa, ma mi przypomnie\u0107 moj\u0105 godno\u015b\u0107 i zadanie, jakie otrzyma\u0142em od Pana: przyobleczony moc\u0105 z wysoka, moc\u0105 Ducha \u015awi\u0119tego, mam ka\u017cdego dnia dawa\u0107 \u015bwiadectwo o tym zbawieniu, jakiego do\u015bwiadczam dzi\u0119ki \u0142asce Boga (por. Hbr 9, 24-28; 10, 19-23).<\/p>\n<p class=\"western\">Jakie to b\u0119dzie \u015bwiadectwo zale\u017cy od tego czym nape\u0142ni\u0119 g\u0105bk\u0119 mojego \u017cycia. Gdy jedynie py\u0142em ziemskiego kurzu, to b\u0119d\u0119 wzbija\u0142 wok\u00f3\u0142 siebie jego tumany, a ten kurz jedynie b\u0119dzie innych gryz\u0142 w oczy, a co za tym idzie wywo\u0142ywa\u0142 w nich p\u0142acz i smutek, dawa\u0142 beznadziej\u0119.<\/p>\n<p class=\"western\">Gdy jednak nape\u0142ni\u0119 t\u0119 g\u0105bk\u0119 mojego \u017cycia moc\u0105 Boga, \u201eszukaj\u0105c tego co w g\u00f3rze\u201d, \u201esi\u0119gaj\u0105c gdzie wzrok nie si\u0119ga\u201d, obmywaj\u0105c siebie i innych moc\u0105 \u0142aski Boga: wod\u0105 \u017cycia i oczyszczaj\u0105cym detergentem Bo\u017cego S\u0142owa, to do\u015bwiadcz\u0119 Jego mocy.<\/p>\n<p class=\"western\">Gdy konsekwentnie w moim \u017cyciu wybior\u0119 t\u0119 drug\u0105 drog\u0119, to w Bo\u017cym lustrze zobacz\u0119 nie tylko pi\u0119kno Boga, ale i pi\u0119kno innych ludzi, kt\u00f3rzy na drogach mojego \u017cycia zostali mi dani jako bracia i siostry, a tym samym zobacz\u0119 te\u017c swoje pi\u0119kno.<\/p>\n<p class=\"western\">Gdy konsekwentnie wybior\u0119 t\u0119 drug\u0105 drog\u0119, kt\u00f3ra przemienia serce, to wtedy z radosnym \u015bwiadectwem wiary wr\u00f3c\u0119 z tego ko\u015bcio\u0142a do swojej codzienno\u015bci. Wtedy b\u0119d\u0119 chcia\u0142 przebywa\u0107 w \u015bwi\u0105tyni nie tylko z Bogiem, ale i z drugim cz\u0142owiekiem, \u201ewielbi\u0105c i b\u0142ogos\u0142awi\u0105c Boga\u201d. Wtedy spe\u0142ni si\u0119 w moim \u017cyciu ta obietnica, kt\u00f3r\u0105 dzi\u015b w Uroczysto\u015bci Wniebowst\u0105pienia Pa\u0144skiego \u015bwi\u0119tujemy.<\/p>\n","protected":false},"excerpt":{"rendered":"<p>Tekst Ewangelii (\u0141k\u00a024,46-53):\u00a0Wtedy o\u015bwieci\u0142 ich umys\u0142y, aby rozumieli Pisma, i rzek\u0142 do nich: \u00abTak jest napisane: Mesjasz b\u0119dzie cierpia\u0142 i trzeciego dnia zmartwychwstanie, w imi\u0119 Jego g\u0142oszone b\u0119dzie nawr\u00f3cenie i odpuszczenie grzech\u00f3w wszystkim narodom, pocz\u0105wszy od Jerozolimy. Wy jeste\u015bcie \u015bwiadkami tego. Oto Ja ze\u015bl\u0119 na was obietnic\u0119 mojego Ojca. Wy za\u015b pozosta\u0144cie w mie\u015bcie, a\u017c b\u0119dziecie przyobleczeni moc\u0105 z wysoka\u00bb. Potem wyprowadzi\u0142 ich ku Betanii i podni\u00f3s\u0142szy r\u0119ce b\u0142ogos\u0142awi\u0142 ich. A kiedy ich b\u0142ogos\u0142awi\u0142, rozsta\u0142 si\u0119 z nimi i zosta\u0142 uniesiony do nieba. Oni za\u015b oddali Mu pok\u0142on i z wielk\u0105 rado\u015bci\u0105 wr\u00f3cili do Jerozolimy, gdzie stale przebywali w \u015bwi\u0105tyni, b\u0142ogos\u0142awi\u0105c Boga. Tajemnica spe\u0142nionego \u017cycia Spogl\u0105damy cz\u0119sto w lustro, aby poprawi\u0107 wygl\u0105d, pozby\u0107 si\u0119 skazy i dobrze w oczach innych wygl\u0105da\u0107. Cz\u0119\u015bciej w lustrze z natury przegl\u0105daj\u0105 si\u0119 panie, kt\u00f3re bardziej dbaj\u0105 o wygl\u0105d zewn\u0119trzny ni\u017c panowie. Dzi\u015b, w Uroczysto\u015b\u0107 Wniebowst\u0105pienia Pa\u0144skiego, kiedy spogl\u0105damy na Jezusa po prawicy Ojca, to&hellip;<\/p>\n<p> <a class=\"more-link\" href=\"http:\/\/www.franciszek-walcz.pl\/?p=28676\">Czytaj dalej<\/a><\/p>\n","protected":false},"author":1,"featured_media":0,"comment_status":"closed","ping_status":"closed","sticky":false,"template":"","format":"standard","meta":{"footnotes":""},"categories":[1],"tags":[],"class_list":{"0":"post-28676","1":"post","2":"type-post","3":"status-publish","4":"format-standard","6":"category-uncategorized"},"brizy_media":[],"_links":{"self":[{"href":"http:\/\/www.franciszek-walcz.pl\/index.php?rest_route=\/wp\/v2\/posts\/28676","targetHints":{"allow":["GET"]}}],"collection":[{"href":"http:\/\/www.franciszek-walcz.pl\/index.php?rest_route=\/wp\/v2\/posts"}],"about":[{"href":"http:\/\/www.franciszek-walcz.pl\/index.php?rest_route=\/wp\/v2\/types\/post"}],"author":[{"embeddable":true,"href":"http:\/\/www.franciszek-walcz.pl\/index.php?rest_route=\/wp\/v2\/users\/1"}],"replies":[{"embeddable":true,"href":"http:\/\/www.franciszek-walcz.pl\/index.php?rest_route=%2Fwp%2Fv2%2Fcomments&post=28676"}],"version-history":[{"count":1,"href":"http:\/\/www.franciszek-walcz.pl\/index.php?rest_route=\/wp\/v2\/posts\/28676\/revisions"}],"predecessor-version":[{"id":28677,"href":"http:\/\/www.franciszek-walcz.pl\/index.php?rest_route=\/wp\/v2\/posts\/28676\/revisions\/28677"}],"wp:attachment":[{"href":"http:\/\/www.franciszek-walcz.pl\/index.php?rest_route=%2Fwp%2Fv2%2Fmedia&parent=28676"}],"wp:term":[{"taxonomy":"category","embeddable":true,"href":"http:\/\/www.franciszek-walcz.pl\/index.php?rest_route=%2Fwp%2Fv2%2Fcategories&post=28676"},{"taxonomy":"post_tag","embeddable":true,"href":"http:\/\/www.franciszek-walcz.pl\/index.php?rest_route=%2Fwp%2Fv2%2Ftags&post=28676"}],"curies":[{"name":"wp","href":"https:\/\/api.w.org\/{rel}","templated":true}]}}