{"id":28705,"date":"2025-06-21T15:58:41","date_gmt":"2025-06-21T13:58:41","guid":{"rendered":"http:\/\/www.franciszek-walcz.pl\/?p=28705"},"modified":"2025-06-21T16:03:24","modified_gmt":"2025-06-21T14:03:24","slug":"tradycja-plecenia-wiankow-na-oktawe-bozego-ciala","status":"publish","type":"post","link":"http:\/\/www.franciszek-walcz.pl\/?p=28705","title":{"rendered":"Tradycja plecenia wiank\u00f3w na oktaw\u0119 Bo\u017cego Cia\u0142a"},"content":{"rendered":"<p class=\"western\">Z Bo\u017cym Cia\u0142em wi\u0105\u017ce si\u0119\u00a0<strong class=\"western\">zwyczaj wicia i \u015bwi\u0119cenia wiank\u00f3w sporz\u0105dzonych z zi\u00f3\u0142 i kwiat\u00f3w<\/strong>. Stanowi\u0105 one symbol ludzkiej pracy i dar od Boga dla ludzi i zwierz\u0105t. Obecnie, tam gdzie zwyczaj nie uleg\u0142 zapomnieniu, wianuszki robi si\u0119 w ostatni dzie\u0144 Oktawy.<\/p>\n<p class=\"western\" align=\"left\"><span style=\"font-family: Times New Roman, serif;\"><span style=\"font-size: large;\">Przed czym chroni po\u015bwi\u0119cony wianek i z jakich ro\u015blin powinien by\u0107 wypleciony? <\/span><\/span><\/p>\n<p class=\"western\" align=\"left\"><span style=\"font-family: Times New Roman, serif;\"><span style=\"font-size: large;\"><b>Wianki w tradycji ludowej<\/b><\/span><\/span><\/p>\n<p class=\"western\" align=\"left\"><span style=\"font-family: Times New Roman, serif;\"><span style=\"font-size: large;\">Wianki s\u0105 symbolem ludzkiej pracy, a tak\u017ce dar\u00f3w od Boga, kt\u00f3re s\u0142u\u017c\u0105 ludziom i wszelkim istotom na ziemi. Dawniej wianki zostawiano w ko\u015bciele na osiem dni, a do domu zabierano je dopiero ostatniego dnia oktawy. \u00a0Wianki \u00a0przewi\u0105zane czerwon\u0105 tasiemk\u0105, wieszano obok drzwi wej\u015bciowych, w sieni lub w izbie nad \u015bwi\u0119tym obrazem. Wed\u0142ug wierze\u0144 chroni\u0142y domostwo przed nieszcz\u0119\u015bciami, po\u017carem, uderzeniem pioruna i z\u0142ymi mocami. Po\u015bwi\u0119conego ziela nie mo\u017cna by\u0142o wyrzuci\u0107. Nale\u017ca\u0142o je przechowywa\u0107 przez ca\u0142y rok, a po tym okresie spali\u0107. Stary wianek zast\u0119powano nowym.<\/span><\/span><\/p>\n<p class=\"western\" align=\"left\"><span style=\"font-family: Times New Roman, serif;\"><span style=\"font-size: large;\">Wianki nie tylko chroni\u0142y dom i jego mieszka\u0144c\u00f3w przed nieszcz\u0119\u015bciem, ale tak\u017ce pomaga\u0142y w powrocie do zdrowia. Z zasuszonych i skruszonych zi\u00f3\u0142\u00a0robiono napary, kt\u00f3re mia\u0142y\u00a0w\u0142a\u015bciwo\u015bci lecznicze. Niekiedy wianki wieszano r\u00f3wnie\u017c w stajni, aby chroni\u0142y zwierz\u0119ta przez chorob\u0105. Wierzono tak\u017ce, \u017ce zapobiegaj\u0105 szkodnikom, kt\u00f3re niszcz\u0105 uprawy.<\/span><\/span><\/p>\n<p class=\"western\" align=\"left\"><span style=\"font-family: Times New Roman, serif;\"><span style=\"font-size: large;\">Obecnie\u00a0wianki \u015bwi\u0119cimy ostatniego dnia oktawy.<\/span><\/span><\/p>\n<p class=\"western\" align=\"left\"><span style=\"font-family: Times New Roman, serif;\"><span style=\"font-size: large;\">Do wiank\u00f3w mo\u017cna doda\u0107\u00a0inne zio\u0142a oraz ro\u015bliny z naszego ogr\u00f3dka. Pami\u0119taj jednak, aby nie wykorzystywa\u0107 ro\u015blin pod ochron\u0105. <\/span><\/span><\/p>\n","protected":false},"excerpt":{"rendered":"<p>Z Bo\u017cym Cia\u0142em wi\u0105\u017ce si\u0119\u00a0zwyczaj wicia i \u015bwi\u0119cenia wiank\u00f3w sporz\u0105dzonych z zi\u00f3\u0142 i kwiat\u00f3w. Stanowi\u0105 one symbol ludzkiej pracy i dar od Boga dla ludzi i zwierz\u0105t. Obecnie, tam gdzie zwyczaj nie uleg\u0142 zapomnieniu, wianuszki robi si\u0119 w ostatni dzie\u0144 Oktawy. Przed czym chroni po\u015bwi\u0119cony wianek i z jakich ro\u015blin powinien by\u0107 wypleciony? Wianki w tradycji ludowej Wianki s\u0105 symbolem ludzkiej pracy, a tak\u017ce dar\u00f3w od Boga, kt\u00f3re s\u0142u\u017c\u0105 ludziom i wszelkim istotom na ziemi. Dawniej wianki zostawiano w ko\u015bciele na osiem dni, a do domu zabierano je dopiero ostatniego dnia oktawy. \u00a0Wianki \u00a0przewi\u0105zane czerwon\u0105 tasiemk\u0105, wieszano obok drzwi wej\u015bciowych, w sieni lub w izbie nad \u015bwi\u0119tym obrazem. Wed\u0142ug wierze\u0144 chroni\u0142y domostwo przed nieszcz\u0119\u015bciami, po\u017carem, uderzeniem pioruna i z\u0142ymi mocami. Po\u015bwi\u0119conego ziela nie mo\u017cna by\u0142o wyrzuci\u0107. Nale\u017ca\u0142o je przechowywa\u0107 przez ca\u0142y rok, a po tym okresie spali\u0107. Stary wianek zast\u0119powano nowym. Wianki nie tylko chroni\u0142y dom i jego mieszka\u0144c\u00f3w przed&hellip;<\/p>\n<p> <a class=\"more-link\" href=\"http:\/\/www.franciszek-walcz.pl\/?p=28705\">Czytaj dalej<\/a><\/p>\n","protected":false},"author":1,"featured_media":0,"comment_status":"closed","ping_status":"closed","sticky":false,"template":"","format":"standard","meta":{"footnotes":""},"categories":[1],"tags":[],"class_list":{"0":"post-28705","1":"post","2":"type-post","3":"status-publish","4":"format-standard","6":"category-uncategorized"},"brizy_media":[],"_links":{"self":[{"href":"http:\/\/www.franciszek-walcz.pl\/index.php?rest_route=\/wp\/v2\/posts\/28705","targetHints":{"allow":["GET"]}}],"collection":[{"href":"http:\/\/www.franciszek-walcz.pl\/index.php?rest_route=\/wp\/v2\/posts"}],"about":[{"href":"http:\/\/www.franciszek-walcz.pl\/index.php?rest_route=\/wp\/v2\/types\/post"}],"author":[{"embeddable":true,"href":"http:\/\/www.franciszek-walcz.pl\/index.php?rest_route=\/wp\/v2\/users\/1"}],"replies":[{"embeddable":true,"href":"http:\/\/www.franciszek-walcz.pl\/index.php?rest_route=%2Fwp%2Fv2%2Fcomments&post=28705"}],"version-history":[{"count":2,"href":"http:\/\/www.franciszek-walcz.pl\/index.php?rest_route=\/wp\/v2\/posts\/28705\/revisions"}],"predecessor-version":[{"id":28709,"href":"http:\/\/www.franciszek-walcz.pl\/index.php?rest_route=\/wp\/v2\/posts\/28705\/revisions\/28709"}],"wp:attachment":[{"href":"http:\/\/www.franciszek-walcz.pl\/index.php?rest_route=%2Fwp%2Fv2%2Fmedia&parent=28705"}],"wp:term":[{"taxonomy":"category","embeddable":true,"href":"http:\/\/www.franciszek-walcz.pl\/index.php?rest_route=%2Fwp%2Fv2%2Fcategories&post=28705"},{"taxonomy":"post_tag","embeddable":true,"href":"http:\/\/www.franciszek-walcz.pl\/index.php?rest_route=%2Fwp%2Fv2%2Ftags&post=28705"}],"curies":[{"name":"wp","href":"https:\/\/api.w.org\/{rel}","templated":true}]}}