{"id":28722,"date":"2025-06-28T13:30:32","date_gmt":"2025-06-28T11:30:32","guid":{"rendered":"http:\/\/www.franciszek-walcz.pl\/?p=28722"},"modified":"2025-06-28T13:34:51","modified_gmt":"2025-06-28T11:34:51","slug":"29-czerwca-swietych-apostolow-piotra-i-pawla","status":"publish","type":"post","link":"http:\/\/www.franciszek-walcz.pl\/?p=28722","title":{"rendered":"29 czerwca: \u015awi\u0119tych Aposto\u0142\u00f3w Piotra i Paw\u0142a"},"content":{"rendered":"<p class=\"western\">Tekst Ewangelii (Mt\u00a016,13-19):\u00a0Gdy Jezus przyszed\u0142 w okolice Cezarei Filipowej, pyta\u0142 swych uczni\u00f3w: \u00abZa kogo ludzie uwa\u017caj\u0105 Syna Cz\u0142owieczego?\u00bb A oni odpowiedzieli: \u00abJedni za Jana Chrzciciela, inni za Eliasza, jeszcze inni za Jeremiasza albo za jednego z prorok\u00f3w\u00bb. Jezus zapyta\u0142 ich: \u00abA wy za kogo Mnie uwa\u017cacie?\u00bb Odpowiedzia\u0142 Szymon Piotr: \u00abTy jeste\u015b Mesjasz, Syn Boga \u017cywego\u00bb. Na to Jezus mu rzek\u0142: \u00abB\u0142ogos\u0142awiony jeste\u015b, Szymonie, synu Jony. Albowiem nie objawi\u0142y ci tego cia\u0142o i krew, lecz Ojciec m\u00f3j, kt\u00f3ry jest w niebie. Ot\u00f3\u017c i Ja tobie powiadam: Ty jeste\u015b Piotr [czyli Ska\u0142a], i na tej Skale zbuduj\u0119 Ko\u015bci\u00f3\u0142 m\u00f3j, a bramy piekielne go nie przemog\u0105. I tobie dam klucze kr\u00f3lestwa niebieskiego; cokolwiek zwi\u0105\u017cesz na ziemi, b\u0119dzie zwi\u0105zane w niebie, a co rozwi\u0105\u017cesz na ziemi, b\u0119dzie rozwi\u0105zane w niebie\u00bb.<\/p>\n<p class=\"western\"><strong>\u00abTy jeste\u015b Mesjasz, Syn Boga \u017cywego\u00bb<\/strong><\/p>\n<p class=\"western\">Dzisiejszy dzie\u0144 po\u015bwi\u0119cony jest m\u0119cze\u0144stwu Aposto\u0142\u00f3w Piotra i Paw\u0142a. \u00abPiotr, pierwszy g\u0142osiciel wiary; Pawe\u0142, o\u015bwiecony nauczyciel prawdy\u00bb Dzi\u015b jest dzie\u0144, w kt\u00f3rym powinni\u015bmy dzi\u0119kowa\u0107 za apostolsk\u0105 wiar\u0119, kt\u00f3ra jest r\u00f3wnie\u017c nasz\u0105 wiar\u0105 og\u0142oszon\u0105 przez te dwie kolumny w kazaniach. To wiara, kt\u00f3ra zwyci\u0119\u017ca \u015bwiat, bo g\u0142osi, \u017ce Jezus jest Synem Boga: \u00abTy jeste\u015b Mesjasz, Syn Boga \u017cywego\u00bb (Mt 16,16). Pozosta\u0142e \u015bwi\u0119ta aposto\u0142\u00f3w Piotra i Paw\u0142a skupiaj\u0105 si\u0119 na innych kwestiach, ale dzisiaj rozwa\u017camy to, co pozwala nazwa\u0107 ich \u00abpierwszymi g\u0142osicielami Ewangelii\u00bb: swym m\u0119cze\u0144stwem potwierdzili swe \u015bwiadectwo.<\/p>\n<p>Ich wiara i si\u0142a w m\u0119cze\u0144stwie nie pochodzi\u0142y z ludzkiej kondycji. To nie by\u0142 cz\u0142owiek z krwi i ko\u015bci, kt\u00f3ry podpowiedzia\u0142 Piotrowi kim by\u0142 Jezus, ale objawienie Ojca Niebieskiego (por. Mt 16,17). Tak czy inaczej uznanie \u201ctego kt\u00f3rego szuka\u0142\u201d za Jezusa Pana by\u0142o dla Szaw\u0142a oczywistym dzie\u0142em \u0142aski Bo\u017cej. W obu przypadkach wolno\u015b\u0107 ludzka, kt\u00f3ra domaga si\u0119 aktu wiary spoczywa w dzia\u0142aniu Ducha.<\/p>\n<p>Wiara aposto\u0142\u00f3w jest wiar\u0105 Ko\u015bcio\u0142a, jedynego, \u015bwi\u0119tego, powszechnego i apostolskiego. Od wyznania Piotra w Cezarei Filipowej \u00abka\u017cdego dnia w Ko\u015bciele Piotr kontynuuje m\u00f3wi\u0105c: \u2018Ty jeste\u015b Mesjasz, Syn Boga \u017cywego!\u2019\u00bb (Leon I Wielki). Od tego czasu a\u017c po dzi\u015b t\u0142umy chrze\u015bcijan z ka\u017cdej epoki, w ka\u017cdym wieku, z ka\u017cdej kultury i jakiejkolwiek innej miary, kt\u00f3ra odr\u00f3\u017cnia ludzi, jednog\u0142o\u015bnie g\u0142osili zwyci\u0119sk\u0105 wiar\u0119.<\/p>\n<p>Przez chrzest i bierzmowanie wprowadzeni zostajemy na drog\u0119 \u015bwiadectwa, to znaczy m\u0119cze\u0144stwa. Musimy uwa\u017ca\u0107 na \u201claboratorium wiary\u201d, kt\u00f3re Duch realizuje w nas (Jan Pawe\u0142 II) i pokornie prosi\u0107, by\u015bmy do\u015bwiadczali rado\u015bci wiary Ko\u015bcio\u0142a.<\/p>\n","protected":false},"excerpt":{"rendered":"<p>Tekst Ewangelii (Mt\u00a016,13-19):\u00a0Gdy Jezus przyszed\u0142 w okolice Cezarei Filipowej, pyta\u0142 swych uczni\u00f3w: \u00abZa kogo ludzie uwa\u017caj\u0105 Syna Cz\u0142owieczego?\u00bb A oni odpowiedzieli: \u00abJedni za Jana Chrzciciela, inni za Eliasza, jeszcze inni za Jeremiasza albo za jednego z prorok\u00f3w\u00bb. Jezus zapyta\u0142 ich: \u00abA wy za kogo Mnie uwa\u017cacie?\u00bb Odpowiedzia\u0142 Szymon Piotr: \u00abTy jeste\u015b Mesjasz, Syn Boga \u017cywego\u00bb. Na to Jezus mu rzek\u0142: \u00abB\u0142ogos\u0142awiony jeste\u015b, Szymonie, synu Jony. Albowiem nie objawi\u0142y ci tego cia\u0142o i krew, lecz Ojciec m\u00f3j, kt\u00f3ry jest w niebie. Ot\u00f3\u017c i Ja tobie powiadam: Ty jeste\u015b Piotr [czyli Ska\u0142a], i na tej Skale zbuduj\u0119 Ko\u015bci\u00f3\u0142 m\u00f3j, a bramy piekielne go nie przemog\u0105. I tobie dam klucze kr\u00f3lestwa niebieskiego; cokolwiek zwi\u0105\u017cesz na ziemi, b\u0119dzie zwi\u0105zane w niebie, a co rozwi\u0105\u017cesz na ziemi, b\u0119dzie rozwi\u0105zane w niebie\u00bb. \u00abTy jeste\u015b Mesjasz, Syn Boga \u017cywego\u00bb Dzisiejszy dzie\u0144 po\u015bwi\u0119cony jest m\u0119cze\u0144stwu Aposto\u0142\u00f3w Piotra i Paw\u0142a. \u00abPiotr, pierwszy g\u0142osiciel wiary; Pawe\u0142, o\u015bwiecony nauczyciel prawdy\u00bb Dzi\u015b&hellip;<\/p>\n<p> <a class=\"more-link\" href=\"http:\/\/www.franciszek-walcz.pl\/?p=28722\">Czytaj dalej<\/a><\/p>\n","protected":false},"author":1,"featured_media":0,"comment_status":"closed","ping_status":"closed","sticky":false,"template":"","format":"standard","meta":{"footnotes":""},"categories":[5],"tags":[],"class_list":{"0":"post-28722","1":"post","2":"type-post","3":"status-publish","4":"format-standard","6":"category-artykuly"},"brizy_media":[],"_links":{"self":[{"href":"http:\/\/www.franciszek-walcz.pl\/index.php?rest_route=\/wp\/v2\/posts\/28722","targetHints":{"allow":["GET"]}}],"collection":[{"href":"http:\/\/www.franciszek-walcz.pl\/index.php?rest_route=\/wp\/v2\/posts"}],"about":[{"href":"http:\/\/www.franciszek-walcz.pl\/index.php?rest_route=\/wp\/v2\/types\/post"}],"author":[{"embeddable":true,"href":"http:\/\/www.franciszek-walcz.pl\/index.php?rest_route=\/wp\/v2\/users\/1"}],"replies":[{"embeddable":true,"href":"http:\/\/www.franciszek-walcz.pl\/index.php?rest_route=%2Fwp%2Fv2%2Fcomments&post=28722"}],"version-history":[{"count":2,"href":"http:\/\/www.franciszek-walcz.pl\/index.php?rest_route=\/wp\/v2\/posts\/28722\/revisions"}],"predecessor-version":[{"id":28726,"href":"http:\/\/www.franciszek-walcz.pl\/index.php?rest_route=\/wp\/v2\/posts\/28722\/revisions\/28726"}],"wp:attachment":[{"href":"http:\/\/www.franciszek-walcz.pl\/index.php?rest_route=%2Fwp%2Fv2%2Fmedia&parent=28722"}],"wp:term":[{"taxonomy":"category","embeddable":true,"href":"http:\/\/www.franciszek-walcz.pl\/index.php?rest_route=%2Fwp%2Fv2%2Fcategories&post=28722"},{"taxonomy":"post_tag","embeddable":true,"href":"http:\/\/www.franciszek-walcz.pl\/index.php?rest_route=%2Fwp%2Fv2%2Ftags&post=28722"}],"curies":[{"name":"wp","href":"https:\/\/api.w.org\/{rel}","templated":true}]}}