{"id":28943,"date":"2025-08-14T18:39:44","date_gmt":"2025-08-14T16:39:44","guid":{"rendered":"http:\/\/www.franciszek-walcz.pl\/?p=28943"},"modified":"2025-08-14T18:45:53","modified_gmt":"2025-08-14T16:45:53","slug":"15-sierpnia-swieto-wniebowziecia-matki-bozej-i-cudu-nad-wisla","status":"publish","type":"post","link":"http:\/\/www.franciszek-walcz.pl\/?p=28943","title":{"rendered":"15 sierpnia &#8211; \u015awi\u0119to Wniebowzi\u0119cia Matki Bo\u017cej i Cudu nad Wis\u0142\u0105"},"content":{"rendered":"<p class=\"western\" align=\"justify\"><span style=\"font-family: Arial, sans-serif;\"><span style=\"font-size: medium;\">15 sierpnia &#8211; \u015awi\u0119to Wniebowzi\u0119cia Matki Bo\u017cej i Cudu nad Wis\u0142\u0105 <\/span><\/span><\/p>\n<p class=\"western\" align=\"justify\"><span style=\"font-family: Arial, sans-serif;\"><span style=\"font-size: medium;\">15 sierpnia przynosimy do ko\u015bcio\u0142a pierwsze owoce tego lata, pierwsze k\u0142osy. Przynosimy je dla Tej, kt\u00f3r\u0105 modlitwa b\u0142ogos\u0142awie\u0144stwa nazywa najdoskonalszym owocem ziemi \u2013\u00a0Matka Bo\u017ca Zielna.<\/span><\/span><\/p>\n<p class=\"western\" align=\"justify\"><span style=\"font-family: Arial, sans-serif;\"><span style=\"font-size: medium;\">15 sierpnia, to szczeg\u00f3lny dzie\u0144 potr\u00f3jnego \u015bwi\u0119ta. Historia \u015bwiata przepe\u0142niona jest znakami czasu. Dla Polak\u00f3w takim czytelnym znakiem jest zbie\u017cno\u015b\u0107 \u015bwi\u0119ta Wniebowzi\u0119cia Naj\u015bwi\u0119tszej Maryi Panny ze wspania\u0142ym zwyci\u0119stwem Polski nad Rosj\u0105 Sowieck\u0105 w 1920 roku \u2013 nazywanym\u00a0\u201cCudem nad Wis\u0142\u0105\u201d.<br \/>\nZastanawiam si\u0119, czy my, Polacy, cho\u0107 jeste\u015bmy tak bardzo tradycyjnie \u201cmaryjni\u201c, zdajemy sobie spraw\u0119 z tego, jak mocno Ko\u015bci\u00f3\u0142 wi\u0105\u017ce osob\u0119 Matki Bo\u017cej z histori\u0105 naszej Ojczyzny, i jak sama Matka Bo\u017ca osobi\u015bcie wchodzi w t\u0119 histori\u0119. Tego osobistego wkroczenia Matki Bo\u017cej w polskie dzieje do\u015bwiadczyli\u015bmy w 1920 roku. Apokaliptyczny\u00a0\u201csmok ognisty\u201d\u00a0zamierza\u0142 po\u017cre\u0107 Polsk\u0119, dopiero co narodzon\u0105 na nowo po mrocznych latach zabor\u00f3w.<br \/>\n4 lipca 1920 roku pod bolszewickim has\u0142em Lenina\u00a0\u201cNaprz\u00f3d na Zach\u00f3d! Przez trupa Polski do serca Europy!\u201d\u00a0rozpocz\u0119\u0142a si\u0119 wielka ofensywa bolszewicka na ca\u0142ym Froncie Zachodnim \u2013 od granicy z \u0141otw\u0105 a\u017c do b\u0142ot poleskich. Historycznym dokumentem jest rozkaz marsza\u0142ka Tuchaczewskiego do podleg\u0142ych mu wojsk. Rozkaz nie budzi w\u0105tpliwo\u015bci, jakie by\u0142y cele strategiczne agresji sowieckiej:\u00a0Na Zach\u00f3d!!!<\/span><\/span><\/p>\n<p>Od pocz\u0105tku sierpnia z Wie\u017cy zegarowej Zamku Kr\u00f3lewskiego po\u0142o\u017conego tu\u017c nad Wis\u0142\u0105, z wie\u017cy Katedry \u015bw. Jana, z wie\u017c po\u0142o\u017conych na Starym Mie\u015bcie \u015bwi\u0105ty\u0144 wida\u0107 by\u0142o w krytycznych dniach dla Polski nadci\u0105gaj\u0105ce od wschodu oddzia\u0142y Armii Czerwonej, huk armat i dymy tocz\u0105cej si\u0119 pod Radzyminem krwawej bitwy z bolszewickim naje\u017ad\u017ac\u0105.<\/p>\n<p class=\"western\" align=\"justify\"><span style=\"font-family: Arial, sans-serif;\"><span style=\"font-size: medium;\">Szef Sztabu Generalnego genera\u0142 Tadeusz Rozwadowski notowa\u0142 w lipcu 1920 roku:<br \/>\nCzu\u0142em dobrze, \u017ce tylko na siebie samych liczy\u0107 mo\u017cemy, a umacnia\u0142a mnie w tym przekonaniu jeszcze przestroga angielskiego marsza\u0142ka Wilsona, \u00f3wczesnego szefa Sztabu Wielkobrytyjskiego, kt\u00f3ry w\u00f3wczas na konferencji w Spa wypowiedzia\u0142 do mnie na po\u017cegnanie te stanowcze s\u0142owa: Nie liczcie tylko na jak\u0105kolwiek interwencj\u0119 dyplomatyczn\u0105 lub inn\u0105. Sowiety postanowi\u0142y zag\u0142ad\u0119 Polski i jestem dok\u0142adnie poinformowany, ze bezwzgl\u0119dnie wszelkimi si\u0142ami do tego d\u0105\u017c\u0105 i przez nikogo powstrzyma\u0107 si\u0119 nie dadz\u0105. My wszyscy pom\u00f3c wam realnie po wojnie \u015bwiatowej nie mo\u017cemy, a gdyby\u015bmy nawet mieli odpowiednie si\u0142y do dyspozycji, to i tak na czas przerzuci\u0107 ich do Polski nie zdo\u0142aliby\u015bmy. Wiec przysz\u0142o\u015b\u0107 wasza ca\u0142a w waszym w\u0142asnym tylko r\u0119ku, a je\u015bli sami zwyci\u0119\u017cy\u0107 nie potraficie, to zginiecie niechybnie.<\/span><\/span><\/p>\n<p class=\"western\" align=\"justify\"><span style=\"font-family: Arial, sans-serif;\"><span style=\"font-size: medium;\">5 sierpnia 1920 roku, gdy Armia Sowiecka zaj\u0119\u0142a ju\u017c po\u0142ow\u0119 Polski i dotar\u0142a do Wis\u0142y, Ojciec \u015awi\u0119ty Benedykt XV wezwa\u0142 do modlitw biskup\u00f3w z wszystkich kraj\u00f3w Europy, bowiem jak stwierdzi\u0142 w swym przes\u0142aniu:<br \/>\nObecnie chodzi o rzeczy najwa\u017cniejsze: Obecnie jest w niebezpiecze\u0144stwie nie tylko istnienie narodowe Polski, lecz ca\u0142ej Europie gro\u017c\u0105 okropno\u015bci nowej wojny. Nie tylko wi\u0119c mi\u0142o\u015b\u0107 do Polski, ale mi\u0142o\u015b\u0107 dla Europy ca\u0142ej ka\u017ce nam pragn\u0105\u0107 po\u0142\u0105czenia si\u0119 z nami wszystkich wiernych w b\u0142aganiu Najwy\u017cszego, aby za or\u0119downictwem Naj\u015bwi\u0119tszej Dziewicy Opiekunki Polski zechcia\u0142 oszcz\u0119dzi\u0107 Narodowi Polskiemu tej ostatecznej kl\u0119ski oraz by raczy\u0142 odwr\u00f3ci\u0107 t\u0119 now\u0105 plag\u0119 od wycie\u0144czonej przez up\u0142yw krwi Europy.<br \/>\nW \u015awi\u0119to Wniebowzi\u0119cia Naj\u015bwi\u0119tszej Marii Panny, czyli w polskiej tradycji w dzie\u0144 Matki Boskiej Zielnej \u2013 15 sierpnia 1920 roku Wojsko Polskie ruszy\u0142o do uderzenia na Armi\u0119 Czerwon\u0105, ju\u017c wtedy najpot\u0119\u017cniejsz\u0105, najliczniejsz\u0105 i najbardziej nieludzk\u0105 machin\u0119 wojenn\u0105 w dziejach \u015bwiata. Jej dywizje pewne by\u0142y ju\u017c pokonania Polak\u00f3w, zdobycia Warszawy oraz dalszego marszu na Berlin, Pary\u017c i inne stolice Europy, wed\u0142ug strategicznych plan\u00f3w podboju i dyrektyw rz\u0105du Rosji Sowieckiej.<br \/>\nBitwa Warszawska l920 roku, zwana te\u017c \u201cCudem nad Wis\u0142\u0105\u201d oraz Bitw\u0105 nad Wis\u0142\u0105, ocali\u0142a nie tylko odzyskan\u0105 niedawno polsk\u0105 niepodleg\u0142o\u015b\u0107. By\u0142a to jedna z trzech najwa\u017cniejszych bitew XX wieku na \u015bwiecie, a zarazem jedna z decyduj\u0105cych w ca\u0142ej historii ludzko\u015bci. Wojsko Polskie na czele ze zwyci\u0119skim wodzem marsza\u0142kiem J\u00f3zefem Pi\u0142sudskim zatrzyma\u0142o i zwyci\u0119\u017cy\u0142o milionow\u0105 nawa\u0142\u0119 Armii Czerwonej i uratowa\u0142o nie tylko Polsk\u0119, ale i ca\u0142\u0105 Europ\u0119 przed niewol\u0105 oraz wprowadzeniem zbrodniczego sowieckiego totalitaryzmu i systemu komunistycznego. By\u0142o to nawi\u0105zanie do najwspanialszych tradycji Rzeczypospolitej, kiedy to Polska nazywana by\u0142a powszechnie w krajach Zachodu przedmurzem chrze\u015bcija\u0144stwa albo przedmurzem Europy, co by\u0142o w\u00f3wczas r\u00f3wnoznaczne. Tak jak przed wiekami w 1920 roku na terytorium Rzeczypospolitej toczy\u0142a si\u0119 w rzeczywisto\u015bci bitwa o losy Europy.<\/span><\/span><\/p>\n<p>Do tych dramatycznych wydarze\u0144 latem 1920 roku nawi\u0105zywa\u0142 te\u017c wielokrotnie Jan Pawe\u0142 II. Przypominaj\u0105c dat\u0119 swoich urodzin w Wadowicach. Ojciec \u015awi\u0119ty m\u00f3wi\u0142 m.in.:<br \/>\nJe\u017celi Pan B\u00f3g pozwoli mi by\u0107 jeszcze kiedy\u015b na Wawelu, to p\u00f3jd\u0119 do grob\u00f3w kr\u00f3lewskich i p\u00f3jd\u0119 te\u017c do grobu Marsza\u0142ka. Wtedy przyszed\u0142em na \u015bwiat, kiedy szli na Warszaw\u0119 bolszewicy, kiedy dokona\u0142 si\u0119 cud nad Wis\u0142\u0105, a i jego narz\u0119dziem, narz\u0119dziem tego cudu nad Wis\u0142\u0105 w znaczeniu militarnym by\u0142 niew\u0105tpliwie marsza\u0142ek Pi\u0142sudski i cala polska armia.(\u2026)<\/p>\n<p class=\"western\" align=\"justify\"><span style=\"font-family: Arial, sans-serif;\"><span style=\"font-size: medium;\">Wiecie, \u017ce urodzi\u0142em si\u0119 w 1920 roku w maju. w tym czasze kiedy bolszewicy szli na Warszaw\u0119. I dlatego nosz\u0119 w sobie od urodzenia wielki d\u0142ug wdzi\u0119czno\u015bci w stosunku do tych, kt\u00f3rzy w\u00f3wczas podj\u0119li walk\u0119 z naje\u017ad\u017ac\u0105 i zwyci\u0119\u017cyli.<br \/>\nPomimo druzgoc\u0105cej kl\u0119ski nad Wis\u0142\u0105 w sierpniu 1920 roku, Rosja sowiecka nie zrezygnowa\u0142a z plan\u00f3w agresji na Polsk\u0119 i Europ\u0119. W latach 1939-1945 plany te zrealizowa\u0142 odno\u015bnie po\u0142owy kontynentu Stalin. Natomiast strategiczne i geopolityczne plany opanowania Europy Zachodniej, a\u017c po Atlantyk mieli komunistyczni w\u0142adcy Kremla, a\u017c do upadku Zwi\u0105zku Sowieckiego w 1991 roku.<br \/>\nPrzez ca\u0142y okres PRL-u komunistyczna propaganda, cenzura, a nawet MSW i SB albo g\u0142osi\u0142y k\u0142amstwa, albo zakazywa\u0142y pisania i g\u0142oszenia prawdy o historycznym zwyci\u0119stwie Polski i Polak\u00f3w nad agresj\u0105 Rosji na Europ\u0119 w 1920 roku. Znamiennie przypomnia\u0142 to Ojciec \u015awi\u0119ty Jan Pawe\u0142 II:<br \/>\nO wielkim Cudzie nad Wis\u0142\u0105 przez ca\u0142e lata trwa\u0142a zmowa milczenia. Dlatego opatrzno\u015b\u0107 Bo\u017ca niejako nak\u0142ada dzisiaj obowi\u0105zek podtrzymywania pami\u0119ci tego wielkiego wydarzenia w dziejach naszego narodu i ca\u0142ej Europy, jakie mia\u0142o miejsce po wschodniej stronie Warszawy.<br \/>\nDzie\u0144 15 sierpnia to zupe\u0142nie wyj\u0105tkowa data nie tylko w polskim kalendarzu, ale co wi\u0119cej to zupe\u0142nie bezprecedensowe \u015bwi\u0119to w skali globalnej. Nie ma kraju na \u015bwiecie, kt\u00f3ry by w jednym dniu jednocze\u015bnie obchodzi\u0142 \u015bwi\u0119to ko\u015bcielne, maryjne, wojskowe i pa\u0144stwowe. Jednocze\u015bnie! A w Polsce jest w\u0142a\u015bnie, aby uczci\u0107 i upami\u0119tni\u0107 bezprecedensowe zwyci\u0119stwo Polak\u00f3w i polskiego or\u0119\u017ca nad agresj\u0105 komunistycznej Rosji na Polsk\u0119 i Europ\u0119. To wiekopomne zwyci\u0119stwo zas\u0142uguje, aby nazwa\u0107 je:\u00a0VICTORIA POLSKA 1920ROKU. I je\u017celi my sami nie b\u0119dziemy tak nazywa\u0107 najwi\u0119kszego z naszych najwa\u017cniejszych zwyci\u0119stw w ca\u0142ej tysi\u0105cletniej historii, to kt\u00f3\u017c w Europie je tak okre\u015bli?!<\/span><\/span><\/p>\n<p class=\"western\" align=\"justify\"><span style=\"font-family: Arial, sans-serif;\"><span style=\"font-size: medium;\">Miesi\u0105c sierpie\u0144 to miesi\u0105c \u015bwi\u0105t maryjnych, pielgrzymek do tronu Matki na Jasnej G\u00f3rze, ale i wielu narodowych wspomnie\u0144 i rocznic. Sk\u0142ania nas do pytania o nasz\u0105 mi\u0142o\u015b\u0107 do Ojczyzny, do tego, co j\u0105 stanowi i wyra\u017ca, pytania o nasz patriotyzm.<\/span><\/span><\/p>\n<p class=\"western\" align=\"justify\"><span style=\"font-family: Arial, sans-serif;\"><span style=\"font-size: medium;\">A pytanie jest ze wszech miar uzasadnione i pe\u0142ne niepokoju. Wydaje si\u0119 bowiem, \u017ce dzisiejsza polska rzeczywisto\u015b\u0107 jest bli\u017csza obrazowi zarysowanemu w wierszu T. Paryny pt.\u00a0\u201cC\u00f3\u017c to za kraj\u201d, ni\u017c temu, kt\u00f3ry wydaje nam si\u0119 prawdziwy i kt\u00f3ry kreuj\u0105 \u015brodki spo\u0142ecznego przekazu.<\/span><\/span><\/p>\n<p class=\"western\" align=\"center\"><span style=\"font-family: Arial, sans-serif; color: #ffffff;\"><span style=\"font-size: medium;\"><span style=\"font-family: Times New Roman, serif;\"><span style=\"font-size: large;\"><i>Tu o sprawiedliwo\u015b\u0107 kamenie wo\u0142aj\u0105.<br \/>\nTu spryt si\u0119 nagradza, a wyszydza prawo\u015b\u0107.<br \/>\nTu depcze si\u0119 prawd\u0119 i krzy\u017cuje \u015bwi\u0119to\u015b\u0107.<br \/>\nTu kpi si\u0119 z prorok\u00f3w, patriot\u00f3w m\u0119drc\u00f3w.<br \/>\nTu du\u017co si\u0119 krzyczy, a robi niewiele.<br \/>\nTu wyznaje si\u0119 Boga jedynie w ko\u015bciele.<br \/>\nTu podcina si\u0119 skrzyd\u0142a wielkim idea\u0142om.<br \/>\nTu \u017cycie po\u015bwi\u0119ci\u0107 \u2013 to jeszcze za ma\u0142o!<br \/>\nTu honor, wstyd, dum\u0119 odes\u0142ano w ba\u015bnie.<br \/>\n\u2013 A c\u00f3\u017c to za kraj? \u2013 A to Polska w\u0142a\u015bnie.<\/i><\/span><\/span><\/span><\/span><\/p>\n<p class=\"western\" align=\"left\"><span style=\"font-family: Arial, sans-serif; color: #ffffff;\"><span style=\"font-size: medium;\"><span style=\"font-family: Times New Roman, serif;\"><span style=\"font-size: large;\">Jednak, jak m\u00f3wi poeta Kazimierz W\u0119grzyn w wierszu\u00a0<\/span><\/span><span style=\"font-family: Times New Roman, serif;\"><span style=\"font-size: large;\"><i>\u201cWierz\u0119, \u017ce w imi\u0119 Matki\u2026\u201d<\/i><\/span><\/span><span style=\"font-family: Times New Roman, serif;\"><span style=\"font-size: large;\">, trzeba mie\u0107 nadziej\u0119:<\/span><\/span><\/span><\/span><\/p>\n<p class=\"western\" align=\"center\"><span style=\"font-family: Arial, sans-serif; color: #ffffff;\"><span style=\"font-size: medium;\"><span style=\"font-family: Times New Roman, serif;\"><span style=\"font-size: large;\"><i>tyle trudnych pyta\u0144 stoi wci\u0105\u017c przed nami<br \/>\no los naszej Ojczyzny \u2013 o nasze sumienie<br \/>\nna \u017cadne z nich nie znamy przecie\u017c odpowiedzi<br \/>\nopr\u00f3cz tej \u017ce B\u00f3g jest dobry \u2013 dobry niesko\u0144czenie<br \/>\n\u017ce wci\u0105\u017c nam przecie\u017c rzuca ratunkowe ko\u0142a<br \/>\n\u017ce wci\u0105\u017c nam daje z nieba nadzwyczajne znaki<br \/>\n\u017ce w nas nie zw\u0105tpi\u0142 dot\u0105d \u2013 chocia\u017c my w\u0105tpimy<br \/>\nczy potrafimy odnale\u017a\u0107 Jego Bo\u017ce szlaki<br \/>\nsam oto czule pukasz r\u00f3\u017ca\u0144cem do nieba<br \/>\nB\u00f3g tych co w Niego wierz\u0105 nie trzyma za progiem<br \/>\ni cho\u0107 m\u00f3j Nar\u00f3d ci\u0119\u017cko poraniony grzechem<br \/>\nwierz\u0119 \u017ce w imi\u0119 Matki b\u0119dzie sta\u0142 przed Bogiem!<\/i><\/span><\/span><span style=\"font-family: Times New Roman, serif;\"><span style=\"font-size: large;\">\u00a0Amen.<\/span><\/span><\/span><\/span><\/p>\n<p class=\"western\" align=\"justify\"><span style=\"font-family: Arial, sans-serif;\"><span style=\"font-size: medium;\"><span style=\"color: #564a41;\"><span style=\"font-family: Segoe UI, sans-serif;\"><span style=\"font-size: x-large;\"><b>W \u015awi\u0119to Wniebowzi\u0119cia Matki Bo\u017cej<\/b><\/span><\/span><\/span><span style=\"color: #555555;\"><span style=\"font-family: Helvetica, sans-serif;\"><span style=\"font-size: x-large;\"><b> \u015bwi\u0119cimy kwiaty, k\u0142osy zb\u00f3\u017c i zio\u0142a.<\/b><\/span><\/span><\/span><\/span><\/span><\/p>\n<p class=\"western\" align=\"justify\"><span style=\"font-family: Arial, sans-serif; color: #ffffff;\"><span style=\"font-size: medium;\"><span style=\"font-family: Times New Roman, serif;\"><span style=\"font-size: large;\">Po\u015bwi\u0119cone polony ziemi i zio\u0142a mia\u0142y r\u00f3\u017cne zastosowanie w ludowej tradycji. Wierzono powszechnie, \u017ce po\u015bwi\u0119cony bukiet nabiera niezwyk\u0142ych w\u0142a\u015bciwo\u015bci. W drodze powrotnej z ko\u015bcio\u0142a pozostawiano po\u015bwi\u0119cone zio\u0142a na polach, aby zabezpieczy\u0107 ziemniaki i kapust\u0119 przed szkodnikami. Dawniej, po powrocie z ko\u015bcio\u0142a, najcz\u0119\u015bciej gospodarz zatrzymywa\u0142 si\u0119 na progu domu, \u017cegna\u0142 si\u0119 krzy\u017cem i m\u00f3wi\u0142: \u201eWianek od Zielnej Pani trza zawiesi\u0107 w komorze, by rok zdrowiem darowa\u0142 i \u0142ask\u0105 obejmowa\u0142\u201d. Zasuszony bukiet wieszano w budynkach gospodarczych lub w domu, gdzie najcz\u0119\u015bciej k\u0142adziono go za \u015bwi\u0119tym obrazem. Zio\u0142a z po\u015bwi\u0119conej wi\u0105zanki dodawano do r\u00f3\u017cnego rodzaju domowych herbat i wywar\u00f3w stosowanych w leczeniu ludzi i zwierz\u0105t gospodarskich. Okadzano nimi izb\u0119 i obej\u015bcie dla ochrony przed burz\u0105, po\u017carem i morem. Z po\u015bwi\u0119conych k\u0142os\u00f3w wykruszano ziarna pod pierwszy zasiew. Zio\u0142a, kt\u00f3re same w sobie mia\u0142y moc uzdrawiaj\u0105c\u0105, w po\u015bwi\u0119conej wi\u0105zance stawa\u0142y si\u0119 znakami obecno\u015bci w naszym \u017cyciu przemo\u017cnej Opiekunki i Uzdrowicielki, kt\u00f3ra z wysoko\u015bci nieba z mi\u0142o\u015bci\u0105 spogl\u0105da na swoje dzieci.<\/span><\/span><\/span><\/span><\/p>\n","protected":false},"excerpt":{"rendered":"<p>15 sierpnia &#8211; \u015awi\u0119to Wniebowzi\u0119cia Matki Bo\u017cej i Cudu nad Wis\u0142\u0105 15 sierpnia przynosimy do ko\u015bcio\u0142a pierwsze owoce tego lata, pierwsze k\u0142osy. Przynosimy je dla Tej, kt\u00f3r\u0105 modlitwa b\u0142ogos\u0142awie\u0144stwa nazywa najdoskonalszym owocem ziemi \u2013\u00a0Matka Bo\u017ca Zielna. 15 sierpnia, to szczeg\u00f3lny dzie\u0144 potr\u00f3jnego \u015bwi\u0119ta. Historia \u015bwiata przepe\u0142niona jest znakami czasu. Dla Polak\u00f3w takim czytelnym znakiem jest zbie\u017cno\u015b\u0107 \u015bwi\u0119ta Wniebowzi\u0119cia Naj\u015bwi\u0119tszej Maryi Panny ze wspania\u0142ym zwyci\u0119stwem Polski nad Rosj\u0105 Sowieck\u0105 w 1920 roku \u2013 nazywanym\u00a0\u201cCudem nad Wis\u0142\u0105\u201d. Zastanawiam si\u0119, czy my, Polacy, cho\u0107 jeste\u015bmy tak bardzo tradycyjnie \u201cmaryjni\u201c, zdajemy sobie spraw\u0119 z tego, jak mocno Ko\u015bci\u00f3\u0142 wi\u0105\u017ce osob\u0119 Matki Bo\u017cej z histori\u0105 naszej Ojczyzny, i jak sama Matka Bo\u017ca osobi\u015bcie wchodzi w t\u0119 histori\u0119. Tego osobistego wkroczenia Matki Bo\u017cej w polskie dzieje do\u015bwiadczyli\u015bmy w 1920 roku. Apokaliptyczny\u00a0\u201csmok ognisty\u201d\u00a0zamierza\u0142 po\u017cre\u0107 Polsk\u0119, dopiero co narodzon\u0105 na nowo po mrocznych latach zabor\u00f3w. 4 lipca 1920 roku pod bolszewickim has\u0142em Lenina\u00a0\u201cNaprz\u00f3d na Zach\u00f3d! Przez trupa Polski&hellip;<\/p>\n<p> <a class=\"more-link\" href=\"http:\/\/www.franciszek-walcz.pl\/?p=28943\">Czytaj dalej<\/a><\/p>\n","protected":false},"author":1,"featured_media":0,"comment_status":"closed","ping_status":"closed","sticky":false,"template":"","format":"standard","meta":{"footnotes":""},"categories":[5],"tags":[],"class_list":{"0":"post-28943","1":"post","2":"type-post","3":"status-publish","4":"format-standard","6":"category-artykuly"},"brizy_media":[],"_links":{"self":[{"href":"http:\/\/www.franciszek-walcz.pl\/index.php?rest_route=\/wp\/v2\/posts\/28943","targetHints":{"allow":["GET"]}}],"collection":[{"href":"http:\/\/www.franciszek-walcz.pl\/index.php?rest_route=\/wp\/v2\/posts"}],"about":[{"href":"http:\/\/www.franciszek-walcz.pl\/index.php?rest_route=\/wp\/v2\/types\/post"}],"author":[{"embeddable":true,"href":"http:\/\/www.franciszek-walcz.pl\/index.php?rest_route=\/wp\/v2\/users\/1"}],"replies":[{"embeddable":true,"href":"http:\/\/www.franciszek-walcz.pl\/index.php?rest_route=%2Fwp%2Fv2%2Fcomments&post=28943"}],"version-history":[{"count":6,"href":"http:\/\/www.franciszek-walcz.pl\/index.php?rest_route=\/wp\/v2\/posts\/28943\/revisions"}],"predecessor-version":[{"id":28949,"href":"http:\/\/www.franciszek-walcz.pl\/index.php?rest_route=\/wp\/v2\/posts\/28943\/revisions\/28949"}],"wp:attachment":[{"href":"http:\/\/www.franciszek-walcz.pl\/index.php?rest_route=%2Fwp%2Fv2%2Fmedia&parent=28943"}],"wp:term":[{"taxonomy":"category","embeddable":true,"href":"http:\/\/www.franciszek-walcz.pl\/index.php?rest_route=%2Fwp%2Fv2%2Fcategories&post=28943"},{"taxonomy":"post_tag","embeddable":true,"href":"http:\/\/www.franciszek-walcz.pl\/index.php?rest_route=%2Fwp%2Fv2%2Ftags&post=28943"}],"curies":[{"name":"wp","href":"https:\/\/api.w.org\/{rel}","templated":true}]}}