{"id":28958,"date":"2025-08-16T14:37:45","date_gmt":"2025-08-16T12:37:45","guid":{"rendered":"http:\/\/www.franciszek-walcz.pl\/?p=28958"},"modified":"2025-08-16T14:37:45","modified_gmt":"2025-08-16T12:37:45","slug":"xx-niedziela-okresu-zwyklego-2","status":"publish","type":"post","link":"http:\/\/www.franciszek-walcz.pl\/?p=28958","title":{"rendered":"XX Niedziela okresu zwyk\u0142ego"},"content":{"rendered":"<p class=\"western\" align=\"justify\"><span style=\"font-family: Arial, sans-serif;\"><span style=\"font-size: medium;\">Tekst Ewangelii (\u0141k\u00a012,49-53):\u00a0Przyszed\u0142em rzuci\u0107 ogie\u0144 na ziemi\u0119 i jak\u017ce bardzo pragn\u0119, \u017ceby on ju\u017c zap\u0142on\u0105\u0142. Chrzest mam przyj\u0105\u0107 i jakiej doznaj\u0119 udr\u0119ki, a\u017c si\u0119 to stanie. Czy my\u015blicie, \u017ce przyszed\u0142em da\u0107 ziemi pok\u00f3j? Nie, powiadam wam, lecz roz\u0142am. Odt\u0105d bowiem pi\u0119cioro b\u0119dzie rozdwojonych w jednym domu: troje stanie przeciw dwojgu, a dwoje przeciw trojgu; ojciec przeciw synowi, a syn przeciw ojcu; matka przeciw c\u00f3rce, a c\u00f3rka przeciw matce; te\u015bciowa przeciw synowej, a synowa przeciw te\u015bciowej\u00bb.<\/span><\/span><\/p>\n<p class=\"western\" align=\"justify\"><span style=\"font-family: Arial, sans-serif;\"><span style=\"font-size: medium;\">Czy my\u015blicie, \u017ce przyszed\u0142em da\u0107 ziemi pok\u00f3j? Nie, powiadam wam, lecz roz\u0142am\u00a0(\u0141k 12, 51).<\/span><\/span><\/p>\n<p class=\"western\" align=\"justify\"><span style=\"font-family: Arial, sans-serif;\"><span style=\"font-size: medium;\">Podczas spotka\u0144 z narzeczonymi w kancelarii parafialnej zdarzaj\u0105 si\u0119 i tacy adepci do ma\u0142\u017ce\u0144stwa, kt\u00f3rzy na pytanie kap\u0142ana o to, czy si\u0119 k\u0142\u00f3c\u0105, odpowiadaj\u0105, \u017ce nie. Dodaj\u0105 , \u017ce nigdy si\u0119 jeszcze nie pok\u0142\u00f3cili. Kap\u0142an m\u00f3wi im wtedy, aby si\u0119 kiedy\u015b pok\u0142\u00f3cili. Po co? Bo musz\u0105 si\u0119 przekona\u0107, czy b\u0119d\u0105 potrafili si\u0119 r\u00f3wnie\u017c pogodzi\u0107. Bo sprzeczanie si\u0119 w naszym \u017cyciu jest czym normalnym. Tak\u017ce w \u017cyciu ma\u0142\u017ce\u0144skim. Mo\u017cna powiedzie\u0107, \u017ce nawet jest czym\u015b tw\u00f3rczym. Gdyby w nauce nie by\u0142o wadzenia si\u0119, to by\u015bmy pewnie jeszcze dzisiaj siedzieli w lesie, na drzewach.<\/span><\/span><\/p>\n<p class=\"western\" align=\"justify\"><span style=\"font-family: Arial, sans-serif;\"><span style=\"font-size: medium;\">Gdybym zapyta\u0142 , czy w waszych domach zdarzaj\u0105 si\u0119 sprzeczki, zwady. Odpowied\u017a by\u0142aby pewnie twierdz\u0105ca. Bo tego typu zachowania s\u0105 wpisane w nasz\u0105 codzienno\u015b\u0107. Nawet o takich sytuacjach m\u00f3wi Pan Jezus w dzisiejszej Ewangelii.<\/span><\/span><\/p>\n<p class=\"western\" align=\"justify\"><span style=\"font-family: Arial, sans-serif;\"><span style=\"font-size: medium;\">Kto\u015b m\u00f3g\u0142by zapyta\u0107, czy to normalne, \u017ce Pan Jezus m\u00f3wi o k\u0142\u00f3tniach i roz\u0142amach? Czy nie lepiej by\u0142oby, gdyby nawo\u0142ywa\u0142 do pokoju? Czy On przypadkiem nie przyszed\u0142 na ten \u015bwiat, aby by\u0107 w\u0142a\u015bnie Ksi\u0119ciem pokoju? Czytamy przecie\u017c o Nim w Ksi\u0119dze Izajasza:\u00a0Albowiem Dzieci\u0119 nam si\u0119 narodzi\u0142o, Syn zosta\u0142 nam dany, na Jego barkach spocz\u0119\u0142a w\u0142adza. Nazwano Go imieniem: Przedziwny Doradca, B\u00f3g Mocny, Odwieczny Ojciec, Ksi\u0105\u017c\u0119 Pokoju\u00a0(Iz 9, 5). To dlaczego teraz wyst\u0119puje jako ten, kt\u00f3rzy zach\u0119ca do roz\u0142amu?<\/span><\/span><\/p>\n<p class=\"western\" align=\"justify\">\u00a0<span style=\"font-family: Arial, sans-serif;\"><span style=\"font-size: medium;\">S\u0142yszymy w Ewangelii:\u00a0Troje stanie przeciw dwojgu, a dwoje przeciw trojgu; ojciec przeciw synowi, a syn przeciw ojcu; matka przeciw c\u00f3rce, a c\u00f3rka przeciw matce; te\u015bciowa przeciw synowej, a synowa przeciw te\u015bciowej\u00a0(\u0141k 12, 52-53). <\/span><\/span><\/p>\n<p class=\"western\" align=\"justify\"><span style=\"font-family: Arial, sans-serif;\"><span style=\"font-size: medium;\">Kto\u015b zapyta\u0142 mnie kiedy\u015b, co oznacza ten fragment Ewangelii? Ja go w og\u00f3le nie rozumiem. On burzy moje spojrzenie na s\u0142owo Bo\u017ce.<\/span><\/span><\/p>\n<p class=\"western\" align=\"justify\"><span style=\"font-family: Arial, sans-serif;\"><span style=\"font-size: medium;\">A odpowied\u017a jest stosunkowo prosta. I ten fragment nie powinien nas ani martwi\u0107, ani gorszy\u0107, ale zach\u0119ca\u0107 do jeszcze wiernego wype\u0142niania Ewangelii. Przywo\u0142any ju\u017c prorok Izajasz m\u00f3wi dalej o Chrystusie:\u00a0Wielkie b\u0119dzie Jego panowanie w pokoju bez granic na tronie Dawida i nad Jego kr\u00f3lestwem, kt\u00f3re On utwierdzi i umocni prawem i sprawiedliwo\u015bci\u0105, odt\u0105d i na wieki\u00a0(Iz 9, 6). T\u0142umacz\u0105c dzisiejsz\u0105 Ewangeli\u0119, nale\u017cy stwierdzi\u0107, \u017ce przychodz\u0105cy na \u015bwiat Jezus pragnie przynie\u015b\u0107 pok\u00f3j, szcz\u0119\u015bcie, dobrobyt, bezpiecze\u0144stwo. Ale jednocze\u015bnie wie, \u017ce nie wszyscy zaakceptuj\u0105 Jego wizj\u0119 \u015bwiata \u2013 \u015bwiata Bo\u017cego \u2013 jak powie \u015bw. Augustyn:\u00a0civitas Dei. Pojawi\u0105 si\u0119 tacy, kt\u00f3rzy b\u0119d\u0105 walczy\u0107. Pojawi\u0105 si\u0119 tacy, kt\u00f3rym Chrystusowa Ewangelia nie b\u0119dzie si\u0119 podoba\u0107. Bo b\u0119d\u0105 musieli zacz\u0105\u0107 \u017cy\u0107 inaczej. I to wywo\u0142a k\u0142\u00f3tnie, wa\u015bnie. Nawet w rodzinach.<\/span><\/span><\/p>\n<p class=\"western\" align=\"justify\"><span style=\"font-family: Arial, sans-serif;\"><span style=\"font-size: medium;\">Ile\u017c to razy pojawiaj\u0105 si\u0119 sprzeczki w naszych domach, bo na przyk\u0142ad ojciec m\u00f3wi, \u017ce c\u00f3rka nie mo\u017ce mieszka\u0107 z ch\u0142opakiem bez \u015blubu, a matka \u2013 ukszta\u0142towana na kolorowych gazetkach \u2013 twierdzi, \u017ce mo\u017ce: musz\u0105 si\u0119 przecie\u017c dopasowa\u0107 (cokolwiek to mia\u0142oby znaczy\u0107).<\/span><\/span><\/p>\n<p class=\"western\" align=\"justify\"><span style=\"font-family: Arial, sans-serif;\"><span style=\"font-size: medium;\">Albo rodzice zach\u0119caj\u0105 swoje dzieci, aby pami\u0119ta\u0142y o Spowiedzi i Komunii \u015bwi\u0119tej, a dzieci nie bardzo wiedz\u0105, o co w tym chodzi i dlatego k\u0142\u00f3c\u0105 si\u0119, \u017ce nie b\u0119d\u0105 chodzili do ko\u015bcio\u0142a.<\/span><\/span><\/p>\n<p class=\"western\" align=\"justify\"><span style=\"font-family: Arial, sans-serif;\"><span style=\"font-size: medium;\">Czasami te\u017c starsi przestrzegaj\u0105 m\u0142odszych, aby stronili od alkoholu, narkotyk\u00f3w, rozmaitej magii, bo to z\u0142o. M\u0142odzi za\u015b wchodz\u0105 w te rzeczy. A dopiero potem \u2013 jak s\u0105 ju\u017c sponiewierani i na odwyku lub terapii \u2013 m\u00f3wi\u0105: oni mieli racj\u0119.<\/span><\/span><\/p>\n<p class=\"western\" align=\"justify\"><span style=\"font-family: Arial, sans-serif;\"><span style=\"font-size: medium;\">Takie w\u0142a\u015bnie sytuacje mia\u0142 na my\u015bli Pan Jezus, gdy m\u00f3wi\u0142:\u00a0Czy my\u015blicie, \u017ce przyszed\u0142em da\u0107 ziemi pok\u00f3j? Nie, powiadam wam, lecz roz\u0142am\u00a0(\u0141k 12, 51). Te wszystkie sytuacje m\u00f3wi\u0105 o tocz\u0105cym si\u0119 nieustannie sporze o w\u0142a\u015bciw\u0105 wizj\u0119 tego \u015bwiata. Jaki ma by\u0107 ten \u015bwiat? Chrystusowy? Czy anty-Chrystusowy?<\/span><\/span><\/p>\n<p class=\"western\" align=\"justify\">\n<p class=\"western\" align=\"justify\">\n<p class=\"western\" align=\"justify\"><span style=\"font-family: Arial, sans-serif;\"><span style=\"font-size: medium;\">Czy my\u015blicie, \u017ce przyszed\u0142em da\u0107 ziemi pok\u00f3j?\u00a0(\u0141k 12, 51). Ostatecznie tak. Pod warunkiem, \u017ce wszyscy staniemy si\u0119 Chrystusowi. Amen.<\/span><\/span><\/p>\n","protected":false},"excerpt":{"rendered":"<p>Tekst Ewangelii (\u0141k\u00a012,49-53):\u00a0Przyszed\u0142em rzuci\u0107 ogie\u0144 na ziemi\u0119 i jak\u017ce bardzo pragn\u0119, \u017ceby on ju\u017c zap\u0142on\u0105\u0142. Chrzest mam przyj\u0105\u0107 i jakiej doznaj\u0119 udr\u0119ki, a\u017c si\u0119 to stanie. Czy my\u015blicie, \u017ce przyszed\u0142em da\u0107 ziemi pok\u00f3j? Nie, powiadam wam, lecz roz\u0142am. Odt\u0105d bowiem pi\u0119cioro b\u0119dzie rozdwojonych w jednym domu: troje stanie przeciw dwojgu, a dwoje przeciw trojgu; ojciec przeciw synowi, a syn przeciw ojcu; matka przeciw c\u00f3rce, a c\u00f3rka przeciw matce; te\u015bciowa przeciw synowej, a synowa przeciw te\u015bciowej\u00bb. Czy my\u015blicie, \u017ce przyszed\u0142em da\u0107 ziemi pok\u00f3j? Nie, powiadam wam, lecz roz\u0142am\u00a0(\u0141k 12, 51). Podczas spotka\u0144 z narzeczonymi w kancelarii parafialnej zdarzaj\u0105 si\u0119 i tacy adepci do ma\u0142\u017ce\u0144stwa, kt\u00f3rzy na pytanie kap\u0142ana o to, czy si\u0119 k\u0142\u00f3c\u0105, odpowiadaj\u0105, \u017ce nie. Dodaj\u0105 , \u017ce nigdy si\u0119 jeszcze nie pok\u0142\u00f3cili. Kap\u0142an m\u00f3wi im wtedy, aby si\u0119 kiedy\u015b pok\u0142\u00f3cili. Po co? Bo musz\u0105 si\u0119 przekona\u0107, czy b\u0119d\u0105 potrafili si\u0119 r\u00f3wnie\u017c pogodzi\u0107. Bo sprzeczanie si\u0119 w naszym \u017cyciu jest&hellip;<\/p>\n<p> <a class=\"more-link\" href=\"http:\/\/www.franciszek-walcz.pl\/?p=28958\">Czytaj dalej<\/a><\/p>\n","protected":false},"author":1,"featured_media":0,"comment_status":"closed","ping_status":"closed","sticky":false,"template":"","format":"standard","meta":{"footnotes":""},"categories":[5],"tags":[],"class_list":{"0":"post-28958","1":"post","2":"type-post","3":"status-publish","4":"format-standard","6":"category-artykuly"},"brizy_media":[],"_links":{"self":[{"href":"http:\/\/www.franciszek-walcz.pl\/index.php?rest_route=\/wp\/v2\/posts\/28958","targetHints":{"allow":["GET"]}}],"collection":[{"href":"http:\/\/www.franciszek-walcz.pl\/index.php?rest_route=\/wp\/v2\/posts"}],"about":[{"href":"http:\/\/www.franciszek-walcz.pl\/index.php?rest_route=\/wp\/v2\/types\/post"}],"author":[{"embeddable":true,"href":"http:\/\/www.franciszek-walcz.pl\/index.php?rest_route=\/wp\/v2\/users\/1"}],"replies":[{"embeddable":true,"href":"http:\/\/www.franciszek-walcz.pl\/index.php?rest_route=%2Fwp%2Fv2%2Fcomments&post=28958"}],"version-history":[{"count":1,"href":"http:\/\/www.franciszek-walcz.pl\/index.php?rest_route=\/wp\/v2\/posts\/28958\/revisions"}],"predecessor-version":[{"id":28959,"href":"http:\/\/www.franciszek-walcz.pl\/index.php?rest_route=\/wp\/v2\/posts\/28958\/revisions\/28959"}],"wp:attachment":[{"href":"http:\/\/www.franciszek-walcz.pl\/index.php?rest_route=%2Fwp%2Fv2%2Fmedia&parent=28958"}],"wp:term":[{"taxonomy":"category","embeddable":true,"href":"http:\/\/www.franciszek-walcz.pl\/index.php?rest_route=%2Fwp%2Fv2%2Fcategories&post=28958"},{"taxonomy":"post_tag","embeddable":true,"href":"http:\/\/www.franciszek-walcz.pl\/index.php?rest_route=%2Fwp%2Fv2%2Ftags&post=28958"}],"curies":[{"name":"wp","href":"https:\/\/api.w.org\/{rel}","templated":true}]}}