{"id":28992,"date":"2025-08-30T11:56:29","date_gmt":"2025-08-30T09:56:29","guid":{"rendered":"http:\/\/www.franciszek-walcz.pl\/?p=28992"},"modified":"2025-08-30T11:59:23","modified_gmt":"2025-08-30T09:59:23","slug":"1-wrzesnia","status":"publish","type":"post","link":"http:\/\/www.franciszek-walcz.pl\/?p=28992","title":{"rendered":"1 wrze\u015bnia"},"content":{"rendered":"<p class=\"western\" align=\"justify\"><span style=\"font-family: Arial, sans-serif;\"><span style=\"font-size: medium;\"><span style=\"font-family: Times New Roman, serif;\"><span style=\"font-size: large;\">1 wrze\u015bnia \u2013 dzie\u0144 wobec kt\u00f3rego patriotycznie usposobiony Polak nie mo\u017ce przej\u015b\u0107 oboj\u0119tnie. Dla uczni\u00f3w i nauczycieli to dzie\u0144 zako\u0144czenia wakacji i powrotu do nauki i szkolnych obowi\u0105zk\u00f3w. Dla niekt\u00f3rych \u017co\u0142nierzy jest to dzie\u0144 S\u0142u\u017cby Informacji Powietrznej, czy \u015bwi\u0119to Wojsk Obrony Przeciwlotniczej, ale to co \u0142\u0105czy nasz nar\u00f3d pod t\u0105 dat\u0105 to wspomnienie agresji wojsk hitlerowskiej Rzeszy niemieckiej na nasz\u0105 Ojczyzn\u0119. Dzie\u0144 rozpocz\u0119cia hekatomby wielu milion\u00f3w istnie\u0144 ludzkich na ca\u0142ym \u015bwiecie. Dzie\u0144 rozlewania przez imperium z\u0142a swojej machiny \u015bmierci na swojego s\u0105siada, kt\u00f3ry jako pierwszy stawi\u0142 zbrojny op\u00f3r wobec naje\u017ad\u017acy i nie ugi\u0105\u0142 si\u0119 wielorakim szanta\u017com politycznym. Wobec tych wydarze\u0144, kt\u00f3re dok\u0142adnie 86 lat temu si\u0119 rozpocz\u0119\u0142y nie mo\u017cemy przej\u015b\u0107 oboj\u0119tnie.<\/span><\/span><\/span><\/span><\/p>\n<p class=\"western\" align=\"justify\"><span style=\"font-family: Arial, sans-serif;\"><span style=\"font-size: medium;\"><span style=\"font-family: Times New Roman, serif;\"><span style=\"font-size: large;\"> Nasza wiara chrze\u015bcija\u0144ska da\u0142a nadziej\u0119 \u017cycia wiecznego tym wszystkim, kt\u00f3rzy w obronie kraju zap\u0142acili najwi\u0119ksz\u0105 cen\u0119.<\/span><\/span><\/span><\/span><\/p>\n<p class=\"western\" align=\"justify\"><span style=\"font-family: Arial, sans-serif;\"><span style=\"font-size: medium;\"><span style=\"font-family: Times New Roman, serif;\"><span style=\"font-size: large;\">\u015aw. Pawe\u0142 naucza nas, \u017ce tak jak Chrystus umar\u0142 i zmartwychwsta\u0142, ka\u017cdego, kto w Nim by\u0142 zjednoczony przywr\u00f3ci do \u017cycia. Pochylamy si\u0119 nad tragedi\u0105 i z \u017ca\u0142ob\u0105 wspominamy obro\u0144c\u00f3w naszej Ojczyzny.<\/span><\/span><\/span><\/span><\/p>\n<p class=\"western\" align=\"justify\"><span style=\"font-family: Arial, sans-serif;\"><span style=\"font-size: medium;\"><span style=\"font-family: Times New Roman, serif;\"><span style=\"font-size: large;\">Mo\u017ce si\u0119 w nas pojawi\u0107 niepok\u00f3j i smutek. \u015aw. Pawe\u0142 chce nas pocieszy\u0107 i przypomina nam prawdy wiary, wyci\u0105gaj\u0105c wnioski. Je\u017celi wierzymy, \u017ce Jezus umar\u0142, musimy te\u017c wierzy\u0107, \u017ce B\u00f3g zgromadzi przy Nim wszystkich wierz\u0105cych. Dla chrze\u015bcijan \u015bmier\u0107 nie jest oddzieleniem od Boga, ani od Chrystusa. Po zmartwychwstaniu nowy cz\u0142owiek na zawsze b\u0119dzie z Bogiem. <\/span><\/span><\/span><\/span><\/p>\n<p class=\"western\" align=\"justify\"><span style=\"font-family: Arial, sans-serif;\"><span style=\"font-size: medium;\"><span style=\"font-family: Times New Roman, serif;\"><span style=\"font-size: large;\">By\u0107 chrze\u015bcijaninem, to wiedzie\u0107, \u017ce d\u017awiga si\u0119 \u0142a\u0144cuch \u015bmierci i mimo wszystko i\u015b\u0107 dalej. To wiedzie\u0107, \u017ce umrzemy, a jednak dawa\u0107 innym \u015bwiadectwo o rado\u015bci Chrystusa zmartwychwsta\u0142ego. \u015amier\u0107 mo\u017ce budzi\u0107 w nas l\u0119k przed Bo\u017cym s\u0105dem, ale ten s\u0105d b\u0119dzie opiera\u0142 si\u0119 na mi\u0142o\u015bci, r\u00f3wnie\u017c i wobec tych, kt\u00f3rych si\u0119 s\u0142u\u017cy i oddaje \u017cycie.<\/span><\/span><\/span><\/span><\/p>\n<p class=\"western\" align=\"justify\"><span style=\"font-family: Arial, sans-serif;\"><span style=\"font-size: medium;\"><span style=\"font-family: Times New Roman, serif;\"><span style=\"font-size: large;\">Niech i nam wspominaj\u0105cym wybuch II wojny \u015bwiatowej nie zabraknie nadziei na zmartwychwstanie umar\u0142ych i \u017ce po naszej ziemskiej pielgrzymce zobaczymy si\u0119 z bohaterami walki obronnej z 1939 r. w Kr\u00f3lestwie Niebieskim. <\/span><\/span><\/span><\/span><\/p>\n","protected":false},"excerpt":{"rendered":"<p>1 wrze\u015bnia \u2013 dzie\u0144 wobec kt\u00f3rego patriotycznie usposobiony Polak nie mo\u017ce przej\u015b\u0107 oboj\u0119tnie. Dla uczni\u00f3w i nauczycieli to dzie\u0144 zako\u0144czenia wakacji i powrotu do nauki i szkolnych obowi\u0105zk\u00f3w. Dla niekt\u00f3rych \u017co\u0142nierzy jest to dzie\u0144 S\u0142u\u017cby Informacji Powietrznej, czy \u015bwi\u0119to Wojsk Obrony Przeciwlotniczej, ale to co \u0142\u0105czy nasz nar\u00f3d pod t\u0105 dat\u0105 to wspomnienie agresji wojsk hitlerowskiej Rzeszy niemieckiej na nasz\u0105 Ojczyzn\u0119. Dzie\u0144 rozpocz\u0119cia hekatomby wielu milion\u00f3w istnie\u0144 ludzkich na ca\u0142ym \u015bwiecie. Dzie\u0144 rozlewania przez imperium z\u0142a swojej machiny \u015bmierci na swojego s\u0105siada, kt\u00f3ry jako pierwszy stawi\u0142 zbrojny op\u00f3r wobec naje\u017ad\u017acy i nie ugi\u0105\u0142 si\u0119 wielorakim szanta\u017com politycznym. Wobec tych wydarze\u0144, kt\u00f3re dok\u0142adnie 86 lat temu si\u0119 rozpocz\u0119\u0142y nie mo\u017cemy przej\u015b\u0107 oboj\u0119tnie. Nasza wiara chrze\u015bcija\u0144ska da\u0142a nadziej\u0119 \u017cycia wiecznego tym wszystkim, kt\u00f3rzy w obronie kraju zap\u0142acili najwi\u0119ksz\u0105 cen\u0119. \u015aw. Pawe\u0142 naucza nas, \u017ce tak jak Chrystus umar\u0142 i zmartwychwsta\u0142, ka\u017cdego, kto w Nim by\u0142 zjednoczony przywr\u00f3ci do \u017cycia. Pochylamy si\u0119 nad&hellip;<\/p>\n<p> <a class=\"more-link\" href=\"http:\/\/www.franciszek-walcz.pl\/?p=28992\">Czytaj dalej<\/a><\/p>\n","protected":false},"author":1,"featured_media":0,"comment_status":"closed","ping_status":"closed","sticky":false,"template":"","format":"standard","meta":{"footnotes":""},"categories":[5],"tags":[],"class_list":{"0":"post-28992","1":"post","2":"type-post","3":"status-publish","4":"format-standard","6":"category-artykuly"},"brizy_media":[],"_links":{"self":[{"href":"http:\/\/www.franciszek-walcz.pl\/index.php?rest_route=\/wp\/v2\/posts\/28992","targetHints":{"allow":["GET"]}}],"collection":[{"href":"http:\/\/www.franciszek-walcz.pl\/index.php?rest_route=\/wp\/v2\/posts"}],"about":[{"href":"http:\/\/www.franciszek-walcz.pl\/index.php?rest_route=\/wp\/v2\/types\/post"}],"author":[{"embeddable":true,"href":"http:\/\/www.franciszek-walcz.pl\/index.php?rest_route=\/wp\/v2\/users\/1"}],"replies":[{"embeddable":true,"href":"http:\/\/www.franciszek-walcz.pl\/index.php?rest_route=%2Fwp%2Fv2%2Fcomments&post=28992"}],"version-history":[{"count":1,"href":"http:\/\/www.franciszek-walcz.pl\/index.php?rest_route=\/wp\/v2\/posts\/28992\/revisions"}],"predecessor-version":[{"id":28993,"href":"http:\/\/www.franciszek-walcz.pl\/index.php?rest_route=\/wp\/v2\/posts\/28992\/revisions\/28993"}],"wp:attachment":[{"href":"http:\/\/www.franciszek-walcz.pl\/index.php?rest_route=%2Fwp%2Fv2%2Fmedia&parent=28992"}],"wp:term":[{"taxonomy":"category","embeddable":true,"href":"http:\/\/www.franciszek-walcz.pl\/index.php?rest_route=%2Fwp%2Fv2%2Fcategories&post=28992"},{"taxonomy":"post_tag","embeddable":true,"href":"http:\/\/www.franciszek-walcz.pl\/index.php?rest_route=%2Fwp%2Fv2%2Ftags&post=28992"}],"curies":[{"name":"wp","href":"https:\/\/api.w.org\/{rel}","templated":true}]}}