{"id":29047,"date":"2025-09-13T15:55:01","date_gmt":"2025-09-13T13:55:01","guid":{"rendered":"http:\/\/www.franciszek-walcz.pl\/?p=29047"},"modified":"2025-09-13T15:55:01","modified_gmt":"2025-09-13T13:55:01","slug":"14-wrzesnia-swieto-podwyzszenia-krzyza","status":"publish","type":"post","link":"http:\/\/www.franciszek-walcz.pl\/?p=29047","title":{"rendered":"14 wrze\u015bnia: \u015awi\u0119to Podwy\u017cszenia Krzy\u017ca"},"content":{"rendered":"<p class=\"western\" align=\"justify\"><span style=\"font-family: Arial, sans-serif;\"><span style=\"font-size: medium;\">Tekst Ewangelii (J\u00a03,13-17):\u00a0I nikt nie wst\u0105pi\u0142 do nieba, opr\u00f3cz Tego, kt\u00f3ry z nieba zst\u0105pi\u0142 &#8211; Syna Cz\u0142owieczego. A jak Moj\u017cesz wywy\u017cszy\u0142 w\u0119\u017ca na pustyni, tak potrzeba, by wywy\u017cszono Syna Cz\u0142owieczego, aby ka\u017cdy, kto w Niego wierzy, mia\u0142 \u017cycie wieczne. Tak bowiem B\u00f3g umi\u0142owa\u0142 \u015bwiat, \u017ce Syna swego Jednorodzonego da\u0142, aby ka\u017cdy, kto w Niego wierzy, nie zgin\u0105\u0142, ale mia\u0142 \u017cycie wieczne. Albowiem B\u00f3g nie pos\u0142a\u0142 swego Syna na \u015bwiat po to, aby \u015bwiat pot\u0119pi\u0142, ale po to, by \u015bwiat zosta\u0142 przez Niego zbawiony.<\/span><\/span><\/p>\n<p class=\"western\" align=\"justify\"><strong><span style=\"font-family: Arial, sans-serif;\"><span style=\"font-size: medium;\">\u00abAby ka\u017cdy, kto w Niego wierzy mia\u0142 \u017cycie wieczne\u00bb<\/span><\/span><\/strong><\/p>\n<p class=\"western\" align=\"justify\"><span style=\"font-family: Arial, sans-serif;\"><span style=\"font-size: medium;\">Dzisiejsza Ewangelia jest przepowiedni\u0105, to znaczy spojrzeniem w lustro rzeczywisto\u015bci, kt\u00f3re wprowadza nas w prawd\u0119, le\u017c\u0105c\u0105 poza tym, co m\u00f3wi\u0105 nam zmys\u0142y: Krzy\u017c, \u015awi\u0119ty Krzy\u017c Jezusa Chrystusa jest Tronem Zbawiciela. Dlatego Jezus m\u00f3wi, \u017ce \u00abSyn Cz\u0142owieczy musi zosta\u0107 wywy\u017cszony\u00bb (J 3,14).<\/p>\n<p>Dobrze wiemy, \u017ce krzy\u017c by\u0142 najstraszliwsz\u0105 i najbardziej ha\u0144bi\u0105c\u0105 kar\u0105 \u015bmierci w tamtych czasach. Wychwalanie Krzy\u017ca \u015awi\u0119tego by\u0142oby cynizmem, gdyby nie to, \u017ce znajduje si\u0119 na nim Ukrzy\u017cowany. Krzy\u017c bez Zbawiciela jest czystym cynizmem; z Synem Cz\u0142owieczym staje si\u0119 nowym drzewem M\u0105dro\u015bci. Jezus Chrystus, dobrowolnie wybieraj\u0105c cierpienie Krzy\u017ca, stworzy\u0142 sens i cel naszego \u017cycia: wst\u0105pi\u0107 wraz z Nim na Krzy\u017c, aby otworzy\u0107 ramiona i serce na Dar Boga, w godnej podziwu wymianie. Tutaj te\u017c s\u0142yszymy g\u0142os Ojca z nieba: \u00abTo jest m\u00f3j Syn (&#8230;), w kt\u00f3rym mam upodobanie\u00bb (Mk 1,11). Zosta\u0107 ukrzy\u017cowanym z Jezusem i zmartwychwsta\u0107 z Nim: to odpowied\u017a na wszystko! Jest nadzieja, sens, wieczno\u015b\u0107, jest \u017cycie! Nie jeste\u015bmy szale\u0144cami, my chrze\u015bcijanie, kiedy podczas Wigilii Paschalnej, w spos\u00f3b uroczysty, wy\u015bpiewujemy pochwa\u0142\u0119 grzechu pierworodnego: \u00abB\u0142ogos\u0142awiona wina, skoro j\u0105 zg\u0142adzi\u0142 tak wielki Odkupiciel\u00bb, kt\u00f3ry swoim b\u00f3lem nada\u0142 &#8222;sens&#8221; wszelkiemu b\u00f3lowi.<\/p>\n<p>\u00abOto drzewo krzy\u017ca, na kt\u00f3rym zawis\u0142o Zbawienie \u015awiata: p\u00f3jd\u017amy z pok\u0142onem\u00bb (Liturgia Wielkiego Pi\u0105tku). Je\u015bli damy rad\u0119 przezwyci\u0119\u017cy\u0107 skandal i szale\u0144stwo ukrzy\u017cowania Chrystusa, pozostaje tylko adorowanie Go i dzi\u0119kowanie mu za Jego Dar. I zdecydowane poszukiwanie \u015awi\u0119tego Krzy\u017ca w naszym \u017cyciu, aby wype\u0142ni\u0107 si\u0119 pewno\u015bci\u0105, \u017ce \u00abprzez Niego, z Nim i w Nim\u00bb, nasze po\u015bwi\u0119cenie zostanie przemienione r\u0119kami Ojca, przez Ducha \u015awi\u0119tego, w \u017cycie wieczne.<\/span><\/span><\/p>\n","protected":false},"excerpt":{"rendered":"<p>Tekst Ewangelii (J\u00a03,13-17):\u00a0I nikt nie wst\u0105pi\u0142 do nieba, opr\u00f3cz Tego, kt\u00f3ry z nieba zst\u0105pi\u0142 &#8211; Syna Cz\u0142owieczego. A jak Moj\u017cesz wywy\u017cszy\u0142 w\u0119\u017ca na pustyni, tak potrzeba, by wywy\u017cszono Syna Cz\u0142owieczego, aby ka\u017cdy, kto w Niego wierzy, mia\u0142 \u017cycie wieczne. Tak bowiem B\u00f3g umi\u0142owa\u0142 \u015bwiat, \u017ce Syna swego Jednorodzonego da\u0142, aby ka\u017cdy, kto w Niego wierzy, nie zgin\u0105\u0142, ale mia\u0142 \u017cycie wieczne. Albowiem B\u00f3g nie pos\u0142a\u0142 swego Syna na \u015bwiat po to, aby \u015bwiat pot\u0119pi\u0142, ale po to, by \u015bwiat zosta\u0142 przez Niego zbawiony. \u00abAby ka\u017cdy, kto w Niego wierzy mia\u0142 \u017cycie wieczne\u00bb Dzisiejsza Ewangelia jest przepowiedni\u0105, to znaczy spojrzeniem w lustro rzeczywisto\u015bci, kt\u00f3re wprowadza nas w prawd\u0119, le\u017c\u0105c\u0105 poza tym, co m\u00f3wi\u0105 nam zmys\u0142y: Krzy\u017c, \u015awi\u0119ty Krzy\u017c Jezusa Chrystusa jest Tronem Zbawiciela. Dlatego Jezus m\u00f3wi, \u017ce \u00abSyn Cz\u0142owieczy musi zosta\u0107 wywy\u017cszony\u00bb (J 3,14). Dobrze wiemy, \u017ce krzy\u017c by\u0142 najstraszliwsz\u0105 i najbardziej ha\u0144bi\u0105c\u0105 kar\u0105 \u015bmierci w tamtych czasach. Wychwalanie Krzy\u017ca \u015awi\u0119tego&hellip;<\/p>\n<p> <a class=\"more-link\" href=\"http:\/\/www.franciszek-walcz.pl\/?p=29047\">Czytaj dalej<\/a><\/p>\n","protected":false},"author":1,"featured_media":0,"comment_status":"closed","ping_status":"closed","sticky":false,"template":"","format":"standard","meta":{"footnotes":""},"categories":[5],"tags":[],"class_list":{"0":"post-29047","1":"post","2":"type-post","3":"status-publish","4":"format-standard","6":"category-artykuly"},"brizy_media":[],"_links":{"self":[{"href":"http:\/\/www.franciszek-walcz.pl\/index.php?rest_route=\/wp\/v2\/posts\/29047","targetHints":{"allow":["GET"]}}],"collection":[{"href":"http:\/\/www.franciszek-walcz.pl\/index.php?rest_route=\/wp\/v2\/posts"}],"about":[{"href":"http:\/\/www.franciszek-walcz.pl\/index.php?rest_route=\/wp\/v2\/types\/post"}],"author":[{"embeddable":true,"href":"http:\/\/www.franciszek-walcz.pl\/index.php?rest_route=\/wp\/v2\/users\/1"}],"replies":[{"embeddable":true,"href":"http:\/\/www.franciszek-walcz.pl\/index.php?rest_route=%2Fwp%2Fv2%2Fcomments&post=29047"}],"version-history":[{"count":1,"href":"http:\/\/www.franciszek-walcz.pl\/index.php?rest_route=\/wp\/v2\/posts\/29047\/revisions"}],"predecessor-version":[{"id":29048,"href":"http:\/\/www.franciszek-walcz.pl\/index.php?rest_route=\/wp\/v2\/posts\/29047\/revisions\/29048"}],"wp:attachment":[{"href":"http:\/\/www.franciszek-walcz.pl\/index.php?rest_route=%2Fwp%2Fv2%2Fmedia&parent=29047"}],"wp:term":[{"taxonomy":"category","embeddable":true,"href":"http:\/\/www.franciszek-walcz.pl\/index.php?rest_route=%2Fwp%2Fv2%2Fcategories&post=29047"},{"taxonomy":"post_tag","embeddable":true,"href":"http:\/\/www.franciszek-walcz.pl\/index.php?rest_route=%2Fwp%2Fv2%2Ftags&post=29047"}],"curies":[{"name":"wp","href":"https:\/\/api.w.org\/{rel}","templated":true}]}}