{"id":29084,"date":"2025-10-04T12:50:33","date_gmt":"2025-10-04T10:50:33","guid":{"rendered":"http:\/\/www.franciszek-walcz.pl\/?p=29084"},"modified":"2025-10-04T12:50:33","modified_gmt":"2025-10-04T10:50:33","slug":"xxvii-niedziela-okresu-zwyklego-2","status":"publish","type":"post","link":"http:\/\/www.franciszek-walcz.pl\/?p=29084","title":{"rendered":"XXVII Niedziela okresu zwyk\u0142ego"},"content":{"rendered":"<p class=\"western\" align=\"justify\"><span style=\"font-family: Arial, sans-serif;\"><span style=\"font-size: medium;\">Tekst Ewangelii (\u0141k\u00a017,5-10):\u00a0Aposto\u0142owie prosili Pana: Przymn\u00f3\u017c nam wiary!\u00bb Pan rzek\u0142: \u00abGdyby\u015bcie mieli wiar\u0119 jak ziarnko gorczycy, powiedzieliby\u015bcie tej morwie: &#8222;Wyrwij si\u0119 z korzeniem i przesad\u017a si\u0119 w morze!&#8221;, a by\u0142aby wam pos\u0142uszna.<\/p>\n<p>Kto z was, maj\u0105c s\u0142ug\u0119, kt\u00f3ry orze lub pasie, powie mu, gdy on wr\u00f3ci z pola: &#8222;P\u00f3jd\u017a i si\u0105d\u017a do sto\u0142u?&#8221; Czy nie powie mu raczej: &#8222;Przygotuj mi wieczerz\u0119, przepasz si\u0119 i us\u0142uguj mi, a\u017c zjem i napij\u0119 si\u0119, a potem ty b\u0119dziesz jad\u0142 i pi\u0142?&#8221; Czy dzi\u0119kuje s\u0142udze za to, \u017ce wykona\u0142 to, co mu polecono? Tak m\u00f3wcie i wy, gdy uczynicie wszystko, co wam polecono: &#8222;S\u0142udzy nieu\u017cyteczni jeste\u015bmy; wykonali\u015bmy to, co powinni\u015bmy wykona\u0107&#8221;\u00bb.<\/span><\/span><\/p>\n<p class=\"western\" align=\"justify\"><strong><span style=\"font-family: Arial, sans-serif;\"><span style=\"font-size: medium;\">\u00abS\u0142udzy nieu\u017cyteczni jeste\u015bmy; wykonali\u015bmy to, co powinni\u015bmy wykona\u0107\u00bb<\/span><\/span><\/strong><\/p>\n<p class=\"western\" align=\"justify\"><span style=\"font-family: Arial, sans-serif;\"><span style=\"font-size: medium;\">Dzisiaj Chrystus ponownie opowiada o s\u0142u\u017cbie. Ewangelia zawsze podkre\u015bla ducha s\u0142u\u017cby. Pomaga nam w tym rozwa\u017canie S\u0142owa Boga wcielonego. Chrystus potwierdza: \u00abJa jestem po\u015br\u00f3d was jak ten, kt\u00f3ry s\u0142u\u017cy\u00bb (\u0141k 22,27), \u00abSyn Cz\u0142owieczy nie przyszed\u0142, aby Mu s\u0142u\u017cono, lecz aby s\u0142u\u017cy\u0107 i da\u0107 swoje \u017cycie na okup za wielu\u00bb (Mt 20,28). Pewnego razu ten przyk\u0142ad Jezusa wyrazi\u0142 si\u0119 w pos\u0142udze obmycia st\u00f3p uczniom. Chcia\u0142 On tym gestem wyja\u015bni\u0107 jak powinni s\u0142u\u017cy\u0107, pomaga\u0107 sobie nawzajem i kocha\u0107 jedni drugich, jak bracia i s\u0142udzy wszystkich, tak to ukazuje przypowie\u015b\u0107 o dobrym samarytaninie.<\/p>\n<p>Ca\u0142e \u017cycie chrze\u015bcijanina powinno polega\u0107 na s\u0142u\u017ceniu i nie ma si\u0119 nam wydawa\u0107, \u017ce robimy co\u015b nadzwyczajnego. Wszystkie dziedziny \u017cycia, rodzina, praca, sfera spo\u0142eczna, \u015bwiat polityki, ekonomii, etc., powinny by\u0107 przesi\u0105kni\u0119te duchem s\u0142u\u017cby. \u00abS\u0142u\u017cy\u0107, aby s\u0142u\u017cy\u0107\u00bb. Aby \u201cby\u0107 u\u017cytecznym\u201d konieczne jest \u017cycie hojne i nie poszukuj\u0105ce chwa\u0142y, zaszczyt\u00f3w i oklask\u00f3w.<\/p>\n<p>Kiedy obsadzano najwa\u017cniejsze urz\u0119dy w hierarchii, staro\u017cytni mawiali \u201cnolentesquaerimus\u201d \u2014 \u00abna wysokie stanowiska szukamy ludzi, kt\u00f3rzy wcale tego nie pragn\u0105, kt\u00f3rzy nie chc\u0105 si\u0119 wyr\u00f3\u017cnia\u0107\u00bb. Taka sama jest intencja dobrych pasterzy gotowych s\u0142u\u017cy\u0107 Ko\u015bcio\u0142owi, tak jak on chce aby mu s\u0142u\u017cono: przyj\u0119cie postawy s\u0142ugi, tak jak Chrystus. Pami\u0119tajmy, \u017ce funkcje w Ko\u015bciele nale\u017cy pe\u0142ni\u0107 zgodnie ze s\u0142owami \u015awi\u0119tego Augustyna: \u00abNon tam praeessequamprodesse\u00bb; nie tyle rozkazem i przyw\u00f3dztwem, ile raczej u\u017cyteczn\u0105 pos\u0142ug\u0105.<\/span><\/span><\/p>\n","protected":false},"excerpt":{"rendered":"<p>Tekst Ewangelii (\u0141k\u00a017,5-10):\u00a0Aposto\u0142owie prosili Pana: Przymn\u00f3\u017c nam wiary!\u00bb Pan rzek\u0142: \u00abGdyby\u015bcie mieli wiar\u0119 jak ziarnko gorczycy, powiedzieliby\u015bcie tej morwie: &#8222;Wyrwij si\u0119 z korzeniem i przesad\u017a si\u0119 w morze!&#8221;, a by\u0142aby wam pos\u0142uszna. Kto z was, maj\u0105c s\u0142ug\u0119, kt\u00f3ry orze lub pasie, powie mu, gdy on wr\u00f3ci z pola: &#8222;P\u00f3jd\u017a i si\u0105d\u017a do sto\u0142u?&#8221; Czy nie powie mu raczej: &#8222;Przygotuj mi wieczerz\u0119, przepasz si\u0119 i us\u0142uguj mi, a\u017c zjem i napij\u0119 si\u0119, a potem ty b\u0119dziesz jad\u0142 i pi\u0142?&#8221; Czy dzi\u0119kuje s\u0142udze za to, \u017ce wykona\u0142 to, co mu polecono? Tak m\u00f3wcie i wy, gdy uczynicie wszystko, co wam polecono: &#8222;S\u0142udzy nieu\u017cyteczni jeste\u015bmy; wykonali\u015bmy to, co powinni\u015bmy wykona\u0107&#8221;\u00bb. \u00abS\u0142udzy nieu\u017cyteczni jeste\u015bmy; wykonali\u015bmy to, co powinni\u015bmy wykona\u0107\u00bb Dzisiaj Chrystus ponownie opowiada o s\u0142u\u017cbie. Ewangelia zawsze podkre\u015bla ducha s\u0142u\u017cby. Pomaga nam w tym rozwa\u017canie S\u0142owa Boga wcielonego. Chrystus potwierdza: \u00abJa jestem po\u015br\u00f3d was jak ten, kt\u00f3ry s\u0142u\u017cy\u00bb (\u0141k 22,27), \u00abSyn Cz\u0142owieczy nie przyszed\u0142,&hellip;<\/p>\n<p> <a class=\"more-link\" href=\"http:\/\/www.franciszek-walcz.pl\/?p=29084\">Czytaj dalej<\/a><\/p>\n","protected":false},"author":1,"featured_media":0,"comment_status":"closed","ping_status":"closed","sticky":false,"template":"","format":"standard","meta":{"footnotes":""},"categories":[5],"tags":[],"class_list":{"0":"post-29084","1":"post","2":"type-post","3":"status-publish","4":"format-standard","6":"category-artykuly"},"brizy_media":[],"_links":{"self":[{"href":"http:\/\/www.franciszek-walcz.pl\/index.php?rest_route=\/wp\/v2\/posts\/29084","targetHints":{"allow":["GET"]}}],"collection":[{"href":"http:\/\/www.franciszek-walcz.pl\/index.php?rest_route=\/wp\/v2\/posts"}],"about":[{"href":"http:\/\/www.franciszek-walcz.pl\/index.php?rest_route=\/wp\/v2\/types\/post"}],"author":[{"embeddable":true,"href":"http:\/\/www.franciszek-walcz.pl\/index.php?rest_route=\/wp\/v2\/users\/1"}],"replies":[{"embeddable":true,"href":"http:\/\/www.franciszek-walcz.pl\/index.php?rest_route=%2Fwp%2Fv2%2Fcomments&post=29084"}],"version-history":[{"count":1,"href":"http:\/\/www.franciszek-walcz.pl\/index.php?rest_route=\/wp\/v2\/posts\/29084\/revisions"}],"predecessor-version":[{"id":29085,"href":"http:\/\/www.franciszek-walcz.pl\/index.php?rest_route=\/wp\/v2\/posts\/29084\/revisions\/29085"}],"wp:attachment":[{"href":"http:\/\/www.franciszek-walcz.pl\/index.php?rest_route=%2Fwp%2Fv2%2Fmedia&parent=29084"}],"wp:term":[{"taxonomy":"category","embeddable":true,"href":"http:\/\/www.franciszek-walcz.pl\/index.php?rest_route=%2Fwp%2Fv2%2Fcategories&post=29084"},{"taxonomy":"post_tag","embeddable":true,"href":"http:\/\/www.franciszek-walcz.pl\/index.php?rest_route=%2Fwp%2Fv2%2Ftags&post=29084"}],"curies":[{"name":"wp","href":"https:\/\/api.w.org\/{rel}","templated":true}]}}