{"id":29115,"date":"2025-10-11T13:18:20","date_gmt":"2025-10-11T11:18:20","guid":{"rendered":"http:\/\/www.franciszek-walcz.pl\/?p=29115"},"modified":"2025-10-11T13:18:20","modified_gmt":"2025-10-11T11:18:20","slug":"xxviii-niedziela-okresu-zwyklego-2","status":"publish","type":"post","link":"http:\/\/www.franciszek-walcz.pl\/?p=29115","title":{"rendered":"XXVIII Niedziela okresu zwyk\u0142ego"},"content":{"rendered":"<p class=\"western\" align=\"justify\"><span style=\"font-family: Arial, sans-serif;\"><span style=\"font-size: medium;\">W sobot\u0119 , 11 X rozpocz\u0119li\u015bmy nawiedzenie obrazu Matki Bo\u017cej \u0141askawej, patronki Warszawy i Stra\u017cniczki Polski w naszej Parafii. Popatrzmy na ten obraz i przyjrzyjmy si\u0119 tym po\u0142amanym przez Maryj\u0119 strza\u0142om i odczytajmy je w nowym kluczu.<\/span><\/span><\/p>\n<p class=\"western\" align=\"justify\"><span style=\"font-family: Arial, sans-serif;\"><span style=\"font-size: medium;\">Kiedy\u015b, jeszcze we W\u0142oszech, w XV wieku, interpretowano je, jako strza\u0142y Bo\u017cego gniewu, ale przecie\u017c B\u00f3g nie rani, nie walczy przeciwko cz\u0142owiekowi. On go podnosi, umacnia, daje nadziej\u0119. P\u00f3\u017aniej, gdy kult Matki Bo\u017cej \u0141askawej przyw\u0119drowa\u0142 do Polski, te po\u0142amane strza\u0142y uto\u017csamiano z siedmioma nieszcz\u0119\u015bciami zes\u0142anymi na ludzi przez anio\u0142a zapalczywo\u015bci: epidemie, wojny, pomieszanie zmys\u0142\u00f3w, parali\u017c, ska\u017cenie, ciemno\u015bci i \u015bmier\u0107.<\/span><\/span><\/p>\n<p class=\"western\" align=\"justify\"><span style=\"font-family: Arial, sans-serif;\"><span style=\"font-size: medium;\">Maryja te strza\u0142y \u0142ama\u0142a. Ratowa\u0142a nas. Dzisiaj ten obraz odczytajmy w nowy spos\u00f3b, bardziej przystaj\u0105cy do rzeczywisto\u015bci, w kt\u00f3rej \u017cyjemy. Strza\u0142y, jakie \u0142amie Maryja, to strza\u0142y, jakimi sami ranimy si\u0119 nawzajem. Siedem strza\u0142 to siedem grzech\u00f3w g\u0142\u00f3wnych: pycha, chciwo\u015b\u0107, nieczysto\u015b\u0107, zazdro\u015b\u0107, nieumiarkowanie, gniew i lenistwo. Nie to powinno kr\u00f3lowa\u0107 w naszych my\u015blach i w naszych sercach.<\/span><\/span><\/p>\n<p class=\"western\" align=\"justify\"><span style=\"font-family: Arial, sans-serif;\"><span style=\"font-size: medium;\">Maryjo! Z\u0142am te strza\u0142y naszego gniewu, naszej pychy i chciwo\u015bci, naszej zazdro\u015bci i ch\u0119ci odwetu! I jak m\u00f3wi Pawe\u0142 Aposto\u0142 w dzisiejszym czytaniu z Listu do Filipian spraw, aby\u015bmy nape\u0142nili nasze my\u015bli i nasze serca tym, co prawdziwe, godne, sprawiedliwe, czyste, mi\u0142e zas\u0142uguj\u0105ce na uznanie. Czyli czym? Czym konkretnie? Ka\u017cdym chwalebnym czynem. A chwalebne czyny s\u0105 czyste i mi\u0142e, godne i sprawiedliwe. Nie chodzi tu o waleczno\u015b\u0107 na polu chwa\u0142y, jak\u0105 znamy z naszej trudnej historii. Czyny chwalebne s\u0105 proste i pokorne jak czyny Maryi.<\/span><\/span><\/p>\n<p class=\"western\" align=\"justify\"><span style=\"font-family: Arial, sans-serif;\"><span style=\"font-size: medium;\">Ona by\u0142a gotowa zmieni\u0107 plany, by przyj\u0105\u0107 Bo\u017cy program na \u017cycie, wierzy\u0142a w moc S\u0142owa Bo\u017cego i trwa\u0142a na modlitwie z tymi, kt\u00f3rzy prze\u017cywali trudne chwile.<\/span><\/span><\/p>\n<p class=\"western\" align=\"justify\"><span style=\"font-family: Arial, sans-serif;\"><span style=\"font-size: medium;\">Przyjrzyjmy si\u0119 trzem, dobrze znanym nam scenom z \u017cycia Maryi, kt\u00f3re ilustruj\u0105 te chwalebne, proste i pokorne czyny.<\/span><\/span><\/p>\n<p class=\"western\" align=\"justify\"><span style=\"font-family: Arial, sans-serif;\"><span style=\"font-size: medium;\">W pierwszej scenie widzimy Maryj\u0119 w dniu zwiastowania. Przybywa do niej Anio\u0142 Pa\u0144ski i zapowiada, \u017ce pocznie i porodzi Syna Bo\u017cego. M\u0142odziutka Maryja mia\u0142a swoje plany, swoje marzenia, jako\u015b wyobra\u017ca\u0142a sobie przysz\u0142o\u015b\u0107, a tu nagle, w jednym momencie jest poproszona o odstawienie wszystkiego na bok i przyj\u0119cie Bo\u017cego planu, przyj\u0119cie programu, kt\u00f3ry zmieni\u0142 wszystko, ca\u0142e jej \u017cycie. Ta gotowo\u015b\u0107 Maryi, kt\u00f3ra mieszka\u0142a w jej sercu od dawna, sta\u0142a si\u0119 chwalebnym czynem, gdy przyszed\u0142 na to w\u0142a\u015bciwy czas. Piel\u0119gnujcie w swoich my\u015blach tak\u0105 chwalebn\u0105 gotowo\u015b\u0107 p\u00f3j\u015bcia za g\u0142osem Boga.<\/span><\/span><\/p>\n<p class=\"western\" align=\"justify\"><span style=\"font-family: Arial, sans-serif;\"><span style=\"font-size: medium;\">Drugi epizod, kt\u00f3remu warto si\u0119 przyjrze\u0107 to postawa Maryi podczas wesela w Kanie Galilejskiej. Widz\u0105c, \u017ce zabrak\u0142o wina, zatroskana o go\u015bci weselnych rozmawia z Jezusem, by zaradzi\u0142 kr\u0119puj\u0105cej sytuacji. A potem zwraca si\u0119 do s\u0142ug s\u0142owami: \u201eczy\u0144cie cokolwiek wam powie\u201d. Wierzy\u0142a, \u017ce s\u0142owo Jezusa ma moc, \u017ce ma moc nie tylko przemiany wody w wino, ale moc przemiany ludzkich serc, cho\u0107by by\u0142y zimne, lodowate. S\u0142owo Bo\u017ce wciela si\u0119 w mi\u0142o\u015b\u0107, kt\u00f3ra jest najsilniejsz\u0105 broni\u0105, jak\u0105 ka\u017cdy z nas chrze\u015bcijan otrzyma\u0142. Jest silniejsza od czo\u0142g\u00f3w, pocisk\u00f3w, zasiek\u00f3w, mur\u00f3w\u2026 Gdy tracimy wiar\u0119 w moc mi\u0142o\u015bci, si\u0119gamy niestety po strza\u0142y gniewu.<\/span><\/span><\/p>\n<p class=\"western\" align=\"justify\"><span style=\"font-family: Arial, sans-serif;\"><span style=\"font-size: medium;\">Kolejna scena opisana w Dziejach Apostolskich ukazuje nam zdesperowanych aposto\u0142\u00f3w, kt\u00f3rzy po \u015bmierci Jezusa, zamkni\u0119ci w wieczerniku, prze\u017cywaj\u0105 najtrudniejsze chwile w swoim \u017cyciu. Maryja jest po\u015br\u00f3d nich i trwa z nimi na modlitwie. Daje nam w ten spos\u00f3b przyk\u0142ad, \u017ce bardzo wa\u017cne i chwalebne jest \u017cyczliwe bycie z drugim cz\u0142owiekiem, gdy ca\u0142y \u015bwiat wali mu si\u0119 na g\u0142ow\u0119.<\/span><\/span><\/p>\n<p class=\"western\" align=\"justify\"><span style=\"font-family: Arial, sans-serif;\"><span style=\"font-size: medium;\">Na\u015bladujmy Maryj\u0119 w jej chwalebnych czynach, a ona b\u0119dzie \u0142ama\u0142a strza\u0142y, kt\u00f3rymi si\u0119 nawzajem ranimy. Pro\u015bmy za jej wstawiennictwem, by B\u00f3g doprowadzi\u0142 do pojednania nasze rodziny i nasz nar\u00f3d. Pro\u015bmy, by uczy\u0142 nas tak\u017ce \u017cyczliwo\u015bci i m\u0105drej wsp\u00f3\u0142pracy z tymi, kt\u00f3rzy inaczej my\u015bl\u0105 i inaczej wierz\u0105 ni\u017c my.<\/span><\/span><\/p>\n<p class=\"western\" align=\"justify\"><span style=\"font-family: Arial, sans-serif;\"><span style=\"font-size: medium;\">Tak jak Maryja, pe\u0142na Bo\u017cej \u0142aski, b\u0105d\u017amy gotowi zmieni\u0107 nasze plany, aby realizowa\u0107 Bo\u017cy program na nasze \u017cycie.<br \/>\nTak, jak Maryja, \u0142askawa wzgl\u0119dem innych, nie tra\u0107my wiary w moc Bo\u017cego S\u0142owa, w moc Bo\u017cej Mi\u0142o\u015bci.<br \/>\nTak, jak Maryja, trwajmy w modlitwie z tymi, kt\u00f3rzy prze\u017cywaj\u0105 trudne chwile.<\/span><\/span><\/p>\n<p class=\"western\" align=\"justify\"><span style=\"font-family: Arial, sans-serif;\"><span style=\"font-size: medium;\">Niech zatroskana o nasze zbawienie Matka Bo\u017ca \u0141askawa po\u0142amie strza\u0142y, jakimi ranimy si\u0119 nawzajem. <\/span><\/span><\/p>\n","protected":false},"excerpt":{"rendered":"<p>W sobot\u0119 , 11 X rozpocz\u0119li\u015bmy nawiedzenie obrazu Matki Bo\u017cej \u0141askawej, patronki Warszawy i Stra\u017cniczki Polski w naszej Parafii. Popatrzmy na ten obraz i przyjrzyjmy si\u0119 tym po\u0142amanym przez Maryj\u0119 strza\u0142om i odczytajmy je w nowym kluczu. Kiedy\u015b, jeszcze we W\u0142oszech, w XV wieku, interpretowano je, jako strza\u0142y Bo\u017cego gniewu, ale przecie\u017c B\u00f3g nie rani, nie walczy przeciwko cz\u0142owiekowi. On go podnosi, umacnia, daje nadziej\u0119. P\u00f3\u017aniej, gdy kult Matki Bo\u017cej \u0141askawej przyw\u0119drowa\u0142 do Polski, te po\u0142amane strza\u0142y uto\u017csamiano z siedmioma nieszcz\u0119\u015bciami zes\u0142anymi na ludzi przez anio\u0142a zapalczywo\u015bci: epidemie, wojny, pomieszanie zmys\u0142\u00f3w, parali\u017c, ska\u017cenie, ciemno\u015bci i \u015bmier\u0107. Maryja te strza\u0142y \u0142ama\u0142a. Ratowa\u0142a nas. Dzisiaj ten obraz odczytajmy w nowy spos\u00f3b, bardziej przystaj\u0105cy do rzeczywisto\u015bci, w kt\u00f3rej \u017cyjemy. Strza\u0142y, jakie \u0142amie Maryja, to strza\u0142y, jakimi sami ranimy si\u0119 nawzajem. Siedem strza\u0142 to siedem grzech\u00f3w g\u0142\u00f3wnych: pycha, chciwo\u015b\u0107, nieczysto\u015b\u0107, zazdro\u015b\u0107, nieumiarkowanie, gniew i lenistwo. Nie to powinno kr\u00f3lowa\u0107 w naszych my\u015blach i w&hellip;<\/p>\n<p> <a class=\"more-link\" href=\"http:\/\/www.franciszek-walcz.pl\/?p=29115\">Czytaj dalej<\/a><\/p>\n","protected":false},"author":1,"featured_media":0,"comment_status":"closed","ping_status":"closed","sticky":false,"template":"","format":"standard","meta":{"footnotes":""},"categories":[5],"tags":[],"class_list":{"0":"post-29115","1":"post","2":"type-post","3":"status-publish","4":"format-standard","6":"category-artykuly"},"brizy_media":[],"_links":{"self":[{"href":"http:\/\/www.franciszek-walcz.pl\/index.php?rest_route=\/wp\/v2\/posts\/29115","targetHints":{"allow":["GET"]}}],"collection":[{"href":"http:\/\/www.franciszek-walcz.pl\/index.php?rest_route=\/wp\/v2\/posts"}],"about":[{"href":"http:\/\/www.franciszek-walcz.pl\/index.php?rest_route=\/wp\/v2\/types\/post"}],"author":[{"embeddable":true,"href":"http:\/\/www.franciszek-walcz.pl\/index.php?rest_route=\/wp\/v2\/users\/1"}],"replies":[{"embeddable":true,"href":"http:\/\/www.franciszek-walcz.pl\/index.php?rest_route=%2Fwp%2Fv2%2Fcomments&post=29115"}],"version-history":[{"count":1,"href":"http:\/\/www.franciszek-walcz.pl\/index.php?rest_route=\/wp\/v2\/posts\/29115\/revisions"}],"predecessor-version":[{"id":29116,"href":"http:\/\/www.franciszek-walcz.pl\/index.php?rest_route=\/wp\/v2\/posts\/29115\/revisions\/29116"}],"wp:attachment":[{"href":"http:\/\/www.franciszek-walcz.pl\/index.php?rest_route=%2Fwp%2Fv2%2Fmedia&parent=29115"}],"wp:term":[{"taxonomy":"category","embeddable":true,"href":"http:\/\/www.franciszek-walcz.pl\/index.php?rest_route=%2Fwp%2Fv2%2Fcategories&post=29115"},{"taxonomy":"post_tag","embeddable":true,"href":"http:\/\/www.franciszek-walcz.pl\/index.php?rest_route=%2Fwp%2Fv2%2Ftags&post=29115"}],"curies":[{"name":"wp","href":"https:\/\/api.w.org\/{rel}","templated":true}]}}