{"id":29150,"date":"2025-10-18T15:20:54","date_gmt":"2025-10-18T13:20:54","guid":{"rendered":"http:\/\/www.franciszek-walcz.pl\/?p=29150"},"modified":"2025-10-18T15:20:54","modified_gmt":"2025-10-18T13:20:54","slug":"xxix-niedziela-okresu-zwyklego-2","status":"publish","type":"post","link":"http:\/\/www.franciszek-walcz.pl\/?p=29150","title":{"rendered":"XXIX Niedziela okresu zwyk\u0142ego"},"content":{"rendered":"<p class=\"western\" align=\"justify\"><strong><span style=\"font-family: Arial, sans-serif;\"><span style=\"font-size: medium;\">XXIX Niedziela okresu zwyk\u0142ego <\/span><\/span><\/strong><\/p>\n<p class=\"western\" align=\"justify\"><span style=\"font-family: Arial, sans-serif;\"><span style=\"font-size: medium;\">Tekst Ewangelii (\u0141k\u00a018,1-8):\u00a0Powiedzia\u0142 im te\u017c przypowie\u015b\u0107 o tym, \u017ce zawsze powinni modli\u0107 si\u0119 i nie ustawa\u0107: \u00abW pewnym mie\u015bcie \u017cy\u0142 s\u0119dzia, kt\u00f3ry Boga si\u0119 nie ba\u0142 i nie liczy\u0142 si\u0119 z lud\u017ami. W tym samym mie\u015bcie \u017cy\u0142a wdowa, kt\u00f3ra przychodzi\u0142a do niego z pro\u015bb\u0105: &#8222;Obro\u0144 mnie przed moim przeciwnikiem!&#8221; Przez pewien czas nie chcia\u0142; lecz potem rzek\u0142 do siebie: &#8222;Chocia\u017c Boga si\u0119 nie boj\u0119 ani z lud\u017ami si\u0119 nie licz\u0119, to jednak, poniewa\u017c naprzykrza mi si\u0119 ta wdowa, wezm\u0119 j\u0105 w obron\u0119, \u017ceby nie przychodzi\u0142a bez ko\u0144ca i nie zadr\u0119cza\u0142a mnie&#8221;\u00bb.<\/p>\n<p>I Pan doda\u0142: \u00abS\u0142uchajcie, co ten niesprawiedliwy s\u0119dzia m\u00f3wi. A B\u00f3g, czy\u017c nie we\u017amie w obron\u0119 swoich wybranych, kt\u00f3rzy dniem i noc\u0105 wo\u0142aj\u0105 do Niego, i czy b\u0119dzie zwleka\u0142 w ich sprawie? Powiadam wam, \u017ce pr\u0119dko we\u017amie ich w obron\u0119. Czy jednak Syn Cz\u0142owieczy znajdzie wiar\u0119 na ziemi, gdy przyjdzie?\u00bb.<\/span><\/span><\/p>\n<p class=\"western\" align=\"justify\"><span style=\"font-family: Arial, sans-serif;\"><span style=\"font-size: medium;\">Chrystus wzywa nas do wytrwa\u0142ej modlitwy.<\/span><\/span><\/p>\n<p class=\"western\" align=\"justify\"><span style=\"font-family: Arial, sans-serif;\"><span style=\"font-size: medium;\">W 1937 roku, Antonio Tamburro, mieszkaniec Neapolu we W\u0142oszech w czasie wypadku kolejowego straci\u0142 kompletnie wzrok. Specjali\u015bci orzekli, \u017ce medycyna w tym wypadku jest bezradna. Pi\u0119\u0107dziesi\u0119cioletni Antonio, ojciec o\u015bmiorga dzieci z wielk\u0105 determinacj\u0105 b\u0142aga\u0142 Boga o zdrowie. Ka\u017cdego dnia przez trzy lata uczestniczy\u0142 we Mszy \u015bw. i przyjmowa\u0142 Komuni\u0119 \u015bw. w tej intencji. Pewnego dnia, po przyj\u0119ciu Komunii \u015bw. poczu\u0142 ogromn\u0105 rado\u015b\u0107. Gdy wsta\u0142, aby wr\u00f3ci\u0107 na swoje miejsce odzyska\u0142 wzrok. Z oczyma pe\u0142nymi \u0142ez Antonio pad\u0142 na kolana przed g\u0142\u00f3wnym o\u0142tarzem i dzi\u0119kowa\u0142 Bogu za wys\u0142uchanie jego modlitw.<\/span><\/span><\/p>\n<p class=\"western\" align=\"justify\"><span style=\"font-family: Arial, sans-serif;\"><span style=\"font-size: medium;\">Taki scenariusz skutecznej modlitwy bardzo cz\u0119sto funkcjonuje w \u015bwiadomo\u015bci wiernych; konkretne zam\u00f3wienie plus intensywna modlitwa i skutek jest pewny. Tak mo\u017ce by\u0107, powy\u017csze, autentyczne zdarzenie jest potwierdzeniem tego, ale to nie wyczerpuje w pe\u0142ni relacji cz\u0142owieka do Boga, jaka zawiera si\u0119 w modlitwie. Modlitwa niesie rzeczywisto\u015b\u0107 o wiele bogatsz\u0105 ni\u017c spe\u0142nianie konkretnych zam\u00f3wie\u0144. Czasami spe\u0142nienie modlitwy przybiera inn\u0105 form\u0119 ni\u017c si\u0119 spodziewamy. Odkrywa ona przed nami niezg\u0142\u0119bione przestrzenie \u015bwiata nadprzyrodzonego i wp\u0142ywa tak\u017ce na pe\u0142niejsz\u0105 ocen\u0119 rzeczywisto\u015bci ziemskiej.<\/span><\/span><\/p>\n<p class=\"western\" align=\"justify\"><span style=\"font-family: Arial, sans-serif;\"><span style=\"font-size: medium;\">Dwudziestoletnia Adela Gadomska zosta\u0142a skazana przez hitlerowc\u00f3w na kar\u0119 \u015bmierci przez \u015bci\u0119cie na gilotynie. Ca\u0142\u0105 \u017carliwo\u015bci\u0105 m\u0142odego serca b\u0142aga\u0142a Boga o ocalenie \u017cycia. Na kilka dni przed egzekucj\u0105 pisze list do matki: \u201eKochana Mamo! Pisz\u0119 do ciebie ostatni list. Kiedy ty go czytasz- ja ju\u017c nie \u017cyj\u0119. Ja odchodz\u0119 z tego \u015bwiata nie smutna. Jestem tylko smutna, \u017ce Ciebie musz\u0119 zostawi\u0107 na tym \u015bwiecie sam\u0105. Nie p\u0142acz po mnie. Tak\u017ce i Ty wkr\u00f3tce p\u00f3jdziesz za mn\u0105. Ja jestem spokojna nie smuc\u0119 si\u0119. M\u00f3dl si\u0119 za mnie, wi\u0119cej nic ju\u017c mi nie brakuje. Ja b\u0119d\u0119 tak\u017ce modli\u0107 si\u0119 u Boga za Ciebie. Pozdr\u00f3w wszystkie kole\u017canki i koleg\u00f3w oraz wszystkich znajomych. Uca\u0142uj cioci\u0119 ode mnie. Wybacz wszystko, je\u017celi w mojej g\u0142upiej m\u0142odo\u015bci uczyni\u0142am Ci przykro\u015b\u0107. Za par\u0119 godzin b\u0119d\u0119 u Boga. Twoja- na zawsze Ciebie kochaj\u0105ca c\u00f3rka.\u201d (Aleksander Omiljanowicz: \u201eListy spod gilotyny\u201d)<\/span><\/span><\/p>\n<p class=\"western\" align=\"justify\">\u201e<span style=\"font-family: Arial, sans-serif;\"><span style=\"font-size: medium;\">Jestem spokojna nie smuc\u0119 si\u0119\u201d, te s\u0142owa s\u0105 promykiem \u015bwiat\u0142a w bezdennych mrokach hitlerowskiej ka\u017ani. To \u015bwiat\u0142o zrodzi\u0142o si\u0119 z modlitwy m\u0142odej dziewczyny. Przez modlitw\u0119 do\u015bwiadczy\u0142a obecno\u015bci Boga, kt\u00f3ry jest Panem \u017cycia i \u015bmierci. B\u00f3g sta\u0142 si\u0119 dla niej niezawodnym oparciem. W Jego r\u0119kach Adela czu\u0142a si\u0119 bezpieczna, spokojnie przesz\u0142a przez \u201eciemn\u0105 dolin\u0119\u201d. Mo\u017cna powiedzie\u0107, \u017ce modlitwa jest podr\u00f3\u017c\u0105 do Boga. Kto dociera do Boga zyskuje wszystko. I ma si\u0142\u0119 do spokojnego przej\u015bcia przez r\u00f3\u017cnego rodzaju udr\u0119ki \u017cyciowe, \u0142\u0105cznie ze \u015bmierci\u0105.<\/span><\/span><\/p>\n<p class=\"western\" align=\"justify\"><span style=\"font-family: Arial, sans-serif;\"><span style=\"font-size: medium;\">Najcz\u0119\u015bciej nasza modlitwa ma charakter b\u0142agalny; prosimy Boga w r\u00f3\u017cnych sprawach. Nie mo\u017cemy jednak zapomnie\u0107 o modlitwie uwielbienia, w kt\u00f3rej oddajemy cze\u015b\u0107 Bogu za Jego wielko\u015b\u0107 i wspania\u0142o\u015b\u0107, i o modlitwie dzi\u0119kczynienia; tak wiele od Boga otrzymali\u015bmy, jest, za co dzi\u0119kowa\u0107. Bardzo cz\u0119sto modlitw\u0119 wyra\u017camy w pi\u0119knych s\u0142owach; s\u0105 one wa\u017cne, lecz wa\u017cniejsza jest mi\u0142o\u015b\u0107, kt\u00f3ra o\u017cywia te s\u0142owa.<\/span><\/span><\/p>\n<p class=\"western\" align=\"justify\"><span style=\"font-family: Arial, sans-serif;\"><span style=\"font-size: medium;\">Bardzo trafnie ujmuje modlitw\u0119 \u015awi\u0119ta Teresa od Dzieci\u0105tka Jezus: \u201eModlitwa jest dla mnie wzniesieniem serca, prostym spojrzeniem ku Niebu, okrzykiem wdzi\u0119czno\u015bci i mi\u0142o\u015bci zar\u00f3wno w cierpieniu, jak i rado\u015bci\u201d.<\/span><\/span><\/p>\n<p class=\"western\" align=\"justify\"><span style=\"font-family: Arial, sans-serif;\"><span style=\"font-size: medium;\">Przypowie\u015b\u0107 o niesprawiedliwym s\u0119dzim i ubogiej wdowie wzywa nas do wytrwa\u0142ej modlitwy. Chrystus nas zapewnia, \u017ce przez wytrwa\u0142\u0105 modlitw\u0119 b\u0119dziemy wys\u0142uchani. <\/span><\/span><\/p>\n","protected":false},"excerpt":{"rendered":"<p>XXIX Niedziela okresu zwyk\u0142ego Tekst Ewangelii (\u0141k\u00a018,1-8):\u00a0Powiedzia\u0142 im te\u017c przypowie\u015b\u0107 o tym, \u017ce zawsze powinni modli\u0107 si\u0119 i nie ustawa\u0107: \u00abW pewnym mie\u015bcie \u017cy\u0142 s\u0119dzia, kt\u00f3ry Boga si\u0119 nie ba\u0142 i nie liczy\u0142 si\u0119 z lud\u017ami. W tym samym mie\u015bcie \u017cy\u0142a wdowa, kt\u00f3ra przychodzi\u0142a do niego z pro\u015bb\u0105: &#8222;Obro\u0144 mnie przed moim przeciwnikiem!&#8221; Przez pewien czas nie chcia\u0142; lecz potem rzek\u0142 do siebie: &#8222;Chocia\u017c Boga si\u0119 nie boj\u0119 ani z lud\u017ami si\u0119 nie licz\u0119, to jednak, poniewa\u017c naprzykrza mi si\u0119 ta wdowa, wezm\u0119 j\u0105 w obron\u0119, \u017ceby nie przychodzi\u0142a bez ko\u0144ca i nie zadr\u0119cza\u0142a mnie&#8221;\u00bb. I Pan doda\u0142: \u00abS\u0142uchajcie, co ten niesprawiedliwy s\u0119dzia m\u00f3wi. A B\u00f3g, czy\u017c nie we\u017amie w obron\u0119 swoich wybranych, kt\u00f3rzy dniem i noc\u0105 wo\u0142aj\u0105 do Niego, i czy b\u0119dzie zwleka\u0142 w ich sprawie? Powiadam wam, \u017ce pr\u0119dko we\u017amie ich w obron\u0119. Czy jednak Syn Cz\u0142owieczy znajdzie wiar\u0119 na ziemi, gdy przyjdzie?\u00bb. Chrystus wzywa nas do wytrwa\u0142ej&hellip;<\/p>\n<p> <a class=\"more-link\" href=\"http:\/\/www.franciszek-walcz.pl\/?p=29150\">Czytaj dalej<\/a><\/p>\n","protected":false},"author":1,"featured_media":0,"comment_status":"closed","ping_status":"closed","sticky":false,"template":"","format":"standard","meta":{"footnotes":""},"categories":[5],"tags":[],"class_list":{"0":"post-29150","1":"post","2":"type-post","3":"status-publish","4":"format-standard","6":"category-artykuly"},"brizy_media":[],"_links":{"self":[{"href":"http:\/\/www.franciszek-walcz.pl\/index.php?rest_route=\/wp\/v2\/posts\/29150","targetHints":{"allow":["GET"]}}],"collection":[{"href":"http:\/\/www.franciszek-walcz.pl\/index.php?rest_route=\/wp\/v2\/posts"}],"about":[{"href":"http:\/\/www.franciszek-walcz.pl\/index.php?rest_route=\/wp\/v2\/types\/post"}],"author":[{"embeddable":true,"href":"http:\/\/www.franciszek-walcz.pl\/index.php?rest_route=\/wp\/v2\/users\/1"}],"replies":[{"embeddable":true,"href":"http:\/\/www.franciszek-walcz.pl\/index.php?rest_route=%2Fwp%2Fv2%2Fcomments&post=29150"}],"version-history":[{"count":1,"href":"http:\/\/www.franciszek-walcz.pl\/index.php?rest_route=\/wp\/v2\/posts\/29150\/revisions"}],"predecessor-version":[{"id":29151,"href":"http:\/\/www.franciszek-walcz.pl\/index.php?rest_route=\/wp\/v2\/posts\/29150\/revisions\/29151"}],"wp:attachment":[{"href":"http:\/\/www.franciszek-walcz.pl\/index.php?rest_route=%2Fwp%2Fv2%2Fmedia&parent=29150"}],"wp:term":[{"taxonomy":"category","embeddable":true,"href":"http:\/\/www.franciszek-walcz.pl\/index.php?rest_route=%2Fwp%2Fv2%2Fcategories&post=29150"},{"taxonomy":"post_tag","embeddable":true,"href":"http:\/\/www.franciszek-walcz.pl\/index.php?rest_route=%2Fwp%2Fv2%2Ftags&post=29150"}],"curies":[{"name":"wp","href":"https:\/\/api.w.org\/{rel}","templated":true}]}}