{"id":29211,"date":"2025-10-31T19:21:11","date_gmt":"2025-10-31T18:21:11","guid":{"rendered":"http:\/\/www.franciszek-walcz.pl\/?p=29211"},"modified":"2025-10-31T19:21:11","modified_gmt":"2025-10-31T18:21:11","slug":"uroczystosc-wszystkich-swietych","status":"publish","type":"post","link":"http:\/\/www.franciszek-walcz.pl\/?p=29211","title":{"rendered":"Uroczysto\u015b\u0107 Wszystkich \u015awi\u0119tych"},"content":{"rendered":"<p class=\"western\" align=\"justify\"><span style=\"font-family: Arial, sans-serif;\"><span style=\"font-size: medium;\">Tekst Ewangelii (Mt\u00a05,1-12a):\u00a0Jezus, widz\u0105c t\u0142umy, wyszed\u0142 na g\u00f3r\u0119. A gdy usiad\u0142, przyst\u0105pili do Niego Jego uczniowie. Wtedy otworzy\u0142 swoje usta i naucza\u0142 ich tymi s\u0142owami: \u00abB\u0142ogos\u0142awieni ubodzy w duchu, albowiem do nich nale\u017cy kr\u00f3lestwo niebieskie. B\u0142ogos\u0142awieni, kt\u00f3rzy si\u0119 smuc\u0105, albowiem oni b\u0119d\u0105 pocieszeni. B\u0142ogos\u0142awieni cisi, albowiem oni na w\u0142asno\u015b\u0107 posi\u0105d\u0105 ziemi\u0119. B\u0142ogos\u0142awieni, kt\u00f3rzy \u0142akn\u0105 i pragn\u0105 sprawiedliwo\u015bci, albowiem oni b\u0119d\u0105 nasyceni. B\u0142ogos\u0142awieni mi\u0142osierni, albowiem oni mi\u0142osierdzia dost\u0105pi\u0105. B\u0142ogos\u0142awieni czystego serca, albowiem oni Boga ogl\u0105da\u0107 b\u0119d\u0105. B\u0142ogos\u0142awieni, kt\u00f3rzy wprowadzaj\u0105 pok\u00f3j, albowiem oni b\u0119d\u0105 nazwani synami Bo\u017cymi. B\u0142ogos\u0142awieni, kt\u00f3rzy cierpi\u0105 prze\u015bladowanie dla sprawiedliwo\u015bci, albowiem do nich nale\u017cy kr\u00f3lestwo niebieskie. B\u0142ogos\u0142awieni jeste\u015bcie, gdy [ludzie] wam ur\u0105gaj\u0105 i prze\u015bladuj\u0105 was, i gdy z mego powodu m\u00f3wi\u0105 k\u0142amliwie wszystko z\u0142e na was. Cieszcie si\u0119 i radujcie, albowiem wasza nagroda wielka jest w niebie.<\/span><\/span><\/p>\n<p class=\"western\" align=\"justify\"><strong><span style=\"font-family: Arial, sans-serif;\"><span style=\"font-size: medium;\">\u00abCieszcie si\u0119 i radujcie\u00bb<\/span><\/span><\/strong><\/p>\n<p class=\"western\" align=\"justify\"><span style=\"font-family: Arial, sans-serif;\"><span style=\"font-size: medium;\">Uroczysto\u015b\u0107 Wszystkich \u015awi\u0119tych. To bardzo dobry czas, by chocia\u017c przez chwil\u0119 z dala od zgie\u0142ku i codziennego p\u0119du zatrzyma\u0107 si\u0119 na moment i zastanowi\u0107, co tak naprawd\u0119 znaczy s\u0142owo: ?\u015awi\u0119ty?. Kogo czcimy dzisiejszego dnia i co doceniamy w \u017cyciu tych, kt\u00f3rzy ju\u017c zako\u0144czyli swoj\u0105 ziemsk\u0105 w\u0119dr\u00f3wk\u0119. Niestety w potocznym j\u0119zyku \u015bwi\u0119to\u015b\u0107 cz\u0119sto jest wyszydzana, pogardzana i zepchni\u0119ta w k\u0105t. Pozbawiona nale\u017cnego jej miejsca.<\/span><\/span><\/p>\n<p class=\"western\" align=\"justify\"><span style=\"font-family: Arial, sans-serif;\"><span style=\"font-size: medium;\">Co\u015b ty taki \u015bwi\u0119ty? stawia pytanie onie\u015bmielonej kole\u017cance r\u00f3wie\u015bniczka zdziwiona, \u017ce kto\u015b wci\u0105\u017c ma w\u0105tpliwo\u015bci przed pope\u0142nieniem grzechu. ?<\/span><\/span><\/p>\n<p class=\"western\" align=\"justify\"><span style=\"font-family: Arial, sans-serif;\"><span style=\"font-size: medium;\">Ja tam \u015bwi\u0119ta nie jestem? m\u00f3wi cz\u0119sto tytu\u0142em wst\u0119pu do d\u0142u\u017cszej rozmowy s\u0105siadka do s\u0105siadki, chc\u0105c wy\u0142o\u017cy\u0107 jej swoj\u0105 filozofi\u0119 \u017cycia. ?<\/span><\/span><\/p>\n<p class=\"western\" align=\"justify\"><span style=\"font-family: Arial, sans-serif;\"><span style=\"font-size: medium;\">Z takim nastawieniem mijaj\u0105 dni, miesi\u0105ce a nieraz i lata, a cz\u0142owiek wci\u0105\u017c znajduje coraz to innych bli\u017anich winnych swej niedoli. Najpierw nauczycieli w szkole, \u017ce nie potrafi\u0105 dostrzec geniuszu zbuntowanego dziecka, p\u00f3\u017aniej s\u0105siad\u00f3w, kt\u00f3rzy maj\u0105 czelno\u015b\u0107 mie\u0107 swoje w\u0142asne \u017cycie, w kt\u00f3re o\u015bmielili si\u0119 nie pozwoli\u0107 wej\u015b\u0107 s\u0105siadce z butami. <\/span><\/span><\/p>\n<p class=\"western\" align=\"justify\"><span style=\"font-family: Arial, sans-serif;\"><span style=\"font-size: medium;\">Ksi\u0119dza , \u017ce zn\u00f3w co\u015b skrytykowa\u0142, a przecie\u017c gdyby tylko zachwyca\u0142 si\u0119 tym, co niesie \u017cycie, wszyscy byliby szcz\u0119\u015bliwi i si\u0119 nie stresowali, \u017ce kto\u015b na nich patrzy z g\u00f3ry i jeszcze chce ich ocenia\u0107. P\u00f3\u017aniej cz\u0119sto w kolejce winnych naszych nieszcz\u0119\u015b\u0107 s\u0105 pracownicy albo pracodawcy, bo jedni nie chc\u0105 pracowa\u0107 prawie za p\u00f3\u0142 darmo, a drugim si\u0119 jako\u015b powodzi, chocia\u017c nie powinno, bo nie wa\u017cne by nam by\u0142o lepiej ? wa\u017cne by bli\u017ani mia\u0142 gorzej?<\/span><\/span><\/p>\n<p class=\"western\" align=\"justify\"><span style=\"font-family: Arial, sans-serif;\"><span style=\"font-size: medium;\">Gdyby dzi\u015b przy wyj\u015bciu z naszej parafialnej \u015bwi\u0105tyni stan\u0105\u0142 jaki\u015b dziennikarz z kamer\u0105 i mikrofonem, i ka\u017cdemu, kto przyszed\u0142 tutaj by czci\u0107 wszystkich \u015bwi\u0119tych stawia\u0142 dwa proste pytania: ?czy chcesz by\u0107 \u015bwi\u0119tym cz\u0142owiekiem? i drugie, ?czy chcesz by\u0107 szcz\u0119\u015bliwy? s\u0105dz\u0119, \u017ce wiele odpowiedzi by\u0142oby skrajnie przeciwnych. Cz\u0142owiek , dziecko, m\u0142odzieniec czy starzec pragnie przecie\u017c szcz\u0119\u015bcia. Got\u00f3w jest wiele po\u015bwi\u0119ci\u0107, by co\u015b w \u017cyciu osi\u0105gn\u0105\u0107. Oczywi\u015bcie wizja szcz\u0119\u015bcia dziecka b\u0119dzie zupe\u0142nie inna, ni\u017c wizja cz\u0142owieka, prze\u017cywaj\u0105cego jesie\u0144 swego \u017cycia.<\/span><\/span><\/p>\n<p class=\"western\" align=\"justify\"><span style=\"font-family: Arial, sans-serif;\"><span style=\"font-size: medium;\">Dlaczego wi\u0119c ludzie , nie wierz\u0105, \u017ce B\u00f3g ? Ojciec wszystkich ludzi, pragnie naszego szcz\u0119\u015bcia, bardziej ni\u017c ktokolwiek na \u015bwiecie? Dlaczego tak trudno nam zrozumie\u0107, \u017ce \u015bwi\u0119to\u015b\u0107 r\u00f3wna si\u0119 szcz\u0119\u015bcie. Oczywi\u015bcie, m\u00f3wimy tutaj, o szcz\u0119\u015bciu, kt\u00f3re nie przeminie. \u015awi\u0119to\u015b\u0107 to przecie\u017c nie ulotna przyjemno\u015b\u0107. \u015awi\u0119to\u015b\u0107 to spe\u0142nienie, to prawda, dobro i pi\u0119kno. To jak spot\u0119gowana chwila, w kt\u00f3rej czas si\u0119 zatrzyma\u0142. Jak jeden z nielicznych moment\u00f3w naszego \u017cycia, kt\u00f3re chcieliby\u015bmy ukry\u0107, gdzie\u015b w g\u0142\u0119bi naszego serca. Je\u015bli wi\u0119c teraz, ju\u017c na tej biednej ziemi zdarzaj\u0105 si\u0119 nam chwile, gdy jeste\u015bmy szcz\u0119\u015bliwi, jako ludzie wierz\u0105cy chciejmy wreszcie zrozumie\u0107, \u017ce B\u00f3g jest w\u0142adny da\u0107 nam wi\u0119cej, ni\u017c mo\u017cemy poj\u0105\u0107. Jego za\u015b przykazanie, ca\u0142a Ewangelia jest wielkim drogowskazem prowadz\u0105cym do szcz\u0119\u015bcia.<\/span><\/span><\/p>\n<p class=\"western\" align=\"justify\"><span style=\"font-family: Arial, sans-serif;\"><span style=\"font-size: medium;\">Czym wi\u0119c jest nasza niech\u0119\u0107, aby zosta\u0107 \u015bwi\u0119tymi? Gdzie jest tajemnica, sukcesu bylejako\u015bci? Kto wm\u00f3wi\u0142 cz\u0142owiekowi, \u017ce lepiej by\u0107 grzesznikiem, ni\u017c i\u015b\u0107 na spotkanie Boga? Kto wmawia nam by si\u0119 wstydzi\u0107 prawdy i uczciwo\u015bci a chwali\u0107 rozpust\u0105, bezbo\u017cno\u015bci\u0105 i z\u0142o\u015bci\u0105? Czy nie jest to ojciec k\u0142amstwa, kt\u00f3ry od pocz\u0105tku wmawia nam ludziom, \u017ce B\u00f3g ukrywa przed nami zakazane szcz\u0119\u015bcie? Czy nie jest to szatan ? kusiciel, kt\u00f3ry zwodzi cz\u0142owieka, by bardziej ufa\u0142 sza\u0144com, ni\u017ali Panu \u017bycia?<\/span><\/span><\/p>\n<p class=\"western\" align=\"justify\"><span style=\"font-family: Arial, sans-serif;\"><span style=\"font-size: medium;\">Ten, kto jeszcze ca\u0142kiem nie straci\u0142 wiary w Boga, kto jeszcze, cho\u0107 odrobin\u0119 korzysta ze zdrowego rozs\u0105dku nie mo\u017ce nie widzie\u0107, jak z ka\u017cdym dniem kolejnym z\u0142o si\u0119 coraz bardziej ods\u0142ania. Jak wielu ju\u017c nie kryje, komu tak naprawd\u0119 s\u0142u\u017cy, jak wielu innych wspiera wszystko, co godzi w chwa\u0142\u0119 Boga? Jak trzeba by\u0107 bezkrytycznym, bez samodzielnego my\u015blenia, by jeszcze nie zauwa\u017cy\u0107, dlaczego \u015bwiat nienawidzi Chrystusa?<\/span><\/span><\/p>\n<p class=\"western\" align=\"justify\"><span style=\"font-family: Arial, sans-serif;\"><span style=\"font-size: medium;\">Oto od ponad dw\u00f3ch lat, siedzi w pakista\u0144skim wi\u0119zieniu, czekaj\u0105c na wykonanie wyroku \u015bmierci matka pi\u0119ciorga dzieci. Chrze\u015bcijanka skazana na \u015bmier\u0107 za to, \u017ce powiedzia\u0142a s\u0105siadkom, i\u017c wierzy w Jezusa Chrystusa, bo on za ni\u0105 umar\u0142 na krzy\u017cu. Gdy nast\u0119pnie doda\u0142a, ?a co dla was zrobi\u0142 Mahomet?? zosta\u0142a dotkliwie pobita, aresztowana i skazana a wielcy tego \u015bwiata roszcz\u0105cy sobie na codzie prawo pouczania wszystkich o tzw. prawach cz\u0142owieka i demokratycznych rz\u0105dach, milcz\u0105 jak zakl\u0119ci. Nie \u015bl\u0105 not dyplomatycznych, nie nak\u0142adaj\u0105 sankcji g\u0142usi na cierpienia uczni\u00f3w Jezusa Chrystusa, kt\u00f3rzy w wielu krajach \u015bwiata dzi\u015b staj\u0105 si\u0119 m\u0119czennikami.<\/span><\/span><\/p>\n<p class=\"western\" align=\"justify\"><span style=\"font-family: Arial, sans-serif;\"><span style=\"font-size: medium;\">Dlatego w ten dzie\u0144 dzisiejszy, gdy zapalamy znicze na grobach naszych przodk\u00f3w, kiedy szepcemy modlitw\u0119 niesion\u0105 po cmentarzach listopadowym wiatrem, gdy zaduma nam stawia przed oczy postaci naszych bliskich, kt\u00f3rzy nas poprzedzili w pielgrzymce do Niebieskiej Ojczyzny, pomy\u015blmy chocia\u017c przez chwil\u0119, co nas na groby prowadzi? Co wspominamy, z \u017cycia swoich przodk\u00f3w? Co doceniamy u tych, kt\u00f3rzy ju\u017c odeszli? Ich s\u0142abo\u015bci, grzechy? Zaniedbania, pora\u017cki? Czy te\u017c w modlitwie ?wieczny odpoczynek? dzi\u0119kujemy za \u017cycie, za mi\u0142o\u015b\u0107 i za wiar\u0119?<\/span><\/span><\/p>\n<p class=\"western\" align=\"justify\"><span style=\"font-family: Arial, sans-serif;\"><span style=\"font-size: medium;\">Drogi bracie i siostro. Pomy\u015bl wi\u0119c cho\u0107 przez chwil\u0119, jak\u0105 histori\u0119 napiszesz swoim \u017cyciem? Co zapami\u0119taj\u0105 twe dzieci, dla kt\u00f3rych si\u0119 po\u015bwi\u0119casz? Kiedy dokonasz wyboru, sta\u0144 w pokorze przed Bogiem i pro\u015b go o si\u0142y, na drodze do \u015bwi\u0119to\u015bci.<\/span><\/span><\/p>\n","protected":false},"excerpt":{"rendered":"<p>Tekst Ewangelii (Mt\u00a05,1-12a):\u00a0Jezus, widz\u0105c t\u0142umy, wyszed\u0142 na g\u00f3r\u0119. A gdy usiad\u0142, przyst\u0105pili do Niego Jego uczniowie. Wtedy otworzy\u0142 swoje usta i naucza\u0142 ich tymi s\u0142owami: \u00abB\u0142ogos\u0142awieni ubodzy w duchu, albowiem do nich nale\u017cy kr\u00f3lestwo niebieskie. B\u0142ogos\u0142awieni, kt\u00f3rzy si\u0119 smuc\u0105, albowiem oni b\u0119d\u0105 pocieszeni. B\u0142ogos\u0142awieni cisi, albowiem oni na w\u0142asno\u015b\u0107 posi\u0105d\u0105 ziemi\u0119. B\u0142ogos\u0142awieni, kt\u00f3rzy \u0142akn\u0105 i pragn\u0105 sprawiedliwo\u015bci, albowiem oni b\u0119d\u0105 nasyceni. B\u0142ogos\u0142awieni mi\u0142osierni, albowiem oni mi\u0142osierdzia dost\u0105pi\u0105. B\u0142ogos\u0142awieni czystego serca, albowiem oni Boga ogl\u0105da\u0107 b\u0119d\u0105. B\u0142ogos\u0142awieni, kt\u00f3rzy wprowadzaj\u0105 pok\u00f3j, albowiem oni b\u0119d\u0105 nazwani synami Bo\u017cymi. B\u0142ogos\u0142awieni, kt\u00f3rzy cierpi\u0105 prze\u015bladowanie dla sprawiedliwo\u015bci, albowiem do nich nale\u017cy kr\u00f3lestwo niebieskie. B\u0142ogos\u0142awieni jeste\u015bcie, gdy [ludzie] wam ur\u0105gaj\u0105 i prze\u015bladuj\u0105 was, i gdy z mego powodu m\u00f3wi\u0105 k\u0142amliwie wszystko z\u0142e na was. Cieszcie si\u0119 i radujcie, albowiem wasza nagroda wielka jest w niebie. \u00abCieszcie si\u0119 i radujcie\u00bb Uroczysto\u015b\u0107 Wszystkich \u015awi\u0119tych. To bardzo dobry czas, by chocia\u017c przez chwil\u0119 z dala od zgie\u0142ku i codziennego p\u0119du&hellip;<\/p>\n<p> <a class=\"more-link\" href=\"http:\/\/www.franciszek-walcz.pl\/?p=29211\">Czytaj dalej<\/a><\/p>\n","protected":false},"author":1,"featured_media":0,"comment_status":"closed","ping_status":"closed","sticky":false,"template":"","format":"standard","meta":{"footnotes":""},"categories":[1],"tags":[],"class_list":{"0":"post-29211","1":"post","2":"type-post","3":"status-publish","4":"format-standard","6":"category-uncategorized"},"brizy_media":[],"_links":{"self":[{"href":"http:\/\/www.franciszek-walcz.pl\/index.php?rest_route=\/wp\/v2\/posts\/29211","targetHints":{"allow":["GET"]}}],"collection":[{"href":"http:\/\/www.franciszek-walcz.pl\/index.php?rest_route=\/wp\/v2\/posts"}],"about":[{"href":"http:\/\/www.franciszek-walcz.pl\/index.php?rest_route=\/wp\/v2\/types\/post"}],"author":[{"embeddable":true,"href":"http:\/\/www.franciszek-walcz.pl\/index.php?rest_route=\/wp\/v2\/users\/1"}],"replies":[{"embeddable":true,"href":"http:\/\/www.franciszek-walcz.pl\/index.php?rest_route=%2Fwp%2Fv2%2Fcomments&post=29211"}],"version-history":[{"count":1,"href":"http:\/\/www.franciszek-walcz.pl\/index.php?rest_route=\/wp\/v2\/posts\/29211\/revisions"}],"predecessor-version":[{"id":29212,"href":"http:\/\/www.franciszek-walcz.pl\/index.php?rest_route=\/wp\/v2\/posts\/29211\/revisions\/29212"}],"wp:attachment":[{"href":"http:\/\/www.franciszek-walcz.pl\/index.php?rest_route=%2Fwp%2Fv2%2Fmedia&parent=29211"}],"wp:term":[{"taxonomy":"category","embeddable":true,"href":"http:\/\/www.franciszek-walcz.pl\/index.php?rest_route=%2Fwp%2Fv2%2Fcategories&post=29211"},{"taxonomy":"post_tag","embeddable":true,"href":"http:\/\/www.franciszek-walcz.pl\/index.php?rest_route=%2Fwp%2Fv2%2Ftags&post=29211"}],"curies":[{"name":"wp","href":"https:\/\/api.w.org\/{rel}","templated":true}]}}