{"id":29265,"date":"2025-11-10T20:36:36","date_gmt":"2025-11-10T19:36:36","guid":{"rendered":"http:\/\/www.franciszek-walcz.pl\/?p=29265"},"modified":"2025-11-10T20:37:14","modified_gmt":"2025-11-10T19:37:14","slug":"niepodlegla","status":"publish","type":"post","link":"http:\/\/www.franciszek-walcz.pl\/?p=29265","title":{"rendered":"Niepodleg\u0142a"},"content":{"rendered":"<p class=\"western\" align=\"justify\"><span style=\"font-family: Arial, sans-serif;\"><span style=\"font-size: medium;\">11 listopada w liturgii ko\u015bcio\u0142a wspominamy \u015bw. Marcina.. \u015awi\u0119ty ten uwa\u017cany jest za patrona \u017co\u0142nierzy i rycerzy, a wi\u0119c tak\u017ce rycerzy polskiej sprawy wybicia si\u0119 na niepodleg\u0142o\u015b\u0107.<\/span><\/span><\/p>\n<p class=\"western\" align=\"justify\"><span style=\"font-family: Arial, sans-serif;\"><span style=\"font-size: medium;\">W czasie swojej czterdziestoletniej \u017co\u0142nierskiej drogi \u015bw. Marcin umia\u0142 odnajdywa\u0107 szlak prowadz\u0105cy do Boga. W Galii, gdzie s\u0142u\u017cy\u0142 w wojsku rzymskim, spotka\u0142 n\u0119dzarza, z kt\u00f3rym podzieli\u0142 si\u0119 po\u0142ow\u0105 swego p\u0142aszcza. Umia\u0142 si\u0119 dzieli\u0107. Wype\u0142nia\u0142 s\u0142owa Chrystusa wyj\u0119te z Ewangelii:\u00a0<strong>by\u0142em g\u0142odny &#8230;, by\u0142em spragniony &#8230;, by\u0142em przybyszem &#8230;, by\u0142em nagi &#8230;, by\u0142em chory &#8230;, by\u0142em w wi\u0119zieniu &#8230;\u00a0<\/strong>Ca\u0142e jego dzia\u0142anie pozwala dostrzec Jezusa w spe\u0142nianych przez niego aktach mi\u0142osierdzia.<\/span><\/span><\/p>\n<p class=\"western\" align=\"justify\"><span style=\"font-family: Arial, sans-serif;\"><span style=\"font-size: medium;\">B\u0119d\u0105c ju\u017c czterdziestoletnim m\u0119\u017cczyzn\u0105 opu\u015bci\u0142 szeregi armii i od tego czasu przez nast\u0119pne czterdzie\u015bci lat trwa\u0142 przy Bogu.\u00a0<strong>Wierzy\u0142 w to, czego naucza\u0142, naucza\u0142 tego, w co uwierzy\u0142 i wype\u0142nia\u0142 to, czego naucza\u0142!\u00a0<\/strong> <\/span><\/span><\/p>\n<p class=\"western\" align=\"justify\"><span style=\"font-family: Arial, sans-serif;\"><span style=\"font-size: medium;\">Taka postawa porz\u0105dkuje nasz stosunek do Boga i do \u015bwiata. Uczy\u00a0 mi\u0142o\u015bci do Boga, ludzi i ziemi ojczystej. <\/span><\/span><\/p>\n<p class=\"western\" align=\"justify\"><span style=\"font-family: Arial, sans-serif;\"><span style=\"font-size: medium;\">Dzie\u0144 \u015bw. Marcina jest te\u017c dniem odzyskania przez Najja\u015bniejsz\u0105 Rzeczpospolit\u0105 niepodleg\u0142o\u015bci. po 123 latach zaborczej niewoli. \u015awi\u0119tujemy dzi\u015b rocznic\u0119 odzyskania przez Polsk\u0119 niepodleg\u0142o\u015bci. Si\u0119gamy pami\u0119ci\u0105 w przesz\u0142o\u015b\u0107, wspominamy naszych przodk\u00f3w, kt\u00f3rzy szli d\u0142ug\u0105 i jak\u017ce trudn\u0105 drog\u0105 do tamtego pami\u0119tnego 11 listopada.<\/span><\/span><\/p>\n<p class=\"western\" align=\"justify\"><span style=\"font-family: Arial, sans-serif;\"><span style=\"font-size: medium;\">S\u0142owami, kt\u00f3re wi\u0105\u017c\u0105 si\u0119 z tym dniem s\u0105: Ojczyzna i niepodleg\u0142o\u015b\u0107.\u00a0<strong>Ojczyzna jest ziemi\u0105 ojc\u00f3w \u2013 ojcowizn\u0105.<\/strong>\u00a0Z ca\u0142ym baga\u017cem jej problem\u00f3w. <\/span><\/span><\/p>\n<p class=\"western\" align=\"justify\"><span style=\"font-family: Arial, sans-serif;\"><span style=\"font-size: medium;\">A niepodleg\u0142o\u015b\u0107 to \u2013 jak m\u00f3wi\u0142 \u015bw.. Jan Pawe\u0142 II \u2013\u00a0<strong>Ziemia trudnej jedno\u015bci. Ziemia ludzi szukaj\u0105cych w\u0142asnych dr\u00f3g \u2013 to\u017csamo\u015bci!<\/strong><\/span><\/span><\/p>\n<p class=\"western\" align=\"justify\"><span style=\"font-family: Arial, sans-serif;\"><span style=\"font-size: medium;\">Jest to nasze dziedzictwo, nasz skarb. Ojczyzna to ziemia, na kt\u00f3rej mieszkamy od Ba\u0142tyku po Tatry. To r\u00f3wnie\u017c kultura, j\u0119zyk i Ko\u015bci\u00f3\u0142. To tak\u017ce ludzie wszystkich zawod\u00f3w i pos\u0142ug. Ojczyzna jest miejscem \u017cycia narodu i jego historii. <\/span><\/span><\/p>\n<p class=\"western\" align=\"justify\"><a name=\"_GoBack\"><\/a> <span style=\"font-family: Arial, sans-serif;\"><span style=\"font-size: medium;\">Jan Pietrzak w jednej z pie\u015bni okre\u015bli\u0142 J\u0105 s\u0142owami: \u00a0<strong>D\u0142ugi \u0142a\u0144cuch ludzkich istnie\u0144 Po\u0142\u0105czonych my\u015bl\u0105 prost\u0105:<\/strong> <strong>\u017beby Polska by\u0142a Polsk\u0105.<\/strong><\/span><\/span><\/p>\n<p class=\"western\" align=\"justify\">\u00a0<span style=\"font-family: Arial, sans-serif;\"><span style=\"font-size: medium;\">Ojczyzna to bezpiecze\u0144stwo, ale tak\u017ce nasza z\u0142ota sarmacka natura ,.. Gdy do\u0142o\u017cymy do tego bu\u0144czuczny charakter naszych przodk\u00f3w , sk\u0142onno\u015b\u0107 do s\u0105siedzkich spor\u00f3w i wa\u015bni \u2013 przestaje dziwi\u0107 fakt, \u017ce w XVIII w. Polska straci\u0142a wolno\u015b\u0107. <\/span><\/span><\/p>\n<p class=\"western\" align=\"justify\"><span style=\"font-family: Arial, sans-serif;\"><span style=\"font-size: medium;\">W Ojczy\u017anie jest si\u0119 u siebie, w domu. Ojczyzna jest, chocia\u017cby by\u0142a w niewoli.\u00a0<\/span><\/span><\/p>\n<p class=\"western\" align=\"justify\"><span style=\"font-family: Arial, sans-serif;\"><span style=\"font-size: medium;\"><strong>Mo\u017ce by\u0107 zniewolona, tratowana przez obce wojska \u2013 ale jest!.<\/strong>\u00a0W Ojczy\u017anie owoce maj\u0105 inny smak, a chleb niepowtarzalny zapach. Kto\u015b kiedy\u015b powiedzia\u0142, \u017ce:\u00a0<strong>mieli\u015bmy w historii pecha do s\u0105siad\u00f3w, kt\u00f3rzy ci\u0105gle na nas napadali i chcieli rozkra\u015b\u0107 do cna, tak \u017ceby \u015blad nawet po Polsce nie zosta\u0142!<\/strong><\/span><\/span><\/p>\n<p class=\"western\" align=\"justify\"><span style=\"font-family: Arial, sans-serif;\"><span style=\"font-size: medium;\">\u015awi\u0119ta U. Led\u00f3chowska, kt\u00f3ra \u017cy\u0142a w czasach niewoli i by\u0142a \u015bwiadkiem odzyskiwania niepodleg\u0142o\u015bci i budowania pa\u0144stwowo\u015bci polskiej pisa\u0142a:, \u017ce aby ocali\u0107, Polsk\u0119, trzeba:\u00a0<strong>kocha\u0107 Boga, kocha\u0107 Ko\u015bci\u00f3\u0142 i kocha\u0107 rodzinny polski pr\u00f3g.<\/strong>\u00a0<\/span><\/span><\/p>\n<p class=\"western\" align=\"justify\"><span style=\"font-family: Arial, sans-serif;\"><span style=\"font-size: medium;\">Dla bohater\u00f3w tamtych wydarze\u0144: najwa\u017cniejsze by\u0142y trzy s\u0142owa \u2013\u00a0<strong>B\u00f3g-Honor-Ojczyzna<\/strong>. Z nimi id\u0105 &#8211; TRADYCJA, TO\u017bSAMO\u015a\u0106, RODZINA, JEDNO\u015a\u0106, ODWAGA, WIERNO\u015a\u0106, DOBRO WSP\u00d3LNE, SOLIDARNO\u015a\u0106, PO\u015aWI\u0118CENIE, HISTORIA i wiele innych bezcennych warto\u015bci.<\/span><\/span><\/p>\n<p class=\"western\" align=\"justify\"><span style=\"font-family: Arial, sans-serif;\"><span style=\"font-size: medium;\">J. Pi\u0142sudski, R. Dmowski, J. I. Paderewski, J. Haller, W. Korfanty, W. Witos. potrafili wykorzystali sprzyjaj\u0105cy moment historii i sfinalizowali dzie\u0142o tych, kt\u00f3rzy na sztandarach wypisane mieli to has\u0142o. <\/span><\/span><\/p>\n<p class=\"western\" align=\"justify\"><span style=\"font-family: Arial, sans-serif;\"><span style=\"font-size: medium;\">Zanim jednak to nast\u0105pi\u0142o: <strong>Zrzuca\u0142 ucze\u0144 portret cara,<\/strong> <strong>Ksi\u0105dz \u015aciegienny wznosi\u0142 mod\u0142y,<\/strong> <strong>Opatrywa\u0142 w\u00f3z Drzyma\u0142a,<\/strong> <strong>Dumnie wiersze pisa\u0142 Norwid.<\/strong> <strong>I kto szable m\u00f3g\u0142 utrzyma\u0107,<\/strong> <strong>Ten formowa\u0142 legion w wojsko:<\/strong> <strong>\u017beby Polska by\u0142a Polsk\u0105.<\/strong><\/span><\/span><\/p>\n<p class=\"western\" align=\"justify\"><span style=\"font-family: Arial, sans-serif;\"><span style=\"font-size: medium;\">Dzi\u0119ki wierno\u015bci naszych przodk\u00f3w Bogu i Ojczy\u017anie Polska odzyska\u0142a niepodleg\u0142o\u015b\u0107. <\/span><\/span><\/p>\n<p class=\"western\" align=\"justify\"><span style=\"font-family: Arial, sans-serif;\"><span style=\"font-size: medium;\">Dzi\u015b tajemy na progu nowego czasu, nowych wyzwa\u0144 i patrzymy w przysz\u0142o\u015b\u0107. Co przyniesie, jaka b\u0119dzie?\u00a0 Staje dzi\u015b przed nami Chrystus i zadaje ca\u0142ej Polsce pytanie : Qvo vadis \u2013 Dok\u0105d idziesz? A wi\u0119c czy p\u00f3jdziesz za Chrystusem, starych ojc\u00f3w szlakiem? Czy p\u00f3jdziesz za jego Matk\u0105, kt\u00f3r\u0105 obra\u0142e\u015b sobie za Kr\u00f3low\u0105 Korony Polskiej, a tak\u017ce Hetmank\u0105 \u017bo\u0142nierza Polskiego? Czy zawierzysz sw\u00f3j los Chrystusowi, kt\u00f3ry by\u0142 wczoraj, jest dzi\u015b i na zawsze? <\/span><\/span><\/p>\n<p class=\"western\" align=\"justify\">\u201e<span style=\"font-family: Arial, sans-serif;\"><span style=\"font-size: medium;\">Panie Michale, larum graj\u0105\u201d, pisa\u0142 kiedy\u015b Sienkiewicz w \u201ePanu Wo\u0142odyjowskim\u201d. Teraz larum graj\u0105 dla obywateli.<\/span><\/span><\/p>\n<p class=\"western\" align=\"justify\"><span style=\"font-family: Arial, sans-serif;\"><span style=\"font-size: medium;\">Pom\u00f3dl si\u0119 bracie za Polsk\u0119\u201d<\/span><\/span><\/p>\n<p class=\"western\" align=\"justify\"><span style=\"font-family: Arial, sans-serif;\"><span style=\"font-size: medium;\">Ojc\u00f3w zwyczajem Pannie Naj\u015bwi\u0119tszej pok\u0142o\u0144 si\u0119 nisko<\/span><\/span><\/p>\n<p class=\"western\" align=\"justify\"><span style=\"font-family: Arial, sans-serif;\"><span style=\"font-size: medium;\">Za chleb powszedni i za spokojne twoje ognisko.<\/span><\/span><\/p>\n<p class=\"western\" align=\"justify\"><span style=\"font-family: Arial, sans-serif;\"><span style=\"font-size: medium;\">Niebo rozpina namiot b\u0142\u0119kitny nad twoim domem,<\/span><\/span><\/p>\n<p class=\"western\" align=\"justify\"><span style=\"font-family: Arial, sans-serif;\"><span style=\"font-size: medium;\">By nieprzyjaciel ju\u017c ci nie grozi\u0142 zag\u0142ady gromem.<\/span><\/span><\/p>\n<p class=\"western\" align=\"justify\"><span style=\"font-family: Arial, sans-serif;\"><span style=\"font-size: medium;\">Pom\u00f3dl si\u0119 bracie i siostro za wolno\u015b\u0107, O pok\u00f3j, prawd\u0119, o mi\u0142o\u015b\u0107. Pom\u00f3dl si\u0119 dzisiaj bracie i siostro . Pom\u00f3dl si\u0119 za Ojczyzn\u0119.<\/span><\/span><\/p>\n<p class=\"western\" align=\"justify\"><span style=\"font-family: Arial, sans-serif;\"><span style=\"font-size: medium;\">Ojczy\u017anie naszej m\u00f3wimy za biskupem Antonim Szlagowskim: Ojczyzno mi\u0142a, buduj si\u0119 prac\u0105 pokole\u0144, \u015bwie\u0107 chwa\u0142\u0105 rycerzy, ro\u015bnij mi\u0142o\u015bci\u0105 syn\u00f3w i \u017cyj wielka, pot\u0119\u017cna po wieczne czasy <\/span><\/span><\/p>\n<p class=\"western\" align=\"justify\"><span style=\"font-family: Arial, sans-serif;\"><span style=\"font-size: medium;\">Niech wi\u0119c dzisiejsza uroczysto\u015b\u0107 uwra\u017cliwi nas na sprawy, spo\u0142eczne i narodowe. Niech o\u017cywi pami\u0119\u0107, kt\u00f3ra ogarnia wiele pokole\u0144 Polak\u00f3w, kt\u00f3rym na sercu le\u017ca\u0142o dobro Ojczyzny. <\/span><\/span><\/p>\n<p class=\"western\" align=\"justify\"><span style=\"font-family: Arial, sans-serif;\"><span style=\"font-size: medium;\">Niech nam u\u015bwiadomi, z jak wielkiego dorobku przesz\u0142o\u015bci korzystamy. Nie zmarnujmy tego ogromnego dziedzictwa. , by\u015bmy ju\u017c nigdy nie musieli \u015bpiewa\u0107: Ojczyzn\u0119 woln\u0105 racz nam wr\u00f3ci\u0107 Panie! <\/span><\/span><\/p>\n<p class=\"western\" align=\"justify\"><span style=\"font-family: Arial, sans-serif;\"><span style=\"font-size: medium;\">Podejmujmy wci\u0105\u017c trud odpowiedzialno\u015bci za przysz\u0142o\u015b\u0107 naszego kraju. Niech B\u00f3g b\u0142ogos\u0142awi naszym szlachetnym wysi\u0142kom. Niech b\u0142ogos\u0142awi nasz\u0105 Ojczyzn\u0119. Amen.<\/span><\/span><\/p>\n","protected":false},"excerpt":{"rendered":"<p>11 listopada w liturgii ko\u015bcio\u0142a wspominamy \u015bw. Marcina.. \u015awi\u0119ty ten uwa\u017cany jest za patrona \u017co\u0142nierzy i rycerzy, a wi\u0119c tak\u017ce rycerzy polskiej sprawy wybicia si\u0119 na niepodleg\u0142o\u015b\u0107. W czasie swojej czterdziestoletniej \u017co\u0142nierskiej drogi \u015bw. Marcin umia\u0142 odnajdywa\u0107 szlak prowadz\u0105cy do Boga. W Galii, gdzie s\u0142u\u017cy\u0142 w wojsku rzymskim, spotka\u0142 n\u0119dzarza, z kt\u00f3rym podzieli\u0142 si\u0119 po\u0142ow\u0105 swego p\u0142aszcza. Umia\u0142 si\u0119 dzieli\u0107. Wype\u0142nia\u0142 s\u0142owa Chrystusa wyj\u0119te z Ewangelii:\u00a0by\u0142em g\u0142odny &#8230;, by\u0142em spragniony &#8230;, by\u0142em przybyszem &#8230;, by\u0142em nagi &#8230;, by\u0142em chory &#8230;, by\u0142em w wi\u0119zieniu &#8230;\u00a0Ca\u0142e jego dzia\u0142anie pozwala dostrzec Jezusa w spe\u0142nianych przez niego aktach mi\u0142osierdzia. B\u0119d\u0105c ju\u017c czterdziestoletnim m\u0119\u017cczyzn\u0105 opu\u015bci\u0142 szeregi armii i od tego czasu przez nast\u0119pne czterdzie\u015bci lat trwa\u0142 przy Bogu.\u00a0Wierzy\u0142 w to, czego naucza\u0142, naucza\u0142 tego, w co uwierzy\u0142 i wype\u0142nia\u0142 to, czego naucza\u0142!\u00a0 Taka postawa porz\u0105dkuje nasz stosunek do Boga i do \u015bwiata. Uczy\u00a0 mi\u0142o\u015bci do Boga, ludzi i ziemi ojczystej. Dzie\u0144 \u015bw. Marcina jest te\u017c&hellip;<\/p>\n<p> <a class=\"more-link\" href=\"http:\/\/www.franciszek-walcz.pl\/?p=29265\">Czytaj dalej<\/a><\/p>\n","protected":false},"author":1,"featured_media":0,"comment_status":"closed","ping_status":"closed","sticky":false,"template":"","format":"standard","meta":{"footnotes":""},"categories":[1],"tags":[],"class_list":{"0":"post-29265","1":"post","2":"type-post","3":"status-publish","4":"format-standard","6":"category-uncategorized"},"brizy_media":[],"_links":{"self":[{"href":"http:\/\/www.franciszek-walcz.pl\/index.php?rest_route=\/wp\/v2\/posts\/29265","targetHints":{"allow":["GET"]}}],"collection":[{"href":"http:\/\/www.franciszek-walcz.pl\/index.php?rest_route=\/wp\/v2\/posts"}],"about":[{"href":"http:\/\/www.franciszek-walcz.pl\/index.php?rest_route=\/wp\/v2\/types\/post"}],"author":[{"embeddable":true,"href":"http:\/\/www.franciszek-walcz.pl\/index.php?rest_route=\/wp\/v2\/users\/1"}],"replies":[{"embeddable":true,"href":"http:\/\/www.franciszek-walcz.pl\/index.php?rest_route=%2Fwp%2Fv2%2Fcomments&post=29265"}],"version-history":[{"count":1,"href":"http:\/\/www.franciszek-walcz.pl\/index.php?rest_route=\/wp\/v2\/posts\/29265\/revisions"}],"predecessor-version":[{"id":29266,"href":"http:\/\/www.franciszek-walcz.pl\/index.php?rest_route=\/wp\/v2\/posts\/29265\/revisions\/29266"}],"wp:attachment":[{"href":"http:\/\/www.franciszek-walcz.pl\/index.php?rest_route=%2Fwp%2Fv2%2Fmedia&parent=29265"}],"wp:term":[{"taxonomy":"category","embeddable":true,"href":"http:\/\/www.franciszek-walcz.pl\/index.php?rest_route=%2Fwp%2Fv2%2Fcategories&post=29265"},{"taxonomy":"post_tag","embeddable":true,"href":"http:\/\/www.franciszek-walcz.pl\/index.php?rest_route=%2Fwp%2Fv2%2Ftags&post=29265"}],"curies":[{"name":"wp","href":"https:\/\/api.w.org\/{rel}","templated":true}]}}