{"id":29315,"date":"2025-11-15T12:02:50","date_gmt":"2025-11-15T11:02:50","guid":{"rendered":"http:\/\/www.franciszek-walcz.pl\/?p=29315"},"modified":"2025-11-15T12:07:57","modified_gmt":"2025-11-15T11:07:57","slug":"xxxiii-niedziela-okresu-zwyklego","status":"publish","type":"post","link":"http:\/\/www.franciszek-walcz.pl\/?p=29315","title":{"rendered":"XXXIII Niedziela okresu zwyk\u0142ego"},"content":{"rendered":"<p class=\"western\" align=\"justify\"><span style=\"font-family: Arial, sans-serif;\"><span style=\"font-size: medium;\">Tekst Ewangelii (\u0141k\u00a021,5-19):\u00a0Gdy niekt\u00f3rzy m\u00f3wili o \u015bwi\u0105tyni, \u017ce jest przyozdobiona pi\u0119knymi kamieniami i darami, powiedzia\u0142: \u00abPrzyjdzie czas, kiedy z tego, na co patrzycie, nie zostanie kamie\u0144 na kamieniu, kt\u00f3ry by nie by\u0142 zwalony\u00bb.<\/span><\/span><\/p>\n<p>Zapytali Go: \u00abNauczycielu, kiedy to nast\u0105pi? I jaki b\u0119dzie znak, gdy si\u0119 to dzia\u0107 zacznie?\u00bb Jezus odpowiedzia\u0142: \u00abStrze\u017ccie si\u0119, \u017ceby was nie zwiedziono. Wielu bowiem przyjdzie pod moim imieniem i b\u0119d\u0105 m\u00f3wi\u0107: &#8222;Ja jestem&#8221; oraz: &#8222;Nadszed\u0142 czas&#8221;. Nie chod\u017acie za nimi! I nie trw\u00f3\u017ccie si\u0119, gdy pos\u0142yszycie o wojnach i przewrotach. To najpierw musi si\u0119 sta\u0107, ale nie zaraz nast\u0105pi koniec\u00bb. Wtedy m\u00f3wi\u0142 do nich: \u00abPowstanie nar\u00f3d przeciw narodowi i kr\u00f3lestwo przeciw kr\u00f3lestwu. B\u0119d\u0105 silne trz\u0119sienia ziemi, a miejscami g\u0142\u00f3d i zaraza; uka\u017c\u0105 si\u0119 straszne zjawiska i wielkie znaki na niebie.<\/p>\n<p>Lecz przed tym wszystkim podnios\u0105 na was r\u0119ce i b\u0119d\u0105 was prze\u015bladowa\u0107. Wydadz\u0105 was do synagog i do wi\u0119zie\u0144 oraz z powodu mojego imienia wlec was b\u0119d\u0105 do kr\u00f3l\u00f3w i namiestnik\u00f3w. B\u0119dzie to dla was sposobno\u015b\u0107 do sk\u0142adania \u015bwiadectwa. Postan\u00f3wcie sobie w sercu nie obmy\u015bla\u0107 naprz\u00f3d swej obrony. Ja bowiem dam wam wymow\u0119 i m\u0105dro\u015b\u0107, kt\u00f3rej \u017caden z waszych prze\u015bladowc\u00f3w nie b\u0119dzie si\u0119 m\u00f3g\u0142 oprze\u0107 ani si\u0119 sprzeciwi\u0107. A wydawa\u0107 was b\u0119d\u0105 nawet rodzice i bracia, krewni i przyjaciele i niekt\u00f3rych z was o \u015bmier\u0107 przyprawi\u0105. I z powodu mojego imienia b\u0119dziecie w nienawi\u015bci u wszystkich. Ale w\u0142os z g\u0142owy wam nie zginie. Przez swoj\u0105 wytrwa\u0142o\u015b\u0107 ocalicie wasze \u017cycie.<\/p>\n<p class=\"western\" align=\"justify\"><strong><span style=\"font-family: Arial, sans-serif;\"><span style=\"font-size: medium;\">\u00abStrze\u017ccie si\u0119, \u017ceby was nie zwiedziono\u00bb<\/span><\/span><\/strong><\/p>\n<p class=\"western\" align=\"justify\"><span style=\"font-family: Arial, sans-serif;\"><span style=\"font-size: medium;\">Ewangelia m\u00f3wi nam o ostatnim przyj\u015bciu Syna Cz\u0142owieczego. Oto przybli\u017ca si\u0119 koniec roku liturgicznego i Ko\u015bci\u00f3\u0142 przedstawia nam paruzj\u0119, a jednocze\u015bnie wyra\u017ca pragnienie, aby\u015bmy my\u015bleli o sprawach ostatecznych: o \u015bmierci, s\u0105dzie, piekle i niebie. Cel podr\u00f3\u017cy warunkuje jej przebieg. Je\u015bli chcesz i\u015b\u0107 do piek\u0142a, mo\u017cesz zachowywa\u0107 si\u0119 w okre\u015blony spos\u00f3b zgodny z celem takiej podr\u00f3\u017cy. Je\u015bli wybierasz niebo, musisz \u017cy\u0107 zgodnie z Chwa\u0142\u0105, kt\u00f3r\u0105 pragniesz osi\u0105gn\u0105\u0107. Zawsze w wolno\u015bci. Do piek\u0142a nikt nie dostaje si\u0119 na si\u0142\u0119; ani te\u017c do nieba. B\u00f3g jest sprawiedliwy i daje ka\u017cdemu to, na co zas\u0142u\u017cy\u0142, ani mniej ani wi\u0119cej. Nie karze ani nie nagradza arbitralnie kieruj\u0105c si\u0119 sympatiami lub antypatiami. Szanuje nasz\u0105 wolno\u015b\u0107. Mimo tego, nale\u017cy pami\u0119ta\u0107, \u017ce wraz z zej\u015bciem tego z \u015bwiata ko\u0144czy si\u0119 wolno\u015b\u0107 wyboru. Drzewo b\u0119dzie le\u017ce\u0107 na tym boku, na kt\u00f3ry upadnie.<\/span><\/span><\/p>\n<p>\u00abUmrze\u0107 w grzechu \u015bmiertelnym, nie \u017ca\u0142uj\u0105c za niego i nie przyjmuj\u0105c mi\u0142osiernej mi\u0142o\u015bci Boga, oznacza pozosta\u0107 z wolnego wyboru na zawsze oddzielonym od Niego. Ten stan ostatecznego samowykluczenia z jedno\u015bci z Bogiem i \u015bwi\u0119tymi okre\u015bla si\u0119 s\u0142owem &#8222;piek\u0142o&#8221;\u00bb (Katechizm Ko\u015bcio\u0142a Katolickiego nr 1033).<\/p>\n<p>Czy wyobra\u017casz sobie donios\u0142o\u015b\u0107 tego spektaklu? Kobiety i m\u0119\u017cczy\u017ani wszystkich czas\u00f3w i wszystkich ras zmartwychwstali w swoich duszach i cia\u0142ach, wszyscy staniemy przed Jezusem Chrystusem, kt\u00f3ry w tym akcie b\u0119dzie pe\u0142en w\u0142adzy i majestatu. Przyb\u0119dzie, by os\u0105dzi\u0107 nas przed ca\u0142ym \u015bwiatem. Warto si\u0119 postara\u0107 , \u017ceby si\u0119 tam znale\u017a\u0107&#8230; Wtedy uka\u017ce si\u0119 prawda o wszystkich naszych wewn\u0119trznych i zewn\u0119trznych aktach. Wtedy zobaczymy do kogo nale\u017c\u0105 pieni\u0105dze, dzieci, ksi\u0105\u017cki, projekty i wszystko inne: \u00abNie zostanie kamie\u0144 na kamieniu, kt\u00f3ry by nie by\u0142 zwalony\u00bb (\u0141k 21,6). Dzie\u0144 rado\u015bci i chwa\u0142y dla jednych; dzie\u0144 smutku i wstydu dla innych. Je\u015bli nie chcesz, by co\u015b ujawnione zosta\u0142o publicznie, wyznaj to na solidnej spowiedzi. Nie mo\u017cna improwizowa\u0107 tak donios\u0142ego i ostatecznego aktu. Jezus nas ostrzega: \u00abStrze\u017ccie si\u0119, \u017ceby was nie zwiedziono\u00bb<\/p>\n","protected":false},"excerpt":{"rendered":"<p>Tekst Ewangelii (\u0141k\u00a021,5-19):\u00a0Gdy niekt\u00f3rzy m\u00f3wili o \u015bwi\u0105tyni, \u017ce jest przyozdobiona pi\u0119knymi kamieniami i darami, powiedzia\u0142: \u00abPrzyjdzie czas, kiedy z tego, na co patrzycie, nie zostanie kamie\u0144 na kamieniu, kt\u00f3ry by nie by\u0142 zwalony\u00bb. Zapytali Go: \u00abNauczycielu, kiedy to nast\u0105pi? I jaki b\u0119dzie znak, gdy si\u0119 to dzia\u0107 zacznie?\u00bb Jezus odpowiedzia\u0142: \u00abStrze\u017ccie si\u0119, \u017ceby was nie zwiedziono. Wielu bowiem przyjdzie pod moim imieniem i b\u0119d\u0105 m\u00f3wi\u0107: &#8222;Ja jestem&#8221; oraz: &#8222;Nadszed\u0142 czas&#8221;. Nie chod\u017acie za nimi! I nie trw\u00f3\u017ccie si\u0119, gdy pos\u0142yszycie o wojnach i przewrotach. To najpierw musi si\u0119 sta\u0107, ale nie zaraz nast\u0105pi koniec\u00bb. Wtedy m\u00f3wi\u0142 do nich: \u00abPowstanie nar\u00f3d przeciw narodowi i kr\u00f3lestwo przeciw kr\u00f3lestwu. B\u0119d\u0105 silne trz\u0119sienia ziemi, a miejscami g\u0142\u00f3d i zaraza; uka\u017c\u0105 si\u0119 straszne zjawiska i wielkie znaki na niebie. Lecz przed tym wszystkim podnios\u0105 na was r\u0119ce i b\u0119d\u0105 was prze\u015bladowa\u0107. Wydadz\u0105 was do synagog i do wi\u0119zie\u0144 oraz z powodu mojego imienia wlec was&hellip;<\/p>\n<p> <a class=\"more-link\" href=\"http:\/\/www.franciszek-walcz.pl\/?p=29315\">Czytaj dalej<\/a><\/p>\n","protected":false},"author":1,"featured_media":0,"comment_status":"closed","ping_status":"closed","sticky":false,"template":"","format":"standard","meta":{"footnotes":""},"categories":[1],"tags":[],"class_list":{"0":"post-29315","1":"post","2":"type-post","3":"status-publish","4":"format-standard","6":"category-uncategorized"},"brizy_media":[],"_links":{"self":[{"href":"http:\/\/www.franciszek-walcz.pl\/index.php?rest_route=\/wp\/v2\/posts\/29315","targetHints":{"allow":["GET"]}}],"collection":[{"href":"http:\/\/www.franciszek-walcz.pl\/index.php?rest_route=\/wp\/v2\/posts"}],"about":[{"href":"http:\/\/www.franciszek-walcz.pl\/index.php?rest_route=\/wp\/v2\/types\/post"}],"author":[{"embeddable":true,"href":"http:\/\/www.franciszek-walcz.pl\/index.php?rest_route=\/wp\/v2\/users\/1"}],"replies":[{"embeddable":true,"href":"http:\/\/www.franciszek-walcz.pl\/index.php?rest_route=%2Fwp%2Fv2%2Fcomments&post=29315"}],"version-history":[{"count":2,"href":"http:\/\/www.franciszek-walcz.pl\/index.php?rest_route=\/wp\/v2\/posts\/29315\/revisions"}],"predecessor-version":[{"id":29319,"href":"http:\/\/www.franciszek-walcz.pl\/index.php?rest_route=\/wp\/v2\/posts\/29315\/revisions\/29319"}],"wp:attachment":[{"href":"http:\/\/www.franciszek-walcz.pl\/index.php?rest_route=%2Fwp%2Fv2%2Fmedia&parent=29315"}],"wp:term":[{"taxonomy":"category","embeddable":true,"href":"http:\/\/www.franciszek-walcz.pl\/index.php?rest_route=%2Fwp%2Fv2%2Fcategories&post=29315"},{"taxonomy":"post_tag","embeddable":true,"href":"http:\/\/www.franciszek-walcz.pl\/index.php?rest_route=%2Fwp%2Fv2%2Ftags&post=29315"}],"curies":[{"name":"wp","href":"https:\/\/api.w.org\/{rel}","templated":true}]}}