{"id":29327,"date":"2025-11-22T11:02:06","date_gmt":"2025-11-22T10:02:06","guid":{"rendered":"http:\/\/www.franciszek-walcz.pl\/?p=29327"},"modified":"2025-11-22T11:02:06","modified_gmt":"2025-11-22T10:02:06","slug":"xxxiv-niedziela-okresu-zwyklego-jezusa-chrystusa-krola-wszechswiata-2","status":"publish","type":"post","link":"http:\/\/www.franciszek-walcz.pl\/?p=29327","title":{"rendered":"XXXIV Niedziela okresu zwyk\u0142ego: Jezusa Chrystusa Kr\u00f3la Wszech\u015bwiata"},"content":{"rendered":"<p class=\"western\" align=\"justify\"><span style=\"font-family: Arial, sans-serif;\"><span style=\"font-size: medium;\">Tekst Ewangelii (\u0141k\u00a023,35-43):\u00a0A lud sta\u0142 i patrzy\u0142. Lecz cz\u0142onkowie Wysokiej Rady drwi\u0105co m\u00f3wili: \u00abInnych wybawia\u0142, niech\u017ce teraz siebie wybawi, je\u015bli On jest Mesjaszem, Wybra\u0144cem Bo\u017cym\u00bb. Szydzili z Niego i \u017co\u0142nierze; podchodzili do Niego i podawali Mu ocet, m\u00f3wi\u0105c: \u00abJe\u015bli Ty jeste\u015b kr\u00f3lem \u017cydowskim, wybaw sam siebie\u00bb. By\u0142 tak\u017ce nad Nim napis w j\u0119zyku greckim, \u0142aci\u0144skim i hebrajskim: \u00abTo jest Kr\u00f3l \u017bydowski\u00bb.<\/p>\n<p>Jeden ze z\u0142oczy\u0144c\u00f3w, kt\u00f3rych [tam] powieszono, ur\u0105ga\u0142 Mu: \u00abCzy Ty nie jeste\u015b Mesjaszem? Wybaw wi\u0119c siebie i nas\u00bb. Lecz drugi, karc\u0105c go, rzek\u0142: \u00abTy nawet Boga si\u0119 nie boisz, chocia\u017c t\u0119 sam\u0105 kar\u0119 ponosisz? My przecie\u017c &#8211; sprawiedliwie, odbieramy bowiem s\u0142uszn\u0105 kar\u0119 za nasze uczynki, ale On nic z\u0142ego nie uczyni\u0142\u00bb. I doda\u0142: \u00abJezu, wspomnij na mnie, gdy przyjdziesz do swego kr\u00f3lestwa\u00bb. Jezus mu odpowiedzia\u0142: \u00abZaprawd\u0119, powiadam ci: Dzi\u015b ze Mn\u0105 b\u0119dziesz w raju\u00bb.<\/span><\/span><\/p>\n<p class=\"western\" align=\"justify\"><strong><span style=\"font-family: Arial, sans-serif;\"><span style=\"font-size: medium;\">KR\u00d3LOWANIE Z KRZY\u017bA<\/span><\/span><\/strong><\/p>\n<p class=\"western\" align=\"justify\"><span style=\"font-family: Arial, sans-serif;\"><span style=\"font-size: medium;\">Sam tytu\u0142 dzisiejszego rozwa\u017cania, dla nie znaj\u0105cych Chrystusa mo\u017ce brzmie\u0107 jak ironia. Jak mo\u017cna kr\u00f3lowa\u0107 z szubienicy? W czasach Jezusa krzy\u017c pe\u0142ni\u0142 tak\u0105 rol\u0119. Postawienie kr\u00f3la na szubienicy zawsze znaczy\u0142o koniec jego kr\u00f3lowania. Panowanie kr\u00f3la Francji, Ludwika XVI sko\u0144czy\u0142o si\u0119, gdy komunardzi paryscy wci\u0105gn\u0119li go na gilotyn\u0119. Koniec kr\u00f3lowania Marii Stuart nast\u0105pi\u0142, gdy wesz\u0142a na szafot a na jej obna\u017con\u0105 szyje spad\u0142 miecz kata. <\/span><\/span><\/p>\n<p class=\"western\" align=\"justify\"><span style=\"font-family: Arial, sans-serif;\"><span style=\"font-size: medium;\">Podobnie my\u015bleli, ci kt\u00f3rzy stali pod krzy\u017cem Chrystusa i szydzili z Niego. Rzymianie dla upokorzenia \u017byd\u00f3w, a przede wszystkim wyszydzenia Jezusa umie\u015bcili na krzy\u017cu w j\u0119zyku greckim, \u0142aci\u0144skim i hebrajskim napis: \u201eTo jest kr\u00f3l \u017cydowski\u201d. \u017bo\u0142nierze podawali Jezusowi ocet i szydz\u0105c m\u00f3wili: \u201eJe\u015bli Ty jeste\u015b kr\u00f3lem \u017cydowskim, wybaw sam siebie\u201d. R\u00f3wnie\u017c cz\u0142onkowie Wysokiej Rady drwili z Jezusa jako kr\u00f3la s\u0142owami: \u201eInnych wybawia\u0142, niech\u017ce teraz siebie wybawi, je\u015bli On jest Mesjaszem, Wybra\u0144cem Bo\u017cym\u201d. U\u017cywali s\u0142owa \u201eMesjasz\u201d, co znaczy \u201enamaszczony\u201d , inaczej kr\u00f3l. Do tych szyderstw przy\u0142\u0105czy\u0142 si\u0119 tak\u017ce jeden z ukrzy\u017cowanych \u0142otr\u00f3w: \u201eCzy Ty nie jeste\u015b Mesjaszem? Wybaw wi\u0119c siebie i nas\u201d.<\/span><\/span><\/p>\n<p class=\"western\" align=\"justify\"><span style=\"font-family: Arial, sans-serif;\"><span style=\"font-size: medium;\">Wygl\u0105da\u0142o wtedy , \u017ce szydz\u0105cy maj\u0105 racj\u0119. Majestat kr\u00f3lewski Jezusa by\u0142 zakryty przed ich oczyma. Oto pewien poeta \/ w norwegii \/ w jednym ze swoich wyst\u0105pie\u0144 narazi\u0142 si\u0119 parlamentarzystom tak bardzo, \u017ce niekt\u00f3rzy z nich protestowali przed jego domem. W czasie tego zaj\u015bcia wybito szyby w domu poety. Zarzucano mu nielojalno\u015b\u0107 wobec ojczyzny i brak odpowiedniego szacunku dla niej. W czasie tego burzliwego protestu \u015bpiewano hymn narodowy, kt\u00f3ry w pi\u0119knych s\u0142owach m\u00f3wi o mi\u0142o\u015bci ojczyzny. S\u0142ysz\u0105c to, poeta u\u015bmiecha\u0142 si\u0119, poniewa\u017c to on by\u0142 autorem tego hymnu. \u015apiewanie hymnu mia\u0142o wyszydzi\u0107 i zawstydzi\u0107 poet\u0119. A w rzeczywisto\u015bci by\u0142o odwrotnie. Podobnie szydercy pod krzy\u017cem, nazywaj\u0105c Jezusa kr\u00f3lem nie wiedzieli, \u017ce istnieje Kr\u00f3lestwo, w kt\u00f3rym Jezus jest Kr\u00f3lem.<\/span><\/span><\/p>\n<p class=\"western\" align=\"justify\"><span style=\"font-family: Arial, sans-serif;\"><span style=\"font-size: medium;\">A zatem, o jakie kr\u00f3lestwo chodzi i jakim Jezus jest kr\u00f3lem?<\/span><\/span><\/p>\n<p class=\"western\" align=\"justify\"><span style=\"font-family: Arial, sans-serif;\"><span style=\"font-size: medium;\">Prefacja mszalna na ten dzie\u0144 m\u00f3wi, \u017ce B\u00f3g przekaza\u0142 Jezusowi \u201ewieczne i powszechne Kr\u00f3lestwo: kr\u00f3lestwo prawdy i \u017cycia, kr\u00f3lestwo \u015bwi\u0119to\u015bci i \u0142aski, kr\u00f3lestwo sprawiedliwo\u015bci, mi\u0142o\u015bci i pokoju\u201d. Kr\u00f3lestwo tych warto\u015bci Chrystus zacz\u0105\u0142 budowa\u0107 tu, na ziemi, potwierdzaj\u0105c je niezwyk\u0142ymi czynami i cudami. Na krzy\u017cu wygl\u0105da\u0142o, \u017ce to kr\u00f3lestwo ponios\u0142o totaln\u0105 kl\u0119sk\u0119. Ale nie trzeba by\u0142o d\u0142ugo czeka\u0107, aby si\u0119 przekona\u0107, o pot\u0119dze tego Kr\u00f3lestwa i jego Kr\u00f3la. Gdy Jezus umiera\u0142 na krzy\u017cu przera\u017caj\u0105ce zjawiska na niebie i ziemi sprawi\u0142y, \u017ce setnik, kt\u00f3ry krzy\u017cowa\u0142 Jezusa pad\u0142 na kolana i wyzna\u0142, \u017ce Jezus jest Synem Bo\u017cym, panem Wszech\u015bwiata. <\/span><\/span><\/p>\n<p class=\"western\" align=\"justify\"><span style=\"font-family: Arial, sans-serif;\"><span style=\"font-size: medium;\">A p\u00f3\u017aniej by\u0142o zmartwychwstanie, przez kt\u00f3re Jezus objawi\u0142, \u017ce jest wszechpot\u0119\u017cnym Kr\u00f3lem, kt\u00f3ry ma w\u0142adz\u0119 tak\u017ce nad \u015bmierci\u0105.<\/span><\/span><\/p>\n<p class=\"western\" align=\"justify\"><span style=\"font-family: Arial, sans-serif;\"><span style=\"font-size: medium;\">Uroczysto\u015b\u0107 Chrystusa Kr\u00f3la og\u0142osi\u0142 papie\u017c Pius XI w roku 1925.<\/span><\/span><\/p>\n<p class=\"western\" align=\"justify\"><span style=\"font-family: Arial, sans-serif;\"><span style=\"font-size: medium;\">\u015awiat mia\u0142 wtedy za sob\u0105 okrutne do\u015bwiadczenia I Wojny \u015awiatowej, rozp\u0119tanej przez \u017c\u0105dze ludzkich kr\u00f3lestw. Walcz\u0105cy w czasie I wojny \u015bwiatowej s\u0142uchali swoich kr\u00f3l\u00f3w. Rosjanie swego cara, Niemcy cesarza, podobnie Austriacy. Pos\u0142usze\u0144stwo tym kr\u00f3lom pogr\u0105\u017cy\u0142o \u015bwiat w morzu krwi i nieszcz\u0119\u015bcia. Papie\u017c wskaza\u0142, \u017ce tylko pos\u0142usze\u0144stwo kr\u00f3lowi Wszech\u015bwiata, Jezusowi chroni cz\u0142owieka przed zag\u0142ad\u0105 i staje si\u0119 \u017ar\u00f3d\u0142em \u017cycia i pokoju. By\u0142o jasne, \u017ce tylko jeden Kr\u00f3l, kt\u00f3ry pokona\u0142 grzech i \u015bmier\u0107 przez swoje zmartwychwstanie, jest w stanie przynie\u015b\u0107 cz\u0142owiekowi pok\u00f3j. Papie\u017c Pius XI, og\u0142aszaj\u0105c to \u015bwi\u0119to powiedzia\u0142: \u201eZar\u00f3wno w \u017cyciu prywatnym, jak i publicznym, gdy przyjmiemy Chrystusa jako Kr\u00f3la, otrzymamy ostatecznie ogrom bo\u017cego b\u0142ogos\u0142awie\u0144stwa, prawdziw\u0105 wolno\u015b\u0107, porz\u0105dek, pok\u00f3j i harmoni\u0119\u201d.<\/span><\/span><\/p>\n<p class=\"western\" align=\"justify\"><span style=\"font-family: Arial, sans-serif;\"><span style=\"font-size: medium;\">Kr\u00f3lestwa ziemskie s\u0105 nieraz zaprzeczeniem Kr\u00f3lestwa Bo\u017cego i wtedy dochodzi do konflikt\u00f3w. Przyj\u0119cie Chrystusa za swojego Kr\u00f3la mo\u017ce prowadzi\u0107 na krzy\u017c. W Chrystusie jednak ten krzy\u017c staje si\u0119 znakiem zwyci\u0119stwa i uczestnictwa w Jego Kr\u00f3lestwie. Oto kilka przyk\u0142ad\u00f3w.<\/span><\/span><\/p>\n<p class=\"western\" align=\"justify\"><span style=\"font-family: Arial, sans-serif;\"><span style=\"font-size: medium;\">W roku 1535 kanclerz Anglii Tomasz More by\u0142 prowadzony na \u015bci\u0119cie. W drodze na miejsce ka\u017ani powiedzia\u0142 do kr\u00f3la i zgromadzonego t\u0142umu: \u201eKiedy obejmowa\u0142em urz\u0105d kanclerza prosi\u0142e\u015b mnie kr\u00f3lu, bym najpierw s\u0142ucha\u0142 Boga, potem ciebie, a dzi\u015b gin\u0119 za to, \u017ce wpierw s\u0142ucha\u0142em Boga, a potem ciebie\u201d. W latach trzydziestych ubieg\u0142ego stulecia w Meksyku wybuch\u0142o prze\u015bladowanie chrze\u015bcijan. Gdy byli rozstrzeliwani wo\u0142ali: \u201eNiech \u017cyje Chrystus Kr\u00f3l\u201d. W roku 1984, w dzie\u0144 swojej \u015bmierci ks. Jerzy Popie\u0142uszko powiedzia\u0142: \u201eChrze\u015bcijaninowi nie mo\u017ce wystarczy\u0107 tylko samo pot\u0119pienie z\u0142a, k\u0142amstwa, tch\u00f3rzostwa, zniewalania, nienawi\u015bci, przemocy, ale sam musi by\u0107 prawdziwym \u015bwiadkiem, rzecznikiem i obro\u0144c\u0105 sprawiedliwo\u015bci, dobra i prawdy, wolno\u015bci i mi\u0142o\u015bci. O te warto\u015bci musi odwa\u017cnie upomina\u0107 si\u0119 dla siebie i dla innych. <\/span><\/span><\/p>\n<p class=\"western\" align=\"justify\"><span style=\"font-family: Arial, sans-serif;\"><span style=\"font-size: medium;\">\u015aw. Ludwik IX, kr\u00f3l Francji w testamencie pisa\u0142: \u201eSynu drogi, nade wszystko polecam ci mi\u0142owa\u0107 Pana Boga twego, z ca\u0142ego serca twego i ze wszystkich si\u0142 twoich. Bez tego nie ma zbawienia. Te s\u0142owa testamentu mog\u0105 by\u0107 inspiracj\u0105 dla ka\u017cdego z nas do budowania Kr\u00f3lestwa, w kt\u00f3rym Jezus jest Kr\u00f3lem. <\/span><\/span><\/p>\n","protected":false},"excerpt":{"rendered":"<p>Tekst Ewangelii (\u0141k\u00a023,35-43):\u00a0A lud sta\u0142 i patrzy\u0142. Lecz cz\u0142onkowie Wysokiej Rady drwi\u0105co m\u00f3wili: \u00abInnych wybawia\u0142, niech\u017ce teraz siebie wybawi, je\u015bli On jest Mesjaszem, Wybra\u0144cem Bo\u017cym\u00bb. Szydzili z Niego i \u017co\u0142nierze; podchodzili do Niego i podawali Mu ocet, m\u00f3wi\u0105c: \u00abJe\u015bli Ty jeste\u015b kr\u00f3lem \u017cydowskim, wybaw sam siebie\u00bb. By\u0142 tak\u017ce nad Nim napis w j\u0119zyku greckim, \u0142aci\u0144skim i hebrajskim: \u00abTo jest Kr\u00f3l \u017bydowski\u00bb. Jeden ze z\u0142oczy\u0144c\u00f3w, kt\u00f3rych [tam] powieszono, ur\u0105ga\u0142 Mu: \u00abCzy Ty nie jeste\u015b Mesjaszem? Wybaw wi\u0119c siebie i nas\u00bb. Lecz drugi, karc\u0105c go, rzek\u0142: \u00abTy nawet Boga si\u0119 nie boisz, chocia\u017c t\u0119 sam\u0105 kar\u0119 ponosisz? My przecie\u017c &#8211; sprawiedliwie, odbieramy bowiem s\u0142uszn\u0105 kar\u0119 za nasze uczynki, ale On nic z\u0142ego nie uczyni\u0142\u00bb. I doda\u0142: \u00abJezu, wspomnij na mnie, gdy przyjdziesz do swego kr\u00f3lestwa\u00bb. Jezus mu odpowiedzia\u0142: \u00abZaprawd\u0119, powiadam ci: Dzi\u015b ze Mn\u0105 b\u0119dziesz w raju\u00bb. KR\u00d3LOWANIE Z KRZY\u017bA Sam tytu\u0142 dzisiejszego rozwa\u017cania, dla nie znaj\u0105cych Chrystusa mo\u017ce brzmie\u0107 jak ironia.&hellip;<\/p>\n<p> <a class=\"more-link\" href=\"http:\/\/www.franciszek-walcz.pl\/?p=29327\">Czytaj dalej<\/a><\/p>\n","protected":false},"author":1,"featured_media":0,"comment_status":"closed","ping_status":"closed","sticky":false,"template":"","format":"standard","meta":{"footnotes":""},"categories":[1],"tags":[],"class_list":{"0":"post-29327","1":"post","2":"type-post","3":"status-publish","4":"format-standard","6":"category-uncategorized"},"brizy_media":[],"_links":{"self":[{"href":"http:\/\/www.franciszek-walcz.pl\/index.php?rest_route=\/wp\/v2\/posts\/29327","targetHints":{"allow":["GET"]}}],"collection":[{"href":"http:\/\/www.franciszek-walcz.pl\/index.php?rest_route=\/wp\/v2\/posts"}],"about":[{"href":"http:\/\/www.franciszek-walcz.pl\/index.php?rest_route=\/wp\/v2\/types\/post"}],"author":[{"embeddable":true,"href":"http:\/\/www.franciszek-walcz.pl\/index.php?rest_route=\/wp\/v2\/users\/1"}],"replies":[{"embeddable":true,"href":"http:\/\/www.franciszek-walcz.pl\/index.php?rest_route=%2Fwp%2Fv2%2Fcomments&post=29327"}],"version-history":[{"count":1,"href":"http:\/\/www.franciszek-walcz.pl\/index.php?rest_route=\/wp\/v2\/posts\/29327\/revisions"}],"predecessor-version":[{"id":29328,"href":"http:\/\/www.franciszek-walcz.pl\/index.php?rest_route=\/wp\/v2\/posts\/29327\/revisions\/29328"}],"wp:attachment":[{"href":"http:\/\/www.franciszek-walcz.pl\/index.php?rest_route=%2Fwp%2Fv2%2Fmedia&parent=29327"}],"wp:term":[{"taxonomy":"category","embeddable":true,"href":"http:\/\/www.franciszek-walcz.pl\/index.php?rest_route=%2Fwp%2Fv2%2Fcategories&post=29327"},{"taxonomy":"post_tag","embeddable":true,"href":"http:\/\/www.franciszek-walcz.pl\/index.php?rest_route=%2Fwp%2Fv2%2Ftags&post=29327"}],"curies":[{"name":"wp","href":"https:\/\/api.w.org\/{rel}","templated":true}]}}