{"id":29355,"date":"2025-11-29T11:54:44","date_gmt":"2025-11-29T10:54:44","guid":{"rendered":"http:\/\/www.franciszek-walcz.pl\/?p=29355"},"modified":"2025-11-29T11:54:44","modified_gmt":"2025-11-29T10:54:44","slug":"i-niedziela-adwentu-3","status":"publish","type":"post","link":"http:\/\/www.franciszek-walcz.pl\/?p=29355","title":{"rendered":"I Niedziela Adwentu"},"content":{"rendered":"<p class=\"western\" align=\"justify\"><span style=\"font-family: Arial, sans-serif;\"><span style=\"font-size: medium;\">Tekst Ewangelii (Mt\u00a024, 37-44):\u00a0W owym czasie Jezus rzek\u0142 do uczni\u00f3w: \u00abA jak by\u0142o za dni Noego, tak b\u0119dzie z przyj\u015bciem Syna Cz\u0142owieczego. Albowiem jak w czasie przed potopem jedli i pili, \u017cenili si\u0119 i za m\u0105\u017c wydawali a\u017c do dnia, kiedy Noe wszed\u0142 do arki, i nie spostrzegli si\u0119, a\u017c przyszed\u0142 potop i poch\u0142on\u0105\u0142 wszystkich, tak r\u00f3wnie\u017c b\u0119dzie z przyj\u015bciem Syna Cz\u0142owieczego. Wtedy dw\u00f3ch b\u0119dzie w polu: jeden b\u0119dzie wzi\u0119ty, drugi zostawiony. Dwie b\u0119d\u0105 mle\u0107 na \u017carnach: jedna b\u0119dzie wzi\u0119ta, druga zostawiona.\u00bb<\/p>\n<p>\u00abCzuwajcie wi\u0119c, bo nie wiecie, w kt\u00f3rym dniu Pan wasz przyjdzie. A to rozumiejcie: Gdyby gospodarz wiedzia\u0142, o kt\u00f3rej porze nocy z\u0142odziej ma przyj\u015b\u0107, na pewno by czuwa\u0142 i nie pozwoli\u0142by w\u0142ama\u0107 si\u0119 do swego domu. Dlatego i wy b\u0105d\u017acie gotowi, bo w chwili, kt\u00f3rej si\u0119 nie domy\u015blacie, Syn Cz\u0142owieczy przyjdzie\u00bb.<\/span><\/span><\/p>\n<p class=\"western\" align=\"justify\"><strong><span style=\"font-family: Arial, sans-serif;\"><span style=\"font-size: medium;\">\u00abCzuwajcie wi\u0119c, bo nie wiecie, w kt\u00f3rym dniu Pan wasz przyjdzie\u00bb<\/span><\/span><\/strong><\/p>\n<p class=\"western\" align=\"justify\"><span style=\"font-family: Arial, sans-serif;\"><span style=\"font-size: medium;\">Dzisiaj, \u00abjak by\u0142o za dni Noego\u00bb, ludzie jedz\u0105, pij\u0105, wychodz\u0105 za m\u0105\u017c lub \u017ceni\u0105 si\u0119, tym gorzej, \u017ce m\u0119\u017cczyzna bierze m\u0119\u017ca a kobieta \u017con\u0119 (cf. Mt 24,37-38). I tak jak wtedy, za czas\u00f3w Noego, s\u0105 \u015bwi\u0119ci w jednym biurze przy jednym biurku, tak samo jak tamci. Jeden z nich b\u0119dzie wzi\u0119ty i drugi pozostawiony, gdy przyjdzie Sprawiedliwy S\u0119dzia.<\/p>\n<p>Nale\u017cy czuwa\u0107, bo \u00abtylko ten kto czuwa nie b\u0119dzie wzi\u0119ty w zaskoczeniu\u00bb . Powinni\u015bmy by\u0107 przygotowani mi\u0142o\u015bci\u0105 rozpalon\u0105 w sercach, jak lampy roztropnych dziewic. I chodzi w\u0142a\u015bnie o to, nadejdzie moment, gdy us\u0142yszymy: &#8222;Pan m\u0142ody idzie, wyjd\u017acie mu na spotkanie!&#8221; (Mt 25,6), \u00a1Jezus Chrystus!<\/p>\n<p>Jego przybycie jest zawsze rado\u015bci\u0105 dla tych, kt\u00f3rzy maj\u0105 rozpalone serca. Jego przybycie jest jak powr\u00f3t ojca rodziny, kt\u00f3ry mieszka w dalekim kraju i pisze: &#8211; Wpadn\u0119, kiedy najmniej si\u0119 spodziewacie. I od tego dnia panuje w domu rado\u015b\u0107: Tata wraca! Naszym wzorem s\u0105 \u015awi\u0119ci, kt\u00f3rzy \u017cyli \u201cw oczekiwaniu na Pana\u201d.<\/p>\n<p>Adwent s\u0142u\u017cy w\u0142a\u015bnie temu, by oczekiwa\u0107 w pokoju i z mi\u0142o\u015bci\u0105 na przyj\u015bcie Pana. Nic podobnego do niecierpliwo\u015bci lub desperacji, kt\u00f3ra charakteryzuje cz\u0142owieka naszych czas\u00f3w. \u015awi\u0119ty Augustyn udziela dobrej rady w oczekiwaniu: \u00abJakie b\u0119dzie twoje \u017cycie taka i twoja \u015bmier\u0107 b\u0119dzie\u00bb. Je\u015bli oczekujemy w mi\u0142o\u015bci, B\u00f3g ukoi nasze serce i nasz\u0105 nadziej\u0119.<\/p>\n<p>Czuwajcie wi\u0119c, bo nie wiecie, w kt\u00f3rym dniu Pan wasz przyjdzie. (cf. Mt 24,42). Posprz\u0105tany dom, czyste serce, my\u015bli i uczucia na podobie\u0144stwo Jezusa. \u00abCzuwa\u0107 to znaczy na\u015bladowa\u0107 Pana, wybiera\u0107 to co wybra\u0142 Chrystus, kocha\u0107 to co On kocha\u0142, kszta\u0142towa\u0107 swoje \u017cycie na wz\u00f3r jego \u017cycia\u00bb. Wtedy przyjdzie Syn cz\u0142owieczy\u2026 i Ojciec we\u017amie nas w swoje ramiona, bo byli\u015bmy podobni do jego Syna.<\/span><\/span><\/p>\n","protected":false},"excerpt":{"rendered":"<p>Tekst Ewangelii (Mt\u00a024, 37-44):\u00a0W owym czasie Jezus rzek\u0142 do uczni\u00f3w: \u00abA jak by\u0142o za dni Noego, tak b\u0119dzie z przyj\u015bciem Syna Cz\u0142owieczego. Albowiem jak w czasie przed potopem jedli i pili, \u017cenili si\u0119 i za m\u0105\u017c wydawali a\u017c do dnia, kiedy Noe wszed\u0142 do arki, i nie spostrzegli si\u0119, a\u017c przyszed\u0142 potop i poch\u0142on\u0105\u0142 wszystkich, tak r\u00f3wnie\u017c b\u0119dzie z przyj\u015bciem Syna Cz\u0142owieczego. Wtedy dw\u00f3ch b\u0119dzie w polu: jeden b\u0119dzie wzi\u0119ty, drugi zostawiony. Dwie b\u0119d\u0105 mle\u0107 na \u017carnach: jedna b\u0119dzie wzi\u0119ta, druga zostawiona.\u00bb \u00abCzuwajcie wi\u0119c, bo nie wiecie, w kt\u00f3rym dniu Pan wasz przyjdzie. A to rozumiejcie: Gdyby gospodarz wiedzia\u0142, o kt\u00f3rej porze nocy z\u0142odziej ma przyj\u015b\u0107, na pewno by czuwa\u0142 i nie pozwoli\u0142by w\u0142ama\u0107 si\u0119 do swego domu. Dlatego i wy b\u0105d\u017acie gotowi, bo w chwili, kt\u00f3rej si\u0119 nie domy\u015blacie, Syn Cz\u0142owieczy przyjdzie\u00bb. \u00abCzuwajcie wi\u0119c, bo nie wiecie, w kt\u00f3rym dniu Pan wasz przyjdzie\u00bb Dzisiaj, \u00abjak by\u0142o za dni Noego\u00bb,&hellip;<\/p>\n<p> <a class=\"more-link\" href=\"http:\/\/www.franciszek-walcz.pl\/?p=29355\">Czytaj dalej<\/a><\/p>\n","protected":false},"author":1,"featured_media":0,"comment_status":"closed","ping_status":"closed","sticky":false,"template":"","format":"standard","meta":{"footnotes":""},"categories":[5],"tags":[],"class_list":{"0":"post-29355","1":"post","2":"type-post","3":"status-publish","4":"format-standard","6":"category-artykuly"},"brizy_media":[],"_links":{"self":[{"href":"http:\/\/www.franciszek-walcz.pl\/index.php?rest_route=\/wp\/v2\/posts\/29355","targetHints":{"allow":["GET"]}}],"collection":[{"href":"http:\/\/www.franciszek-walcz.pl\/index.php?rest_route=\/wp\/v2\/posts"}],"about":[{"href":"http:\/\/www.franciszek-walcz.pl\/index.php?rest_route=\/wp\/v2\/types\/post"}],"author":[{"embeddable":true,"href":"http:\/\/www.franciszek-walcz.pl\/index.php?rest_route=\/wp\/v2\/users\/1"}],"replies":[{"embeddable":true,"href":"http:\/\/www.franciszek-walcz.pl\/index.php?rest_route=%2Fwp%2Fv2%2Fcomments&post=29355"}],"version-history":[{"count":1,"href":"http:\/\/www.franciszek-walcz.pl\/index.php?rest_route=\/wp\/v2\/posts\/29355\/revisions"}],"predecessor-version":[{"id":29356,"href":"http:\/\/www.franciszek-walcz.pl\/index.php?rest_route=\/wp\/v2\/posts\/29355\/revisions\/29356"}],"wp:attachment":[{"href":"http:\/\/www.franciszek-walcz.pl\/index.php?rest_route=%2Fwp%2Fv2%2Fmedia&parent=29355"}],"wp:term":[{"taxonomy":"category","embeddable":true,"href":"http:\/\/www.franciszek-walcz.pl\/index.php?rest_route=%2Fwp%2Fv2%2Fcategories&post=29355"},{"taxonomy":"post_tag","embeddable":true,"href":"http:\/\/www.franciszek-walcz.pl\/index.php?rest_route=%2Fwp%2Fv2%2Ftags&post=29355"}],"curies":[{"name":"wp","href":"https:\/\/api.w.org\/{rel}","templated":true}]}}