{"id":29360,"date":"2025-11-29T12:05:25","date_gmt":"2025-11-29T11:05:25","guid":{"rendered":"http:\/\/www.franciszek-walcz.pl\/?p=29360"},"modified":"2025-11-29T12:05:25","modified_gmt":"2025-11-29T11:05:25","slug":"list-pasterski-biskupa-polowego-3","status":"publish","type":"post","link":"http:\/\/www.franciszek-walcz.pl\/?p=29360","title":{"rendered":"LIST  PASTERSKI  BISKUPA  POLOWEGO"},"content":{"rendered":"<p align=\"center\"><strong><span style=\"font-family: Times New Roman, serif;\"><span style=\"font-size: medium;\">LIST PASTERSKI BISKUPA POLOWEGO<\/span><\/span><\/strong><\/p>\n<p align=\"center\"><strong><span style=\"font-family: Times New Roman, serif;\"><span style=\"font-size: medium;\">na I Niedziel\u0119 Adwentu 2025 roku<\/span><\/span><\/strong><\/p>\n<p align=\"justify\"><span style=\"font-family: Times New Roman, serif;\"><span style=\"font-size: medium;\">Drodzy Bracia i Siostry!<\/span><\/span><\/p>\n<p align=\"justify\"><span style=\"font-family: Times New Roman, serif;\"><span style=\"font-size: medium;\">Na progu rozpoczynaj\u0105cego si\u0119 nowego roku liturgicznego pragn\u0119, aby\u015bmy jeszcze spojrzeli na mijaj\u0105ce dni, tygodnie i miesi\u0105ce, kt\u00f3re tworzy\u0142y czas Roku Jubileuszowego zwi\u0105zanego z okr\u0105g\u0142\u0105 rocznic\u0105 narodzin naszego Pana, Jezusa Chrystusa. Rok Jubileuszowy rozpocz\u0105\u0142 si\u0119 w Ordynariacie Polowym, podobnie jak i we wszystkich diecezjach na \u015bwiecie, 29 grudnia ubieg\u0142ego roku. Niezapomnianym prze\u017cyciem dla mnie i zapewne dla wszystkich uczestnik\u00f3w by\u0142a pielgrzymka \u017co\u0142nierzy i funkcjonariuszy s\u0142u\u017cb mundurowych do grobu \u015bw. Piotra w Rzymie i spotkanie z papie\u017cem Franciszkiem. Tak si\u0119 z\u0142o\u017cy\u0142o, i\u017c Msza \u015bwi\u0119ta celebrowana przez Franciszka 9 lutego podczas naszej pielgrzymki by\u0142a ostatni\u0105 sprawowan\u0105 przez niego na placu \u015bw. Piotra. Pami\u0119taj\u0105c o tym, zach\u0119cam do modlitwy za \u015bp. papie\u017ca Franciszka, kt\u00f3ry podczas swojego pontyfikatu tak cz\u0119sto o modlitw\u0119 za siebie prosi\u0142. <\/span><\/span><\/p>\n<p align=\"justify\"><span style=\"font-family: Times New Roman, serif;\"><span style=\"font-size: medium;\">Z woli Franciszka Rok Jubileuszowy przebiega\u0142 w perspektywie nadziei, kt\u00f3ra nie jest \u0142atwowiernym optymizmem, ale darem \u0142aski w realizmie \u017cycia (zob. Spes non confundit, 24) oraz niezast\u0105pion\u0105 towarzyszk\u0105, kt\u00f3ra pozwala dostrzec cel naszego \u017cycia, jakim jest spotkanie z Jezusem (zob. 5).<\/span><\/span><\/p>\n<p align=\"justify\"><span style=\"font-family: Times New Roman, serif;\"><span style=\"font-size: medium;\">Bliskie zako\u0144czenie Roku Jubileuszowego, kt\u00f3re nast\u0105pi 28 grudnia sk\u0142ania do postawienia kilku wa\u017cnych pyta\u0144: jak wykorzystali\u015bmy ten czas? czy skorzystali\u015bmy<br \/>\nz mo\u017cliwo\u015bci zyskania odpustu zupe\u0142nego dzi\u0119ki nawiedzeniu ko\u015bcio\u0142a jubileuszowego? czy pojednali\u015bmy si\u0119 z Bogiem poprzez przyst\u0105pienie do spowiedzi \u015bwi\u0119tej? czy pog\u0142\u0119bili\u015bmy nasz\u0105 wiar\u0119, kt\u00f3ra rodzi si\u0119 ze s\u0142uchania S\u0142owa Bo\u017cego? czy zadbali\u015bmy o mi\u0142o\u015b\u0107 we wzajemnych relacjach, kt\u00f3ra jest istot\u0105 \u017cycia chrze\u015bcija\u0144skiego? czy szukali\u015bmy oparcia w krzy\u017cu Jezusa w obliczu r\u00f3\u017cnorodnych krzy\u017cy dnia codziennego? <\/span><\/span><\/p>\n<p align=\"justify\"><span style=\"font-family: Times New Roman, serif;\"><span style=\"font-size: medium;\">Szczere odpowiedzi na te i inne pytania, kt\u00f3re pojawi\u0105 si\u0119 dzi\u0119ki natchnieniom Ducha \u015awi\u0119tego niech zmobilizuj\u0105 nas do jak najlepszego skorzystania z jubileuszowych \u0142ask w ci\u0105gu najbli\u017cszych tygodni. Bo\u017ca hojno\u015b\u0107 nie ogranicza si\u0119 oczywi\u015bcie do ram Roku Jubileuszowego. Rozpoczynaj\u0105cy si\u0119 w pierwsz\u0105 niedziel\u0119 Adwentu nowy rok liturgiczny te\u017c otwiera przed nami szans\u0119 na o\u017cywienie nadziei dzi\u0119ki Bo\u017cej \u0142asce<br \/>\ni naszej pozytywnej odpowiedzi na inicjatyw\u0119 Boga, by nawi\u0105za\u0107 z nami blisk\u0105 relacj\u0119, s\u0142u\u017c\u0105c\u0105 naszemu szcz\u0119\u015bliwemu \u017cyciu ziemskiemu i wiecznemu. <\/span><\/span><\/p>\n<p align=\"justify\"><span style=\"font-family: Times New Roman, serif;\"><span style=\"font-size: medium;\">Rozpoczynaj\u0105cy si\u0119 dzisiaj rok liturgiczny prze\u017cywa\u0107 b\u0119dziemy w my\u015bl zawo\u0142ania: \u201eUczniowie \u2013 Misjonarze\u201d. Refleksj\u0105 i modlitw\u0105 b\u0119dziemy u\u015bwiadamia\u0107 sobie, i\u017c naszym powo\u0142aniem jako chrze\u015bcijan jest najpierw by\u0107 uczniem Jezusa, czyli uczy\u0107 si\u0119 my\u015ble\u0107 i \u017cy\u0107 tak jak nasz Pan. Kolejnym zadaniem jest dawa\u0107 \u015bwiadectwo o Jezusie<br \/>\ni pragn\u0105\u0107, by jak najwi\u0119cej os\u00f3b przyj\u0119\u0142o Jezusa jako swego Pana i Zbawiciela. To misyjne zadanie staje si\u0119 wa\u017cne \u201etu i teraz\u201d. Jeszcze do niedawna misje kojarzy\u0142y si\u0119 nam z odleg\u0142ymi zak\u0105tkami \u015bwiata. Post\u0119puj\u0105ca w gwa\u0142townym tempie sekularyzacja<br \/>\nw naszym spo\u0142ecze\u0144stwie sprawia, \u017ce has\u0142o \u201eUczniowie \u2013 Misjonarze\u201d nabiera dla nas szczeg\u00f3lnie aktualnego wyd\u017awi\u0119ku. Oby nowy rok liturgiczny przyczyni\u0142 si\u0119 do bardziej dojrza\u0142ego \u017cycia chrze\u015bcija\u0144skiego!<\/span><\/span><\/p>\n<p align=\"justify\"><span style=\"font-family: Times New Roman, serif;\"><span style=\"font-size: medium;\">Moi Drodzy! <\/span><\/span><\/p>\n<p align=\"justify\"><span style=\"font-family: Times New Roman, serif;\"><span style=\"font-size: medium;\">W bulli og\u0142aszaj\u0105cej Rok Jubileuszowy, papie\u017c Franciszek pisa\u0142: \u201eWszyscy maj\u0105 nadziej\u0119. Nadzieja jest obecna w sercu ka\u017cdego cz\u0142owieka jako pragnienie i oczekiwanie dobra, nawet je\u015bli nie wie, co przyniesie ze sob\u0105 jutro. Nieprzewidywalno\u015b\u0107 przysz\u0142o\u015bci rodzi jednak niekiedy sprzeczne uczucia: od ufno\u015bci do l\u0119ku, od pogody ducha do zniech\u0119cenia, od pewno\u015bci do zw\u0105tpienia\u201d. (1).<\/span><\/span><\/p>\n<p align=\"justify\"><span style=\"font-family: Times New Roman, serif;\"><span style=\"font-size: medium;\">Wybiegaj\u0105c spojrzeniem w przysz\u0142o\u015b\u0107 postawmy sobie pytanie: co mamy czyni\u0107, by l\u0119k nie wzi\u0105\u0142 g\u00f3ry nad ufno\u015bci\u0105, zniech\u0119cenie nad pogod\u0105 ducha a zw\u0105tpienie nad pewno\u015bci\u0105? Te pytania tym bardziej s\u0105 godne postawienia im bardziej nieprzewidywalna jest przysz\u0142o\u015b\u0107.<\/span><\/span><\/p>\n<p align=\"justify\"><span style=\"font-family: Times New Roman, serif;\"><span style=\"font-size: medium;\">W odpowiedzi na najwa\u017cniejsze egzystencjalne pytania zawsze mo\u017cemy liczy\u0107 na S\u0142owo Bo\u017ce. Dzisiaj us\u0142yszeli\u015bmy najpierw s\u0142owa z ksi\u0119gi proroka Izajasza, a w\u015br\u00f3d nich wezwanie: \u201epost\u0119pujmy w \u015bwiat\u0142o\u015bci Pa\u0144skiej\u201d (Iz 2,5). Wiedz\u0105c, \u017ce Jezus nazwa\u0142 siebie \u015awiat\u0142o\u015bci\u0105, mo\u017cemy rozumie\u0107 s\u0142owa proroka jako wezwanie do \u017cycia<br \/>\nw obecno\u015bci Jezusa. Ta obecno\u015b\u0107 jest dost\u0119pna niemal na wyci\u0105gni\u0119cie r\u0119ki. Ile razy czytamy Bibli\u0119 czy s\u0142uchamy S\u0142owa Bo\u017cego, ile razy przyst\u0119pujemy do sakrament\u00f3w \u015bwi\u0119tych, ile razy modlimy si\u0119 indywidualnie lub wsp\u00f3lnotowo, ile razy spotykamy cz\u0142owieka w potrzebie tyle razy do\u015bwiadczamy blisko\u015bci Jezusa. U\u017cyty przez proroka Izajasza czasownik \u201epost\u0119powa\u0107\u201d w trybie rozkazuj\u0105cym zach\u0119ca nas do rozwoju, do pog\u0142\u0119biania wi\u0119zi z Jezusem, do coraz bardziej owocnego korzystania z Jego obecno\u015bci w naszym \u017cyciu. <\/span><\/span><\/p>\n<p align=\"justify\"><span style=\"font-family: Times New Roman, serif;\"><span style=\"font-size: medium;\">Z wezwaniem Izajasza koresponduje psalm, kt\u00f3ry dzisiaj us\u0142yszeli\u015bmy, zw\u0142aszcza jego refren: \u201eid\u017amy z rado\u015bci\u0105 na spotkanie Pana\u201d. Psalmista po\u015bwi\u0119ca tak\u017ce du\u017co miejsca tematowi, kt\u00f3ry z r\u00f3\u017cnych wzgl\u0119d\u00f3w jest nam bardzo bliski, a mianowicie pokojowi.<br \/>\nW ten spos\u00f3b zwraca uwag\u0119 na \u015bcis\u0142\u0105 zale\u017cno\u015b\u0107, jaka zachodzi mi\u0119dzy zachowaniem pokoju i spotkaniem z Jezusem. Ta zale\u017cno\u015b\u0107 ujawni\u0142a si\u0119 mi\u0119dzy innymi przy narodzinach Jezusa, kt\u00f3re przynios\u0142y pok\u00f3j ludziom dobrej woli. Nikogo nie trzeba przekonywa\u0107 jak bardzo jest nam dzisiaj pok\u00f3j potrzebny \u2013 w naszej Ojczy\u017anie i poza jej granicami, w naszych sercach, rodzinach, miejscach pracy. Nie mamy wp\u0142ywu na pok\u00f3j w r\u00f3\u017cnych zak\u0105tkach \u015bwiata, ale mamy wp\u0142yw na pok\u00f3j w \u015brodowisku w kt\u00f3rym \u017cyjemy. Dlatego zach\u0119cam Was, Bracia i Siostry, by\u015bcie przychodzili do \u017ar\u00f3d\u0142a pokoju, jakim jest Jezus i z niego czerpali si\u0142y do pokonywania tego wszystkiego, co rodzi niepok\u00f3j, l\u0119k, zniech\u0119cenie i zw\u0105tpienie.<\/span><\/span><\/p>\n<p align=\"justify\"><span style=\"font-family: Times New Roman, serif;\"><span style=\"font-size: medium;\">My\u015bl zawart\u0105 w ksi\u0119dze proroka Izajasza i w psalmie odnajdujemy w li\u015bcie \u015bw. Paw\u0142a, kt\u00f3ry apelowa\u0142 do Rzymian: \u201ePrzyobleczmy si\u0119 w zbroj\u0119 \u015bwiat\u0142a! (\u2026) Przyobleczcie si\u0119 w Pana Jezusa Chrystusa\u201d (Rz 13,12.14). Przyoblec si\u0119 oznacza wej\u015b\u0107 w tak\u0105 relacj\u0119 z Jezusem, by mi\u0119dzy nami nie by\u0142o dystansu, by do Jezusa przylega\u0142y niczym ubranie do cia\u0142a nasze my\u015bli i pragnienia, s\u0142owa i czyny. Tego rodzaju blisko\u015b\u0107 jest gwarancj\u0105 \u017cywotno\u015bci i je\u015bli tak mo\u017cna powiedzie\u0107 p\u0142odno\u015bci nadziei, kt\u00f3re wi\u0105\u017cemy z naszym \u017cyciem obecnym i przysz\u0142ym. <\/span><\/span><\/p>\n<p align=\"justify\"><span style=\"font-family: Times New Roman, serif;\"><span style=\"font-size: medium;\">Najwa\u017cniejsze s\u0142owo nale\u017cy do Jezusa. Dzisiaj nasz Pan u\u017cywa mi\u0119dzy innymi trzech s\u0142\u00f3w: \u201eczuwajcie\u201d, \u201erozumiejcie\u201d, \u201eb\u0105d\u017acie gotowi\u201d (Mt 24, 42-44). Mamy zatem na\u015bladowa\u0107 \u017co\u0142nierzy, kt\u00f3rzy w obliczu zagro\u017cenia s\u0105 czujni we dnie i w nocy, analizuj\u0105 sytuacj\u0119 i nie daj\u0105 si\u0119 ponie\u015b\u0107 emocjom oraz przygotowani s\u0105 do reakcji, obrony lub ataku. Por\u00f3wnanie do s\u0142u\u017cby wojskowej jest jak najbardziej na miejscu nie tylko ze wzgl\u0119du na charakter Ordynariatu Polowego, kt\u00f3rego zasadnicz\u0105 cz\u0119\u015b\u0107 stanowi\u0105 \u017co\u0142nierze Wojska Polskiego i ich rodziny. \u017bycie nasze jest bowiem walk\u0105 o zbawienie. W tej walce nie jeste\u015bmy pozostawieni sami sobie. Mamy sprzymierze\u0144ca w postaci Jezusa, kt\u00f3ry jest naszym boskim dow\u00f3dc\u0105, prowadz\u0105cym nas do ostatecznego zwyci\u0119stwa, kt\u00f3re okre\u015blamy mianem zbawienia.<\/span><\/span><\/p>\n<p align=\"justify\"><span style=\"font-family: Times New Roman, serif;\"><span style=\"font-size: medium;\">Pierwszy dzie\u0144 nowego roku liturgicznego to dobry moment, by Mu zaufa\u0107 i pozwoli\u0107 si\u0119 prowadzi\u0107 z niezawodn\u0105 nadziej\u0105! <\/span><\/span><\/p>\n<p align=\"justify\"><span style=\"font-family: Times New Roman, serif;\"><span style=\"font-size: medium;\">Moi Drodzy!<\/span><\/span><\/p>\n<p align=\"justify\"><span style=\"font-family: Times New Roman, serif;\"><span style=\"font-size: medium;\">Jak ju\u017c wspomnia\u0142em dnia 28 grudnia zako\u0144czymy Rok Jubileuszowy. Zach\u0119cam ksi\u0119\u017cy kapelan\u00f3w i wszystkich Was, Bracia i Siostry, aby\u015bcie ten dzie\u0144 prze\u017cyli uroczy\u015bcie \u2013 w duchu wdzi\u0119czno\u015bci i zarazem nadziei. Zanim jednak to nast\u0105pi b\u0119d\u0105 mia\u0142y miejsce \u015bwi\u0119ta Bo\u017cego Narodzenia. To liturgiczne apogeum Roku Jubileuszowego. Taki jubileusz Wcielenia Syna Bo\u017cego zdarza si\u0119 raz na \u0107wier\u0107 wieku. Niech i ta my\u015bl zmobilizuje Was nie tylko do pi\u0119knego \u015bwi\u0119towania, ale i jak najlepszego prze\u017cycia adwentowego czasu. Przygotujcie si\u0119 do spotkania z Jezusem podczas \u201ejubileuszowych\u201d \u015bwi\u0105t Bo\u017cego Narodzenia w duchu us\u0142yszanych dzisiaj Bo\u017cych s\u0142\u00f3w. Niech one wyznaczaj\u0105 rytm adwentowych dni i Waszych stara\u0144. <\/span><\/span><\/p>\n<p align=\"justify\"><span style=\"font-family: Times New Roman, serif;\"><span style=\"font-size: medium;\">Z tak\u0105 nadziej\u0105 udzielam ka\u017cdej i ka\u017cdemu z Was pasterskiego b\u0142ogos\u0142awie\u0144stwa<\/span><\/span><\/p>\n<p align=\"justify\">\n<p style=\"text-align: center;\" align=\"justify\"><strong><span style=\"font-family: Times New Roman, serif;\"><span style=\"font-size: medium;\"> Wasz biskup Wies\u0142aw<\/span><\/span><\/strong><\/p>\n<p align=\"justify\"><span style=\"font-family: Times New Roman, serif;\"><span style=\"font-size: medium;\">Warszawa, 30 listopada 2025 r.<\/span><\/span><\/p>\n","protected":false},"excerpt":{"rendered":"<p>LIST PASTERSKI BISKUPA POLOWEGO na I Niedziel\u0119 Adwentu 2025 roku Drodzy Bracia i Siostry! Na progu rozpoczynaj\u0105cego si\u0119 nowego roku liturgicznego pragn\u0119, aby\u015bmy jeszcze spojrzeli na mijaj\u0105ce dni, tygodnie i miesi\u0105ce, kt\u00f3re tworzy\u0142y czas Roku Jubileuszowego zwi\u0105zanego z okr\u0105g\u0142\u0105 rocznic\u0105 narodzin naszego Pana, Jezusa Chrystusa. Rok Jubileuszowy rozpocz\u0105\u0142 si\u0119 w Ordynariacie Polowym, podobnie jak i we wszystkich diecezjach na \u015bwiecie, 29 grudnia ubieg\u0142ego roku. Niezapomnianym prze\u017cyciem dla mnie i zapewne dla wszystkich uczestnik\u00f3w by\u0142a pielgrzymka \u017co\u0142nierzy i funkcjonariuszy s\u0142u\u017cb mundurowych do grobu \u015bw. Piotra w Rzymie i spotkanie z papie\u017cem Franciszkiem. Tak si\u0119 z\u0142o\u017cy\u0142o, i\u017c Msza \u015bwi\u0119ta celebrowana przez Franciszka 9 lutego podczas naszej pielgrzymki by\u0142a ostatni\u0105 sprawowan\u0105 przez niego na placu \u015bw. Piotra. Pami\u0119taj\u0105c o tym, zach\u0119cam do modlitwy za \u015bp. papie\u017ca Franciszka, kt\u00f3ry podczas swojego pontyfikatu tak cz\u0119sto o modlitw\u0119 za siebie prosi\u0142. Z woli Franciszka Rok Jubileuszowy przebiega\u0142 w perspektywie nadziei, kt\u00f3ra nie jest \u0142atwowiernym optymizmem, ale&hellip;<\/p>\n<p> <a class=\"more-link\" href=\"http:\/\/www.franciszek-walcz.pl\/?p=29360\">Czytaj dalej<\/a><\/p>\n","protected":false},"author":1,"featured_media":0,"comment_status":"closed","ping_status":"closed","sticky":false,"template":"","format":"standard","meta":{"footnotes":""},"categories":[5],"tags":[],"class_list":{"0":"post-29360","1":"post","2":"type-post","3":"status-publish","4":"format-standard","6":"category-artykuly"},"brizy_media":[],"_links":{"self":[{"href":"http:\/\/www.franciszek-walcz.pl\/index.php?rest_route=\/wp\/v2\/posts\/29360","targetHints":{"allow":["GET"]}}],"collection":[{"href":"http:\/\/www.franciszek-walcz.pl\/index.php?rest_route=\/wp\/v2\/posts"}],"about":[{"href":"http:\/\/www.franciszek-walcz.pl\/index.php?rest_route=\/wp\/v2\/types\/post"}],"author":[{"embeddable":true,"href":"http:\/\/www.franciszek-walcz.pl\/index.php?rest_route=\/wp\/v2\/users\/1"}],"replies":[{"embeddable":true,"href":"http:\/\/www.franciszek-walcz.pl\/index.php?rest_route=%2Fwp%2Fv2%2Fcomments&post=29360"}],"version-history":[{"count":1,"href":"http:\/\/www.franciszek-walcz.pl\/index.php?rest_route=\/wp\/v2\/posts\/29360\/revisions"}],"predecessor-version":[{"id":29361,"href":"http:\/\/www.franciszek-walcz.pl\/index.php?rest_route=\/wp\/v2\/posts\/29360\/revisions\/29361"}],"wp:attachment":[{"href":"http:\/\/www.franciszek-walcz.pl\/index.php?rest_route=%2Fwp%2Fv2%2Fmedia&parent=29360"}],"wp:term":[{"taxonomy":"category","embeddable":true,"href":"http:\/\/www.franciszek-walcz.pl\/index.php?rest_route=%2Fwp%2Fv2%2Fcategories&post=29360"},{"taxonomy":"post_tag","embeddable":true,"href":"http:\/\/www.franciszek-walcz.pl\/index.php?rest_route=%2Fwp%2Fv2%2Ftags&post=29360"}],"curies":[{"name":"wp","href":"https:\/\/api.w.org\/{rel}","templated":true}]}}