{"id":29366,"date":"2025-12-06T12:47:12","date_gmt":"2025-12-06T11:47:12","guid":{"rendered":"http:\/\/www.franciszek-walcz.pl\/?p=29366"},"modified":"2025-12-06T12:47:12","modified_gmt":"2025-12-06T11:47:12","slug":"ii-niedziela-adwentu-2","status":"publish","type":"post","link":"http:\/\/www.franciszek-walcz.pl\/?p=29366","title":{"rendered":"II Niedziela Adwentu"},"content":{"rendered":"<p class=\"western\" align=\"justify\"><span style=\"font-family: Arial, sans-serif;\"><span style=\"font-size: medium;\">Tekst Ewangelii (Mt\u00a03,1-12):\u00a0W owym czasie wyst\u0105pi\u0142 Jan Chrzciciel i g\u0142osi\u0142 na Pustyni Judzkiej te s\u0142owa: \u00abNawr\u00f3\u0107cie si\u0119, bo bliskie jest kr\u00f3lestwo niebieskie\u00bb. Do niego to odnosi si\u0119 s\u0142owo proroka Izajasza, gdy m\u00f3wi: G\u0142os wo\u0142aj\u0105cego na pustyni: Przygotujcie drog\u0119 Panu,<br \/>\nDla Niego prostujcie \u015bcie\u017cki! Sam za\u015b Jan nosi\u0142 odzienie z sier\u015bci wielb\u0142\u0105dziej i pas sk\u00f3rzany oko\u0142o bioder, a jego pokarmem by\u0142a szara\u0144cza i mi\u00f3d le\u015bny. W\u00f3wczas ci\u0105gn\u0119\u0142y do niego Jerozolima oraz ca\u0142a Judea i ca\u0142a okolica nad Jordanem. Przyjmowano od niego chrzest w rzece Jordan, wyznaj\u0105c przy tym swe grzechy.<\/p>\n<p>A gdy widzia\u0142, \u017ce przychodzi do chrztu wielu spo\u015br\u00f3d faryzeusz\u00f3w i saduceusz\u00f3w, m\u00f3wi\u0142 im: \u00abPlemi\u0119 \u017cmijowe, kto wam pokaza\u0142, jak uciec przed nadchodz\u0105cym gniewem? Wydajcie wi\u0119c godny owoc nawr\u00f3cenia, a nie my\u015blcie, \u017ce mo\u017cecie sobie m\u00f3wi\u0107: &#8222;Abrahama mamy za ojca&#8221;, bo powiadam wam, \u017ce z tych kamieni mo\u017ce B\u00f3g wzbudzi\u0107 dzieci Abrahamowi. Ju\u017c siekiera do korzenia drzew jest przy\u0142o\u017cona. Ka\u017cde wi\u0119c drzewo, kt\u00f3re nie wydaje dobrego owocu, b\u0119dzie wyci\u0119te i w ogie\u0144 wrzucone. Ja was chrzcz\u0119 wod\u0105 dla nawr\u00f3cenia; lecz Ten, kt\u00f3ry idzie za mn\u0105, mocniejszy jest ode mnie; ja nie jestem godzien nosi\u0107 Mu sanda\u0142\u00f3w. On was chrzci\u0107 b\u0119dzie Duchem \u015awi\u0119tym i ogniem. Ma On wiejad\u0142o w r\u0119ku i oczy\u015bci sw\u00f3j om\u0142ot: pszenic\u0119 zbierze do spichlerza, a plewy spali w ogniu nieugaszonym\u00bb.<\/span><\/span><\/p>\n<p class=\"western\" align=\"justify\"><strong><span style=\"font-family: Arial, sans-serif;\"><span style=\"font-size: medium;\">\u015awiadectwo prostowania dr\u00f3g<\/span><\/span><\/strong><\/p>\n<p class=\"western\" align=\"justify\"><a name=\"_GoBack\"><\/a> <span style=\"font-family: Arial, sans-serif;\"><span style=\"font-size: medium;\">Jeden z szatan\u00f3w zniech\u0119cony marnymi wynikami swojej pracy skar\u017cy\u0142 si\u0119 Panu Bogu: \u201eJeste\u015b niesprawiedliwy. Tak wielu grzesznik\u00f3w pope\u0142nia z\u0142o, odchodzi od Ciebie, a Ty ich przyjmujesz z powrotem. Niekt\u00f3rzy z nich wiele razy, grzesz\u0105c sprzeciwiaj\u0105 si\u0119 Tobie i odchodz\u0105 od Ciebie. A Ty jak gdyby nic wybaczasz im i przyjmujesz z powrotem. Ja pope\u0142niam jeden grzech, a Ty nie wybaczy\u0142e\u015b mi tylko pot\u0119pi\u0142e\u015b mnie na wieki. To niesprawiedliwe\u201d. Pan B\u00f3g wys\u0142ucha\u0142 go uwa\u017cnie i zada\u0142 pytanie: \u201eA czy kiedykolwiek prosi\u0142e\u015b mnie o przebaczenie, przyrzekaj\u0105c pokut\u0119 i nawr\u00f3cenie?\u201d Szatan bez odpowiedzi odszed\u0142 sprzed oblicza Pana.<\/span><\/span><\/p>\n<p class=\"western\" align=\"justify\"><span style=\"font-family: Arial, sans-serif;\"><span style=\"font-size: medium;\">W Ewangelii na drug\u0105 niedziel\u0119 Adwentu staje przed nami \u015bw. Jan Chrzciciel, kt\u00f3rego zapowiada\u0142 kilkaset lat wcze\u015bniej prorok Izajasz, m\u00f3wi\u0105c o przyj\u015bciu oczekiwanego Mesjasza: \u201eG\u0142os wo\u0142aj\u0105cego na pustyni: Przygotujcie drog\u0119 Panu, dla Niego prostujcie \u015bcie\u017cki!\u201d. Tym g\u0142osem jest Jan Chrzciciel, kt\u00f3ry wzywa do nawr\u00f3cenia i pokuty, prostowania dr\u00f3g naszego \u017cycia: \u201eNawracajcie si\u0119, bo bliskie jest kr\u00f3lestwo niebieskie\u201d. To kr\u00f3lestwo przyjdzie wraz Mesjaszem i rozpocznie si\u0119 w naszych przemienionych sercach.<\/span><\/span><\/p>\n<p class=\"western\" align=\"justify\"><span style=\"font-family: Arial, sans-serif;\"><span style=\"font-size: medium;\">W odpowiedzi na g\u0142oszone przez ascetycznego proroka s\u0142owo Bo\u017ce, licznie przybywaj\u0105 do niego mieszka\u0144cy Jerozolimy, Judei i okolic Jordanu, aby przyj\u0105\u0107 chrzest nawr\u00f3cenia: \u201eW\u00f3wczas ci\u0105gn\u0119\u0142y do niego Jerozolima oraz ca\u0142a Judea i ca\u0142a okolica nad Jordanem\u201d. W \u015bwietle s\u0142owa Bo\u017cego g\u0142oszonego przez Jana Chrzciciela dostrzegli, \u017ce s\u0105 grzesznikami i potrzebuj\u0105 nawr\u00f3cenia, aby przygotowa\u0107 si\u0119 na przyj\u015bcie Mesjasza i kr\u00f3lestwa niebieskiego. Z \u017calem wyznaj\u0105 swoje grzechy i przyjmuj\u0105 chrzest nawr\u00f3cenia.<\/span><\/span><\/p>\n<p class=\"western\" align=\"justify\"><span style=\"font-family: Arial, sans-serif;\"><span style=\"font-size: medium;\">Kr\u00f3lestwo niebieskie nie pojawia si\u0119 znik\u0105d. Nie nadejdzie automatycznie. B\u00f3g sprawia, \u017ce staje si\u0119 ono rzeczywisto\u015bci\u0105 przez ludzi i w ludziach. Jan Chrzciciel nie martwi si\u0119 o sw\u00f3j str\u00f3j, o to co b\u0119dzie jad\u0142 ani o swoj\u0105 popularno\u015b\u0107 w\u015br\u00f3d przyw\u00f3dc\u00f3w \u017cydowskich. Po prostu przygotowuje si\u0119 na przyj\u015bcie Pana.<\/span><\/span><\/p>\n<p class=\"western\" align=\"justify\"><span style=\"font-family: Arial, sans-serif;\"><span style=\"font-size: medium;\">A jako Bo\u017cy pos\u0142aniec wzywa reszt\u0119 ludzi, aby te\u017c si\u0119 przygotowali. Adwent to czas przygotowania przez pokut\u0119 i nawr\u00f3cenie na przyj\u015bcie Mesjasza. Kr\u00f3lestwo pot\u0119\u017cnieje, gdy ludzie nawracaj\u0105 si\u0119 i przemieniaj\u0105 swoje \u017cycie na miar\u0119 bo\u017cych przykaza\u0144, na miar\u0119 Kr\u00f3lestwa Bo\u017cego. <\/span><\/span><\/p>\n<p class=\"western\" align=\"justify\"><span style=\"font-family: Arial, sans-serif;\"><span style=\"font-size: medium;\">W tym procesie ogromn\u0105 rol\u0119 odgrywa pokuta, kt\u00f3ra prowadzi do nawr\u00f3cenia i przemiany \u017cycia. Nawr\u00f3cenie trzeba rozpocz\u0105\u0107 od swojego serca, jak to pi\u0119knie uj\u0119\u0142a \u015bw. Matka Teresa z Kalkuty: \u201eZmie\u0144cie swoje serca\u2026, dop\u00f3ki nie zmienimy naszych serc, nie jeste\u015bmy nawr\u00f3ceni\u201d. <\/span><\/span><\/p>\n<p class=\"western\" align=\"justify\"><span style=\"font-family: Arial, sans-serif;\"><span style=\"font-size: medium;\">W naszym adwentowym przygotowaniu tak wiele zmieniamy wok\u00f3\u0142 siebie. \u015awiat staje si\u0119 bardziej kolorowy, szeleszcz\u0105 pakowane prezenty, nasze domy przybieraj\u0105 od\u015bwi\u0119tny wystr\u00f3j. A co z naszym sercem? <\/span><\/span><\/p>\n<p class=\"western\" align=\"justify\"><span style=\"font-family: Arial, sans-serif;\"><span style=\"font-size: medium;\">Prawdziwa pokuta jest owocem \u0142aski bo\u017cej i naszej wsp\u00f3\u0142pracy z ni\u0105. Ta wsp\u00f3\u0142praca z naszej strony przybiera form\u0119 poczw\u00f3rnego dzia\u0142ania. Pierwszym jest przyznanie si\u0119 do b\u0142\u0119d\u00f3w i szczery \u017cal za grzechy. Oznacza to, \u017ce szczerze przyznajemy si\u0119 do pope\u0142nionych b\u0142\u0119d\u00f3w. <\/span><\/span><\/p>\n<p class=\"western\" align=\"justify\"><span style=\"font-family: Arial, sans-serif;\"><span style=\"font-size: medium;\">Dla pewnego kontrastu warto przypomnie\u0107 rzeczy, kt\u00f3rych nigdy nie b\u0119dziemy \u017ca\u0142owa\u0107: \u201eOkazanie \u017cyczliwo\u015bci osobie starszej. Zniszczenie listu napisanego w gniewie. Przeprosin, kt\u00f3re uratuj\u0105 przyja\u017a\u0144. Zapobie\u017cenie skandalowi, kt\u00f3ry rujnuje reputacj\u0119. Pomoc m\u0142odym ludziom w odnalezieniu siebie. Po\u015bwi\u0119cenie czasu na okazanie szacunku rodzicom. Powstrzymanie si\u0119 od plotek, gdy inni wok\u00f3\u0142 czerpi\u0105 z nich przyjemno\u015b\u0107. Odmowa zrobienia czego\u015b, co jest z\u0142e, mimo \u017ce inni to robi\u0105. <\/span><\/span><\/p>\n<p class=\"western\" align=\"justify\"><span style=\"font-family: Arial, sans-serif;\"><span style=\"font-size: medium;\">Drugim warunkiem pokuty jest zado\u015b\u0107uczynienie. Oznacza to, \u017ce jeste\u015bmy gotowi i zdolni do zado\u015b\u0107uczynienia za szkody lub krzywdy, kt\u00f3re wyrz\u0105dzili\u015bmy naszymi grzechami. <\/span><\/span><\/p>\n<p class=\"western\" align=\"justify\"><span style=\"font-family: Arial, sans-serif;\"><span style=\"font-size: medium;\">Trzecim warunkiem pokuty to pojednanie. Oznacza to, \u017ce dawne lub zerwane relacje zostaj\u0105 naprawione lub odbudowane. <\/span><\/span><\/p>\n<p class=\"western\" align=\"justify\"><span style=\"font-family: Arial, sans-serif;\"><span style=\"font-size: medium;\">W spos\u00f3b szczeg\u00f3lny \u017ar\u00f3d\u0142em tej mocy jest sakrament pojednania, sakrament spowiedzi, kiedy to s\u0142yszymy s\u0142owa: \u201eB\u00f3g, Ojciec mi\u0142osierdzia, kt\u00f3ry pojedna\u0142 \u015bwiat ze sob\u0105, niech ci udzieli przebaczenia i pokoju\u201d.<\/span><\/span><\/p>\n<p class=\"western\" align=\"justify\"><span style=\"font-family: Arial, sans-serif;\"><span style=\"font-size: medium;\">Czwart\u0105 form\u0105 jak\u0105 ma przybiera\u0107 pokuta jest odnowa. W naszym sercu i w naszej duszy zachodzi zmiana, kt\u00f3ra ma odzwierciedlenie w naszym \u017cyciu, naszym zachowaniu. Jest to zmiana kierunku naszego \u017cycia, odwr\u00f3cenie si\u0119 od grzechu i zd\u0105\u017canie w kierunku Boga. Jest to ci\u0105g\u0142y i nieko\u0144cz\u0105cy si\u0119 proces. <\/span><\/span><\/p>\n<p class=\"western\" align=\"justify\"><span style=\"font-family: Arial, sans-serif;\"><span style=\"font-size: medium;\">Po przej\u015bciu przez te cztery etapy, odnawiamy si\u0119. Dzieje si\u0119 tak, poniewa\u017c prawdziwa pokuta prowadzi do prawdziwego nawr\u00f3cenia, a prawdziwe nawr\u00f3cenie przynosi dobre owoce. <\/span><\/span><\/p>\n<p class=\"western\" align=\"justify\"><span style=\"font-family: Arial, sans-serif;\"><span style=\"font-size: medium;\">Tak jak w historii cz\u0142owieka , kt\u00f3ry uwierzy\u0142 w Jezusa Chrystusa. To, co uczyni\u0142o jego histori\u0119 niezwyk\u0142\u0105, to nie nawr\u00f3cenie, ale fakt, \u017ce w wyniku nowo odkrytej wiary w Chrystusa przyzna\u0142 si\u0119 do napadu na bank, w kt\u00f3rym bra\u0142 udzia\u0142, maj\u0105c dziewi\u0119tna\u015bcie lat. Poniewa\u017c sprawa uleg\u0142a przedawnieniu, nie m\u00f3g\u0142 by\u0107 \u015bcigany za to przest\u0119pstwo. Mimo to uwa\u017ca\u0142, \u017ce jego relacja z Chrystusem wymaga\u0142a przyznania si\u0119 do winy. I nawet dobrowolnie zwr\u00f3ci\u0142 swoj\u0105 cz\u0119\u015b\u0107 skradzionych pieni\u0119dzy!<\/span><\/span><\/p>\n<p class=\"western\" align=\"justify\"><span style=\"font-family: Arial, sans-serif;\"><span style=\"font-size: medium;\">\u015awiadectwo Jana Chrzciciela wywiera\u0142o wielki wp\u0142yw na innych. <\/span><\/span><\/p>\n<p class=\"western\" align=\"justify\"><span style=\"font-family: Arial, sans-serif;\"><span style=\"font-size: medium;\">Takie b\u0119dzie i nasze \u015bwiadectwo, gdy b\u0119dziemy realizowa\u0107 w \u017cyciu prost\u0105 zasad\u0119 \u201ePatrze\u0107 to jedno. Widzie\u0107 to, na co patrzysz, to drugie. Zrozumie\u0107 to, co widzisz, to trzecie. Uczy\u0107 si\u0119 z tego, co rozumiesz, to jeszcze co\u015b innego. Ale dzia\u0142a\u0107 zgodnie z tym, czego si\u0119 uczysz, to wszystko, co si\u0119 liczy\u201d .\u00a0<\/span><\/span><\/p>\n","protected":false},"excerpt":{"rendered":"<p>Tekst Ewangelii (Mt\u00a03,1-12):\u00a0W owym czasie wyst\u0105pi\u0142 Jan Chrzciciel i g\u0142osi\u0142 na Pustyni Judzkiej te s\u0142owa: \u00abNawr\u00f3\u0107cie si\u0119, bo bliskie jest kr\u00f3lestwo niebieskie\u00bb. Do niego to odnosi si\u0119 s\u0142owo proroka Izajasza, gdy m\u00f3wi: G\u0142os wo\u0142aj\u0105cego na pustyni: Przygotujcie drog\u0119 Panu, Dla Niego prostujcie \u015bcie\u017cki! Sam za\u015b Jan nosi\u0142 odzienie z sier\u015bci wielb\u0142\u0105dziej i pas sk\u00f3rzany oko\u0142o bioder, a jego pokarmem by\u0142a szara\u0144cza i mi\u00f3d le\u015bny. W\u00f3wczas ci\u0105gn\u0119\u0142y do niego Jerozolima oraz ca\u0142a Judea i ca\u0142a okolica nad Jordanem. Przyjmowano od niego chrzest w rzece Jordan, wyznaj\u0105c przy tym swe grzechy. A gdy widzia\u0142, \u017ce przychodzi do chrztu wielu spo\u015br\u00f3d faryzeusz\u00f3w i saduceusz\u00f3w, m\u00f3wi\u0142 im: \u00abPlemi\u0119 \u017cmijowe, kto wam pokaza\u0142, jak uciec przed nadchodz\u0105cym gniewem? Wydajcie wi\u0119c godny owoc nawr\u00f3cenia, a nie my\u015blcie, \u017ce mo\u017cecie sobie m\u00f3wi\u0107: &#8222;Abrahama mamy za ojca&#8221;, bo powiadam wam, \u017ce z tych kamieni mo\u017ce B\u00f3g wzbudzi\u0107 dzieci Abrahamowi. Ju\u017c siekiera do korzenia drzew jest przy\u0142o\u017cona. Ka\u017cde wi\u0119c&hellip;<\/p>\n<p> <a class=\"more-link\" href=\"http:\/\/www.franciszek-walcz.pl\/?p=29366\">Czytaj dalej<\/a><\/p>\n","protected":false},"author":1,"featured_media":0,"comment_status":"closed","ping_status":"closed","sticky":false,"template":"","format":"standard","meta":{"footnotes":""},"categories":[5],"tags":[],"class_list":{"0":"post-29366","1":"post","2":"type-post","3":"status-publish","4":"format-standard","6":"category-artykuly"},"brizy_media":[],"_links":{"self":[{"href":"http:\/\/www.franciszek-walcz.pl\/index.php?rest_route=\/wp\/v2\/posts\/29366","targetHints":{"allow":["GET"]}}],"collection":[{"href":"http:\/\/www.franciszek-walcz.pl\/index.php?rest_route=\/wp\/v2\/posts"}],"about":[{"href":"http:\/\/www.franciszek-walcz.pl\/index.php?rest_route=\/wp\/v2\/types\/post"}],"author":[{"embeddable":true,"href":"http:\/\/www.franciszek-walcz.pl\/index.php?rest_route=\/wp\/v2\/users\/1"}],"replies":[{"embeddable":true,"href":"http:\/\/www.franciszek-walcz.pl\/index.php?rest_route=%2Fwp%2Fv2%2Fcomments&post=29366"}],"version-history":[{"count":1,"href":"http:\/\/www.franciszek-walcz.pl\/index.php?rest_route=\/wp\/v2\/posts\/29366\/revisions"}],"predecessor-version":[{"id":29367,"href":"http:\/\/www.franciszek-walcz.pl\/index.php?rest_route=\/wp\/v2\/posts\/29366\/revisions\/29367"}],"wp:attachment":[{"href":"http:\/\/www.franciszek-walcz.pl\/index.php?rest_route=%2Fwp%2Fv2%2Fmedia&parent=29366"}],"wp:term":[{"taxonomy":"category","embeddable":true,"href":"http:\/\/www.franciszek-walcz.pl\/index.php?rest_route=%2Fwp%2Fv2%2Fcategories&post=29366"},{"taxonomy":"post_tag","embeddable":true,"href":"http:\/\/www.franciszek-walcz.pl\/index.php?rest_route=%2Fwp%2Fv2%2Ftags&post=29366"}],"curies":[{"name":"wp","href":"https:\/\/api.w.org\/{rel}","templated":true}]}}