{"id":29397,"date":"2025-12-13T22:05:08","date_gmt":"2025-12-13T21:05:08","guid":{"rendered":"http:\/\/www.franciszek-walcz.pl\/?p=29397"},"modified":"2025-12-13T22:05:08","modified_gmt":"2025-12-13T21:05:08","slug":"iii-niedziela-adwentu-3","status":"publish","type":"post","link":"http:\/\/www.franciszek-walcz.pl\/?p=29397","title":{"rendered":"III Niedziela Adwentu"},"content":{"rendered":"<p class=\"western\" align=\"justify\"><span style=\"font-family: Arial, sans-serif;\"><span style=\"font-size: medium;\">Tekst Ewangelii (Mt\u00a011,2-11):\u00a0Tymczasem Jan, skoro us\u0142ysza\u0142 w wi\u0119zieniu o czynach Chrystusa, pos\u0142a\u0142 swoich uczni\u00f3w z zapytaniem: \u00abCzy Ty jeste\u015b Tym, kt\u00f3ry ma przyj\u015b\u0107, czy te\u017c innego mamy oczekiwa\u0107?\u00bb Jezus im odpowiedzia\u0142: \u00abId\u017acie i oznajmijcie Janowi to, co s\u0142yszycie i na co patrzycie: niewidomi wzrok odzyskuj\u0105, chromi chodz\u0105, tr\u0119dowaci doznaj\u0105 oczyszczenia, g\u0142usi s\u0142ysz\u0105, umarli zmartwychwstaj\u0105, ubogim g\u0142osi si\u0119 Ewangeli\u0119. A b\u0142ogos\u0142awiony jest ten, kto we Mnie nie zw\u0105tpi\u00bb.<\/p>\n<p>Gdy oni odchodzili, Jezus zacz\u0105\u0142 m\u00f3wi\u0107 do t\u0142um\u00f3w o Janie: \u00abCo\u015bcie wyszli ogl\u0105da\u0107 na pustyni? Trzcin\u0119 ko\u0142ysz\u0105c\u0105 si\u0119 na wietrze? Ale co\u015bcie wyszli zobaczy\u0107? Cz\u0142owieka w mi\u0119kkie szaty ubranego? Oto w domach kr\u00f3lewskich s\u0105 ci, kt\u00f3rzy mi\u0119kkie szaty nosz\u0105. Po co\u015bcie wi\u0119c wyszli? Proroka zobaczy\u0107? Tak, powiadam wam, nawet wi\u0119cej ni\u017c proroka. On jest tym, o kt\u00f3rym napisano: Oto Ja posy\u0142am mego wys\u0142a\u0144ca przed Tob\u0105, aby Ci przygotowa\u0142 drog\u0119. Zaprawd\u0119, powiadam wam: Mi\u0119dzy narodzonymi z niewiast nie powsta\u0142 wi\u0119kszy od Jana Chrzciciela. Lecz najmniejszy w kr\u00f3lestwie niebieskim wi\u0119kszy jest ni\u017c on\u00bb.<\/span><\/span><\/p>\n<p class=\"western\" align=\"justify\"><strong><span style=\"font-family: Arial, sans-serif;\"><span style=\"font-size: medium;\">Priorytety naszego\u00a0\u00a0\u017cycia &#8230;<\/span><\/span><\/strong><\/p>\n<p class=\"western\" align=\"justify\"><span style=\"font-family: Arial, sans-serif;\"><span style=\"font-size: medium;\">Dzisiaj, podobnie jak w ubieg\u0142\u0105 niedziel\u0119, Ko\u015bci\u00f3\u0142 przedstawia nam posta\u0107 Jana Chrzciciela. Mia\u0142 on wielu uczni\u00f3w oraz jasn\u0105 i zr\u00f3\u017cnicowan\u0105 doktryn\u0119: dla celnik\u00f3w, dla \u017co\u0142nierzy, dla faryzeuszy i saduceuszy&#8230; Jego celem by\u0142o przygotowanie ludzi na przyj\u015bcie Mesjasza. Najpierw pos\u0142a\u0142 Jana i Andrzeja. Dzisiaj wysy\u0142a innych, \u017ceby poznali Jezusa. Id\u0105 do Niego z zapytaniem: \u00abCzy Ty jeste\u015b Tym, kt\u00f3ry ma przyj\u015b\u0107, czy te\u017c innego mamy oczekiwa\u0107?\u00bb (Mt 11,3). Jan dobrze wiedzia\u0142 kim by\u0142 Jezus. Sam o Nim daje \u015bwiadectwo: \u00abJa Go przedtem nie zna\u0142em, ale Ten, kt\u00f3ry mnie pos\u0142a\u0142, abym chrzci\u0142 wod\u0105, powiedzia\u0142 do mnie: &#8222;Ten, nad kt\u00f3rym ujrzysz Ducha zst\u0119puj\u0105cego i spoczywaj\u0105cego nad Nim, jest Tym, kt\u00f3ry chrzci Duchem \u015awi\u0119tym\u00bb (J 1,33). Jezus odpowiada na pytanie faktami: niewidomi wzrok odzyskuj\u0105 i chromi chodz\u0105&#8230;<\/p>\n<p><\/span><\/span><span style=\"font-family: Arial, sans-serif;\"><span style=\"font-size: medium;\">M\u00f3wi\u0105c w t\u0119 trzeci\u0105 niedziel\u0119 Adwentu o Janie Chrzcicielu, Jezus pragnie da\u0107 nam nie tylko przyk\u0142ad do na\u015bladowania ale i g\u0142\u0119bsz\u0105 nauk\u0119 o naszych \u017cyciowych priorytetach, o tym co naprawd\u0119 jest w ludzkim \u017cyciu wa\u017cne i co naprawd\u0119 si\u0119 liczy. \u015awi\u0119ty Jan Chrzciciel to na pewno cz\u0142owiek bezkompromisowy, nie szukaj\u0105cy ani poklasku, ani wyg\u00f3d (&#8230;\u00a0co\u015bcie wyszli zobaczy\u0107? Cz\u0142owieka w mi\u0119kkie szaty ubranego? Oto w domach kr\u00f3lewskich s\u0105 ci, kt\u00f3rzy mi\u0119kkie szaty nosz\u0105&#8230;). To cz\u0142owiek, kt\u00f3ry rozpoznaj\u0105c priorytety w swoim \u017cyciu staje si\u0119 zwiastuj\u0105cym przyj\u015bcie Chrystusa. I dlatego jest on wzorem dla wszystkich uczni\u00f3w Chrystusa, kt\u00f3rzy pragn\u0105 wej\u015b\u0107 do Kr\u00f3lestwa Niebieskiego. Tylko taka postawa w \u017cyciu, postawa bezkompromisowej wierno\u015bci Chrystusowi znajdzie swoj\u0105 nagrod\u0119 w dniu ostatecznego przyj\u015bcia Pana.<\/span><\/span><\/p>\n<p class=\"western\" align=\"justify\"><span style=\"font-family: Arial, sans-serif;\"><span style=\"font-size: medium;\">Niestety w \u015bwiecie wsp\u00f3\u0142czesnym bezkompromisowa wierno\u015b\u0107 jest o\u015bmieszana. W naszym \u017cyciu wystawieni jeste\u015bmy raczej ustawicznie na pokus\u0119 niewierno\u015bci, pod pokrywk\u0105 tolerancji. Na co dzie\u0144 zach\u0119cani jeste\u015bmy do \u017cycia &#8222;na luzie&#8221;, do tego, aby nie by\u0107 fundamentalist\u0105, fanatykiem, radyka\u0142em, &#8222;zakapiorem&#8221;. \u015awiat m\u00f3wi nam wiele razy dziennie: &#8221; &#8222;wyluzuj&#8221;, &#8222;odpu\u015b\u0107 sobie&#8221;. W takim \u015bwiecie Jan Chrzciciel nie jest na pewno wzorem do na\u015bladowania, nie mo\u017ce by\u0107 uznany ani doceniany. W takiej rzeczywisto\u015bci liczy si\u0119 tylko spryt, przebieg\u0142o\u015b\u0107 i i szukanie w\u0142asnych korzy\u015bci. Tak uczy si\u0119 dzieci, tak formowana jest m\u0142odzie\u017c, takie modele preferowane s\u0105 w filmach. Wszystko co nie jest zgodne z filozofi\u0105 &#8222;maksymalny zysk przy minimalnym zaanga\u017cowaniu&#8221; jest o\u015bmieszane, poni\u017cane i zwalczane, jest niemodne, przestarza\u0142e, jest wyrazem s\u0142abo\u015bci i wstecznictwa. My po prostu boimy si\u0119 ju\u017c by\u0107 wierni, dobrzy, zaanga\u017cowani i uczciwi. Boimy si\u0119 o\u015bmieszenia, wyrugowania nas poza nawias \u017cycia, izolacji. A przecie\u017c Jezus oczekuje od nas tylko jednego; ca\u0142kowitej wierno\u015bci i zaufania tylko Jemu samemu. Nie obiecuje \u0142atwych zysk\u00f3w, nie obiecuje\u00a0mi\u0119kkich szat\u00a0i wyg\u00f3d, ale proponuje tylko i a\u017c\u00a0\u017cycie wieczne. Jest tylko jeden podstawowy problem, ka\u017cdy z nas musi sam ustawi\u0107 sobie w\u0142a\u015bciwe priorytety i by\u0107 im wiernym. Wiedz\u0105c jednocze\u015bnie, \u017ce sam ponios\u0119 konsekwencje moich wybor\u00f3w.<\/span><\/span><\/p>\n<p class=\"western\" align=\"justify\"><span style=\"font-family: Arial, sans-serif;\"><span style=\"font-size: medium;\">Chrystus do niczego mnie nie zmusza, do niczego nie zniewala. Proponuje i to w spos\u00f3b uczciwy, podj\u0119cie nie\u0142atwej, ale prowadz\u0105cej do wiecznego zbawienia drogi. Po to w\u0142a\u015bnie przyszed\u0142 na ziemi\u0119 i sta\u0142 si\u0119 cz\u0142owiekiem, aby mi to zaproponowa\u0107 i pom\u00f3c w kroczeniu t\u0105 drog\u0105. Nikt jednak za mnie tego nie zrobi, nikt nie dokona wyboru w moim imieniu. Nawet B\u00f3g &#8222;posy\u0142aj\u0105c\u00a0swego Jednorodzonego Syna aby \u015bwiat zbawi\u0142&#8221; ostateczn\u0105 decyzj\u0119 pozostawi\u0142 ka\u017cdemu z nas. Ja sam musz\u0119 ustawi\u0107 sobie priorytety w swoim \u017cyciu i by\u0107 im wierny. On zawsze jest po mojej stronie i zawsze gotowy do pomocy, do wybaczenia, do wsparcia swoj\u0105 \u0142ask\u0105, ale ja sam msz\u0119 dokona\u0107 wyboru, podj\u0105\u0107 decyzj\u0119 i by\u0107 jej wiernym.<\/span><\/span><\/p>\n","protected":false},"excerpt":{"rendered":"<p>Tekst Ewangelii (Mt\u00a011,2-11):\u00a0Tymczasem Jan, skoro us\u0142ysza\u0142 w wi\u0119zieniu o czynach Chrystusa, pos\u0142a\u0142 swoich uczni\u00f3w z zapytaniem: \u00abCzy Ty jeste\u015b Tym, kt\u00f3ry ma przyj\u015b\u0107, czy te\u017c innego mamy oczekiwa\u0107?\u00bb Jezus im odpowiedzia\u0142: \u00abId\u017acie i oznajmijcie Janowi to, co s\u0142yszycie i na co patrzycie: niewidomi wzrok odzyskuj\u0105, chromi chodz\u0105, tr\u0119dowaci doznaj\u0105 oczyszczenia, g\u0142usi s\u0142ysz\u0105, umarli zmartwychwstaj\u0105, ubogim g\u0142osi si\u0119 Ewangeli\u0119. A b\u0142ogos\u0142awiony jest ten, kto we Mnie nie zw\u0105tpi\u00bb. Gdy oni odchodzili, Jezus zacz\u0105\u0142 m\u00f3wi\u0107 do t\u0142um\u00f3w o Janie: \u00abCo\u015bcie wyszli ogl\u0105da\u0107 na pustyni? Trzcin\u0119 ko\u0142ysz\u0105c\u0105 si\u0119 na wietrze? Ale co\u015bcie wyszli zobaczy\u0107? Cz\u0142owieka w mi\u0119kkie szaty ubranego? Oto w domach kr\u00f3lewskich s\u0105 ci, kt\u00f3rzy mi\u0119kkie szaty nosz\u0105. Po co\u015bcie wi\u0119c wyszli? Proroka zobaczy\u0107? Tak, powiadam wam, nawet wi\u0119cej ni\u017c proroka. On jest tym, o kt\u00f3rym napisano: Oto Ja posy\u0142am mego wys\u0142a\u0144ca przed Tob\u0105, aby Ci przygotowa\u0142 drog\u0119. Zaprawd\u0119, powiadam wam: Mi\u0119dzy narodzonymi z niewiast nie powsta\u0142 wi\u0119kszy od Jana Chrzciciela. Lecz&hellip;<\/p>\n<p> <a class=\"more-link\" href=\"http:\/\/www.franciszek-walcz.pl\/?p=29397\">Czytaj dalej<\/a><\/p>\n","protected":false},"author":1,"featured_media":0,"comment_status":"closed","ping_status":"closed","sticky":false,"template":"","format":"standard","meta":{"footnotes":""},"categories":[5],"tags":[],"class_list":{"0":"post-29397","1":"post","2":"type-post","3":"status-publish","4":"format-standard","6":"category-artykuly"},"brizy_media":[],"_links":{"self":[{"href":"http:\/\/www.franciszek-walcz.pl\/index.php?rest_route=\/wp\/v2\/posts\/29397","targetHints":{"allow":["GET"]}}],"collection":[{"href":"http:\/\/www.franciszek-walcz.pl\/index.php?rest_route=\/wp\/v2\/posts"}],"about":[{"href":"http:\/\/www.franciszek-walcz.pl\/index.php?rest_route=\/wp\/v2\/types\/post"}],"author":[{"embeddable":true,"href":"http:\/\/www.franciszek-walcz.pl\/index.php?rest_route=\/wp\/v2\/users\/1"}],"replies":[{"embeddable":true,"href":"http:\/\/www.franciszek-walcz.pl\/index.php?rest_route=%2Fwp%2Fv2%2Fcomments&post=29397"}],"version-history":[{"count":1,"href":"http:\/\/www.franciszek-walcz.pl\/index.php?rest_route=\/wp\/v2\/posts\/29397\/revisions"}],"predecessor-version":[{"id":29398,"href":"http:\/\/www.franciszek-walcz.pl\/index.php?rest_route=\/wp\/v2\/posts\/29397\/revisions\/29398"}],"wp:attachment":[{"href":"http:\/\/www.franciszek-walcz.pl\/index.php?rest_route=%2Fwp%2Fv2%2Fmedia&parent=29397"}],"wp:term":[{"taxonomy":"category","embeddable":true,"href":"http:\/\/www.franciszek-walcz.pl\/index.php?rest_route=%2Fwp%2Fv2%2Fcategories&post=29397"},{"taxonomy":"post_tag","embeddable":true,"href":"http:\/\/www.franciszek-walcz.pl\/index.php?rest_route=%2Fwp%2Fv2%2Ftags&post=29397"}],"curies":[{"name":"wp","href":"https:\/\/api.w.org\/{rel}","templated":true}]}}