{"id":29402,"date":"2025-12-20T12:14:32","date_gmt":"2025-12-20T11:14:32","guid":{"rendered":"http:\/\/www.franciszek-walcz.pl\/?p=29402"},"modified":"2025-12-20T12:15:52","modified_gmt":"2025-12-20T11:15:52","slug":"iv-niedziela-adwentu-2","status":"publish","type":"post","link":"http:\/\/www.franciszek-walcz.pl\/?p=29402","title":{"rendered":"IV Niedziela  Adwentu"},"content":{"rendered":"<p class=\"western\" align=\"justify\"><span style=\"font-family: Arial, sans-serif;\"><span style=\"font-size: medium;\">Tekst Ewangelii (Mt\u00a01,18-24):\u00a0Z narodzeniem Jezusa Chrystusa by\u0142o tak. Po za\u015blubinach Matki Jego, Maryi, z J\u00f3zefem, wpierw nim zamieszkali razem, znalaz\u0142a si\u0119 brzemienn\u0105 za spraw\u0105 Ducha \u015awi\u0119tego. M\u0105\u017c Jej, J\u00f3zef, kt\u00f3ry by\u0142 cz\u0142owiekiem sprawiedliwym i nie chcia\u0142 narazi\u0107 Jej na znies\u0142awienie, zamierza\u0142 oddali\u0107 J\u0105 potajemnie. Gdy powzi\u0105\u0142 t\u0119 my\u015bl, oto anio\u0142 Pa\u0144ski ukaza\u0142 mu si\u0119 we \u015bnie i rzek\u0142: \u00abJ\u00f3zefie, synu Dawida, nie b\u00f3j si\u0119 wzi\u0105\u0107 do siebie Maryi, twej Ma\u0142\u017conki; albowiem z Ducha \u015awi\u0119tego jest to, co si\u0119 w Niej pocz\u0119\u0142o. Porodzi Syna, kt\u00f3remu nadasz imi\u0119 Jezus, On bowiem zbawi sw\u00f3j lud od jego grzech\u00f3w\u00bb. A sta\u0142o si\u0119 to wszystko, aby si\u0119 wype\u0142ni\u0142o s\u0142owo Pa\u0144skie powiedziane przez Proroka: Oto Dziewica pocznie i porodzi Syna, kt\u00f3remu nadadz\u0105 imi\u0119 Emmanuel, to znaczy: &#8222;B\u00f3g z nami&#8221;. Zbudziwszy si\u0119 ze snu, J\u00f3zef uczyni\u0142 tak, jak mu poleci\u0142 anio\u0142 Pa\u0144ski: wzi\u0105\u0142 swoj\u0105 Ma\u0142\u017conk\u0119 do siebie.<\/span><\/span><\/p>\n<p class=\"western\" align=\"justify\"><strong><span style=\"font-family: Arial, sans-serif;\"><span style=\"font-size: medium;\">Zaufa\u0107 jak J\u00f3zef<\/span><\/span><\/strong><\/p>\n<p class=\"western\" align=\"justify\"><span style=\"font-family: Arial, sans-serif;\"><span style=\"font-size: medium;\">\u017bycie, to najcenniejszy dar otrzymany od Boga. Jest ono tak drogie, \u017ce jest a\u017c bezcenne. Kto straci\u0142 \u017cycie &#8211; m\u00f3wimy &#8211; ten straci\u0142 wiele, o mo\u017ce nawet wszystko.<\/span><\/span><\/p>\n<p class=\"western\" align=\"justify\"><span style=\"font-family: Arial, sans-serif;\"><span style=\"font-size: medium;\">\u017bycia nie da si\u0119 kupi\u0107. B\u00f3g, pod \u017cadnym pozorem, nie jest nam winny daru \u017cycia. To my, za dar \u017cycia, jeste\u015bmy Mu co\u015b winni. Dlatego\u00a0\u017cycie trzeba nam prze\u017cy\u0107\u00a0w \u0142\u0105czno\u015bci z Jego Dawc\u0105.<\/span><\/span><\/p>\n<p class=\"western\" align=\"justify\"><span style=\"font-family: Arial, sans-serif;\"><span style=\"font-size: medium;\">W przeci\u0105gu \u017cycia pojawiaj\u0105 si\u0119 wydarzenia przykre, zaskakuj\u0105ce i radosne. S\u0105 te\u017c i takie, kt\u00f3re nosz\u0105 w sobie tzw. zwyk\u0142\u0105 szarzyzn\u0119 (codzienno\u015b\u0107). Ona czasami wydaje si\u0119 nudna. Na pewno tzw.\u00a0szarzyzny \u017cycia\u00a0nie by\u0142o w \u015awi\u0119tej Rodzinie.<\/span><\/span><\/p>\n<p class=\"western\" align=\"justify\"><span style=\"font-family: Arial, sans-serif;\"><span style=\"font-size: medium;\">W przededniu Bo\u017cego Narodzenia, Ewangelia IV niedzieli Adwentu przedstawia nam opowiadanie o Narodzeniu Jezusa wed\u0142ug \u015bw. Mateusza. On swoj\u0105 Ewangeli\u0119 rozpoczyna od przedstawienia\u00a0rodowodu Jezusa\u00a0(Mt 1, 1-18), a potem, przechodz\u0105c do fakt\u00f3w, zaraz koncentruje swoj\u0105 uwag\u0119 na J\u00f3zefie, m\u0119\u017cu Maryi, kt\u00f3ry cho\u0107 by\u0142\u00a0cz\u0142owiekiem sprawiedliwym, to jednak mia\u0142 pewne w\u0105tpliwo\u015bci co do wierno\u015bci Swojej Wsp\u00f3\u0142ma\u0142\u017conki i\u00a0zamierza\u0142 oddali\u0107 J\u0105 potajemnie\u00a0(\u0141k 1, 19).<\/span><\/span><\/p>\n<p class=\"western\" align=\"justify\"><span style=\"font-family: Arial, sans-serif;\"><span style=\"font-size: medium;\">W\u0105tpliwo\u015bci J\u00f3zefa by\u0142y znacz\u0105ce, ale we \u015bnie Anio\u0142 J\u00f3zefowi wszelkie w\u0105tpliwo\u015bci rozwiewa, wzywaj\u0105c Go do zaakceptowania daru \u017cycia:\u00a0J\u00f3zefie nie b\u00f3j si\u0119 wzi\u0105\u0107 do siebie\u00a0Twojej ma\u0142\u017conki gdy\u017c to,\u00a0co si\u0119 w Jej \u0142onie pocz\u0119\u0142o to dzie\u0142o Ducha \u015awi\u0119tego.<\/span><\/span><\/p>\n<p class=\"western\" align=\"justify\"><span style=\"font-family: Arial, sans-serif;\"><span style=\"font-size: medium;\">Poselstwo Anio\u0142a zobowi\u0105za\u0142o J\u00f3zefa tak\u017ce do nadania imienia Nowonarodzonemu Synowi. W\u00a0zobowi\u0105zaniu\u00a0tym kryje si\u0119 bardzo g\u0142\u0119boka my\u015bl. Ot\u00f3\u017c w judaizmie nadanie imienia jest wyrazem wzi\u0119cia niejako\u00a0w posiadanie dan\u0105 osob\u0119. Nadaj\u0105cy imi\u0119, zobowi\u0105zuje si\u0119 by\u0107 opiekunem i jednocze\u015bnie jest got\u00f3w bra\u0107 odpowiedzialno\u015b\u0107 za tego, kt\u00f3remu imi\u0119 zosta\u0142o nadane. J\u00f3zef, poprzez nadanie imienia Jezusowi, nie tylko jest ojcem dla Niego ale r\u00f3wnie\u017c bierze odpowiedzialno\u015b\u0107 prawn\u0105 za Niego wobec spo\u0142eczno\u015bci judaistycznej.<\/span><\/span><\/p>\n<p class=\"western\" align=\"justify\"><span style=\"font-family: Arial, sans-serif;\"><span style=\"font-size: medium;\">W tym opowiadaniu o Narodzeniu Jezusa Mateusz jeszcze mocno uwypukla jeden fakt: Chrystus narodzi\u0142 si\u0119 nie wed\u0142ug og\u00f3lnych praw natury. Pocz\u0119cie Jezusa odby\u0142o si\u0119 bez udzia\u0142u m\u0119\u017cczyzny. By\u0142o dziewicze i cudowne: dokona\u0142o si\u0119 przez dzia\u0142anie Ducha \u015awi\u0119tego. W tym wszystkim by\u0142o wype\u0142nieniem s\u0142ynnego proroctwa z Iz 7, 14, kt\u00f3re zapowiada\u0142o:\u00a0Oto Dziewica pocznie i porodzi Syna, kt\u00f3remu nadadz\u0105 imi\u0119 Emmanuel, to znaczy: \u00abB\u00f3g z nami\u00bb.<\/span><\/span><\/p>\n<p class=\"western\" align=\"justify\"><span style=\"font-family: Arial, sans-serif;\"><span style=\"font-size: medium;\">Postawa J\u00f3zefa uczy: J\u00f3zef Maryj\u0119 Dziewic\u0119 bardzo kocha\u0142. B\u0119d\u0105c\u00a0m\u0119\u017cem sprawiedliwym, pomimo w\u0105tpliwo\u015bci, zaufa\u0142 Bogu i nie ba\u0142 si\u0119 budowa\u0107 z Ni\u0105 zwi\u0105zku ma\u0142\u017ce\u0144skiego. J\u00f3zef, posiadaj\u0105c nie biologicznego Syna, otrzyma\u0142 nie\u0142atwe zadanie, ma zosta\u0107\u00a0wychowawc\u0105 Syna Bo\u017cego. Zaufanie Bogu pozwala podejmowa\u0107 odwa\u017cnie decyzje i z pomoc\u0105 Bo\u017c\u0105 doprowadzi\u0107 je do szcz\u0119\u015bliwego skutku i celu.<\/span><\/span><\/p>\n","protected":false},"excerpt":{"rendered":"<p>Tekst Ewangelii (Mt\u00a01,18-24):\u00a0Z narodzeniem Jezusa Chrystusa by\u0142o tak. Po za\u015blubinach Matki Jego, Maryi, z J\u00f3zefem, wpierw nim zamieszkali razem, znalaz\u0142a si\u0119 brzemienn\u0105 za spraw\u0105 Ducha \u015awi\u0119tego. M\u0105\u017c Jej, J\u00f3zef, kt\u00f3ry by\u0142 cz\u0142owiekiem sprawiedliwym i nie chcia\u0142 narazi\u0107 Jej na znies\u0142awienie, zamierza\u0142 oddali\u0107 J\u0105 potajemnie. Gdy powzi\u0105\u0142 t\u0119 my\u015bl, oto anio\u0142 Pa\u0144ski ukaza\u0142 mu si\u0119 we \u015bnie i rzek\u0142: \u00abJ\u00f3zefie, synu Dawida, nie b\u00f3j si\u0119 wzi\u0105\u0107 do siebie Maryi, twej Ma\u0142\u017conki; albowiem z Ducha \u015awi\u0119tego jest to, co si\u0119 w Niej pocz\u0119\u0142o. Porodzi Syna, kt\u00f3remu nadasz imi\u0119 Jezus, On bowiem zbawi sw\u00f3j lud od jego grzech\u00f3w\u00bb. A sta\u0142o si\u0119 to wszystko, aby si\u0119 wype\u0142ni\u0142o s\u0142owo Pa\u0144skie powiedziane przez Proroka: Oto Dziewica pocznie i porodzi Syna, kt\u00f3remu nadadz\u0105 imi\u0119 Emmanuel, to znaczy: &#8222;B\u00f3g z nami&#8221;. Zbudziwszy si\u0119 ze snu, J\u00f3zef uczyni\u0142 tak, jak mu poleci\u0142 anio\u0142 Pa\u0144ski: wzi\u0105\u0142 swoj\u0105 Ma\u0142\u017conk\u0119 do siebie. Zaufa\u0107 jak J\u00f3zef \u017bycie, to najcenniejszy dar otrzymany od Boga.&hellip;<\/p>\n<p> <a class=\"more-link\" href=\"http:\/\/www.franciszek-walcz.pl\/?p=29402\">Czytaj dalej<\/a><\/p>\n","protected":false},"author":1,"featured_media":0,"comment_status":"closed","ping_status":"closed","sticky":false,"template":"","format":"standard","meta":{"footnotes":""},"categories":[5],"tags":[],"class_list":{"0":"post-29402","1":"post","2":"type-post","3":"status-publish","4":"format-standard","6":"category-artykuly"},"brizy_media":[],"_links":{"self":[{"href":"http:\/\/www.franciszek-walcz.pl\/index.php?rest_route=\/wp\/v2\/posts\/29402","targetHints":{"allow":["GET"]}}],"collection":[{"href":"http:\/\/www.franciszek-walcz.pl\/index.php?rest_route=\/wp\/v2\/posts"}],"about":[{"href":"http:\/\/www.franciszek-walcz.pl\/index.php?rest_route=\/wp\/v2\/types\/post"}],"author":[{"embeddable":true,"href":"http:\/\/www.franciszek-walcz.pl\/index.php?rest_route=\/wp\/v2\/users\/1"}],"replies":[{"embeddable":true,"href":"http:\/\/www.franciszek-walcz.pl\/index.php?rest_route=%2Fwp%2Fv2%2Fcomments&post=29402"}],"version-history":[{"count":1,"href":"http:\/\/www.franciszek-walcz.pl\/index.php?rest_route=\/wp\/v2\/posts\/29402\/revisions"}],"predecessor-version":[{"id":29403,"href":"http:\/\/www.franciszek-walcz.pl\/index.php?rest_route=\/wp\/v2\/posts\/29402\/revisions\/29403"}],"wp:attachment":[{"href":"http:\/\/www.franciszek-walcz.pl\/index.php?rest_route=%2Fwp%2Fv2%2Fmedia&parent=29402"}],"wp:term":[{"taxonomy":"category","embeddable":true,"href":"http:\/\/www.franciszek-walcz.pl\/index.php?rest_route=%2Fwp%2Fv2%2Fcategories&post=29402"},{"taxonomy":"post_tag","embeddable":true,"href":"http:\/\/www.franciszek-walcz.pl\/index.php?rest_route=%2Fwp%2Fv2%2Ftags&post=29402"}],"curies":[{"name":"wp","href":"https:\/\/api.w.org\/{rel}","templated":true}]}}