{"id":29465,"date":"2025-12-27T13:10:37","date_gmt":"2025-12-27T12:10:37","guid":{"rendered":"http:\/\/www.franciszek-walcz.pl\/?p=29465"},"modified":"2025-12-27T13:17:45","modified_gmt":"2025-12-27T12:17:45","slug":"uroczystosc-swietej-rodziny","status":"publish","type":"post","link":"http:\/\/www.franciszek-walcz.pl\/?p=29465","title":{"rendered":"Uroczysto\u015b\u0107 \u015awi\u0119tej Rodziny"},"content":{"rendered":"<p class=\"western\" align=\"justify\"><strong><span style=\"font-family: Arial, sans-serif;\"><span style=\"font-size: medium;\">RODZINA<\/span><\/span><\/strong><\/p>\n<p class=\"western\" align=\"justify\"><strong><span style=\"font-family: Arial, sans-serif;\"><span style=\"font-size: medium;\">Tekst Ewangelii (Mt\u00a02,13-15.19-23<\/span><\/span><\/strong><\/p>\n<p class=\"western\" align=\"justify\"><span style=\"font-family: Arial, sans-serif;\"><span style=\"font-size: medium;\">Gdy M\u0119drcy odjechali, oto anio\u0142 Pa\u0144ski ukaza\u0142 si\u0119 J\u00f3zefowi we \u015bnie i rzek\u0142: \u201eWsta\u0144, we\u017a Dzieci\u0119 i Jego Matk\u0119 i uchod\u017a do Egiptu; pozosta\u0144 tam, a\u017c ci powiem; bo Herod b\u0119dzie szuka\u0142 Dzieci\u0119cia, aby Je zg\u0142adzi\u0107\u201d. On wsta\u0142, wzi\u0105\u0142 w nocy Dzieci\u0119 i Jego Matk\u0119 i uda\u0142 si\u0119 do Egiptu; tam pozosta\u0142 a\u017c do \u015bmierci Heroda. Tak mia\u0142o si\u0119 spe\u0142ni\u0107 s\u0142owo, kt\u00f3re Pan powiedzia\u0142 przez proroka: \u201eZ Egiptu wezwa\u0142em Syna mego\u201d. A gdy Herod umar\u0142, oto J\u00f3zefowi w Egipcie ukaza\u0142 si\u0119 anio\u0142 Pa\u0144ski we \u015bnie i rzek\u0142: \u201eWsta\u0144, we\u017a Dzieci\u0119 i Jego Matk\u0119 i id\u017a do ziemi Izraela, bo ju\u017c umarli ci, kt\u00f3rzy czyhali na \u017cycie Dzieci\u0119cia\u201d. On wi\u0119c wsta\u0142, wzi\u0105\u0142 Dzieci\u0119 i Jego Matk\u0119 i wr\u00f3ci\u0142 do ziemi Izraela. Lecz gdy pos\u0142ysza\u0142, \u017ce w Judei panuje Archelaus w miejsce ojca swego, Heroda, ba\u0142 si\u0119 tam i\u015b\u0107. Otrzymawszy za\u015b we \u015bnie nakaz, uda\u0142 si\u0119 w stron\u0119 Galilei. Przyby\u0142 do miasta, zwanego Nazaret, i tam osiad\u0142. Tak mia\u0142o si\u0119 spe\u0142ni\u0107 s\u0142owo Prorok\u00f3w: \u201eNazwany b\u0119dzie Nazarejczykiem\u201d (Mt 2,13-15.19-23).<\/span><\/span><\/p>\n<p class=\"western\" align=\"justify\"><strong><span style=\"font-family: Arial, sans-serif;\"><span style=\"font-size: medium;\">RODZINA<\/span><\/span><\/strong><\/p>\n<p class=\"western\" align=\"justify\"><span style=\"font-family: Arial, sans-serif;\"><span style=\"font-size: medium;\">Po co jest \u015awi\u0119ta Rodzina?\u00a0Odpowiedzie\u0107 mo\u017cna na wiele sposob\u00f3w. Na przyk\u0142ad \u2013 opieraj\u0105c si\u0119 na kolekcie mszalnej \u2013 po to,\u00a0aby\u015bmy z\u0142\u0105czeni wzajemn\u0105 mi\u0142o\u015bci\u0105, na\u015bladowali w naszych rodzinach Jej cnoty.\u00a0Prawda. Tylko, \u017ce to ju\u017c jest odpowied\u017a zaawansowana, z\u0142o\u017cona, historycznie \u201ebogata\u201d. Natomiast warto najpierw zobaczy\u0107 odpowied\u017a \u201epierwsz\u0105\u201d \u2013 \u015awi\u0119ta Rodzina jest\u2026 dla bezpiecze\u0144stwa Jezusa(!). B\u00f3g sta\u0142 si\u0119 cz\u0142owiekiem, potwierdzaj\u0105c tym samym, \u017ce dobrze jest by\u0107 cz\u0142owiekiem. Jednakowo\u017c miejsce prze\u017cywania tego cz\u0142owiecze\u0144stwa (nasz \u015bwiat; doczesno\u015b\u0107) nie jest w pe\u0142ni miejscem przyjaznym dla \u017cycia ludzkiego. To \u017cycie wymaga specjalnej ochrony i ostro\u017cno\u015bci, aby mog\u0142o wzrasta\u0107 i rozwija\u0107 si\u0119. Nie inaczej by\u0142o z ludzkim \u017cyciem Boga, kt\u00f3ry sta\u0142 si\u0119 cz\u0142owiekiem. To \u017cycie \u2013 widziane i opisywane z perspektywy naszego \u015bwiata, a takie s\u0105 opisy ewangeliczne \u2013 od pocz\u0105tku jest zagro\u017cone.<\/span><\/span><\/p>\n<p class=\"western\" align=\"justify\"><span style=\"font-family: Arial, sans-serif;\"><span style=\"font-size: medium;\">Pierwsze zagro\u017cenie dotyczy czasu, w kt\u00f3rym okazuje si\u0119, \u017ce Maryja spodziewa si\u0119 dziecka.<\/span><\/span><\/p>\n<p class=\"western\" align=\"justify\"><span style=\"font-family: Arial, sans-serif;\"><span style=\"font-size: medium;\">J\u00f3zef wie, \u017ce to nie jest jego dziecko. Co zatem ma zamiar uczyni\u0107? W Ewangelii czytamy, \u017ce zamierza Maryj\u0119\u00a0oddali\u0107 potajemnie\u00a0(Mt 1,19). T\u0142umacz\u0105c to na \u201ej\u0119zyk\u201d zrozumia\u0142y dla nas, stwierdzi\u0107 nale\u017cy, \u017ce wyb\u00f3r J\u00f3zefa jest szlachetny . Dlaczego? Bowiem pierwsza opcja dla J\u00f3zefa to publiczne oskar\u017cenie Maryi o cudzo\u0142\u00f3stwo; oskar\u017cenie, kt\u00f3re przecie\u017c nie by\u0142oby z jego strony oszustwem \u2013 w \u015bwietle tego, co widzi, tak w\u0142a\u015bnie si\u0119 sprawy maj\u0105\u2026 Zamierza jednak Maryj\u0119\u00a0oddali\u0107 potajemnie, czyli nie wnosi\u0107 oskar\u017cenia o cudzo\u0142\u00f3stwo, ale te\u017c i nie wchodzi\u0107 w ma\u0142\u017ce\u0144stwo.<\/span><\/span><\/p>\n<p class=\"western\" align=\"justify\"><span style=\"font-family: Arial, sans-serif;\"><span style=\"font-size: medium;\">Bilans takiego wyboru jest nast\u0119puj\u0105cy: J\u00f3zef ocala Maryj\u0119 (i jej dziecko) przed ukamienowaniem za cudzo\u0142\u00f3stwo, ale jednocze\u015bnie \u015bci\u0105ga na siebie opini\u0119 cz\u0142owieka niesolidnego \u2013 w oczach ludzi spo\u0142ecznie degraduje sam siebie, bo przecie\u017c wycofuje si\u0119 z ma\u0142\u017ce\u0144stwa oraz z ojcostwa.<\/span><\/span><\/p>\n<p class=\"western\" align=\"justify\"><span style=\"font-family: Arial, sans-serif;\"><span style=\"font-size: medium;\">Zatem rozwi\u0105zanie, kt\u00f3re J\u00f3zef wybiera, jest \u2013 w ramach jego mo\u017cliwo\u015bci \u2013 maksymalnie wielkoduszne. To w takim w\u0142a\u015bnie momencie zastaje go interwencja anio\u0142a, kt\u00f3ry m\u00f3wi:\u00a0nie b\u00f3j si\u0119 wzi\u0105\u0107 do siebie Maryi, Twej ma\u0142\u017conki, gdy\u017c z Ducha \u015awi\u0119tego jest to, co si\u0119 w Niej pocz\u0119\u0142o\u00a0(Mt 1,20).<\/span><\/span><\/p>\n<p class=\"western\" align=\"justify\"><span style=\"font-family: Arial, sans-serif;\"><span style=\"font-size: medium;\">Poniewa\u017c J\u00f3zef s\u0142ucha Boga i jest pos\u0142uszny, pierwsze zagro\u017cenie \u017cycia Jezusa zostaje oddalone. Nie jest to jednak zagro\u017cenie jedyne. Niepewno\u015b\u0107 i niebezpiecze\u0144stwo towarzysz\u0105 te\u017c ca\u0142emu kontekstowi narodzenia Jezusa. Maryja i J\u00f3zef wprawdzie maj\u0105 sw\u00f3j dom \u2013 w Nazarecie \u2013 ale musz\u0105 uda\u0107 si\u0119 do Betlejem na spis ludno\u015bci, zarz\u0105dzony przez w\u0142adze rzymskie. Poniewa\u017c z tej samej racji wielu ludzi w tym czasie r\u00f3wnie\u017c przemieszcza si\u0119, nic dziwnego, \u017ce dla podr\u00f3\u017cnych brakuje miejsc noclegowych.<\/span><\/span><\/p>\n<p class=\"western\" align=\"justify\"><span style=\"font-family: Arial, sans-serif;\"><span style=\"font-size: medium;\">Por\u00f3d dokonuje si\u0119 wi\u0119c w miejscu przeznaczonym nie dla ludzi, a dla zwierz\u0105t. Niew\u0105tpliwie jest to zagro\u017cenie \u2013 przede wszystkim dla Jezusa. Udaje si\u0119 jednak na tyle czuwa\u0107 nad ca\u0142\u0105 sytuacj\u0105, \u017ce bez komplikacji \u015bwiat nasz mo\u017ce powita\u0107 kolejne dziecko, kt\u00f3re \u2013 cho\u0107 przy skrajnym ub\u00f3stwie \u015brodk\u00f3w \u2013 jest otoczone trosk\u0105 i bezpieczne. Nie znaczy to jednak, \u017ce stan gwarantowanego bezpiecze\u0144stwa jest sta\u0142\u0105 charakterystyk\u0105 \u017cycia \u015awi\u0119tej Rodziny.<\/span><\/span><\/p>\n<p class=\"western\" align=\"justify\"><span style=\"font-family: Arial, sans-serif;\"><span style=\"font-size: medium;\">Nadchodzi kolejny moment, oto \u00a0anio\u0142 Pa\u0144ski ukaza\u0142 si\u0119 J\u00f3zefowi we \u015bnie i rzek\u0142: \u00abWsta\u0144, we\u017a Dzieci\u0119 i Jego Matk\u0119 i uchod\u017a do Egiptu; pozosta\u0144 tam a\u017c ci powiem; bo Herod b\u0119dzie szuka\u0142 Dzieci\u0119cia, aby Je zg\u0142adzi\u0107\u00bb\u00a0(Mt 2,13). A wi\u0119c zn\u00f3w zagro\u017cenie. I zn\u00f3w skuteczne dzia\u0142anie, kt\u00f3rego skutkiem jest zwyci\u0119stwo nad zagro\u017ceniem: J\u00f3zef\u00a0wsta\u0142, wzi\u0105\u0142 w nocy Dzieci\u0119 i Jego Matk\u0119 i uda\u0142 si\u0119 do Egiptu\u00a0(Mt 2, 14). Czytamy nast\u0119pnie, \u017ce p\u00f3\u017aniej \u2013 r\u00f3wnie\u017c na wyra\u017ane polecenie Boga \u2013 \u015awi\u0119ta Rodzina wraca z Egiptu do Nazaretu. Domy\u015blamy si\u0119, \u017ce ca\u0142y czas priorytetowym zadaniem J\u00f3zefa i Maryi jest troska o bezpiecze\u0144stwo Jezusa. Ewangeliczna scena z 12-letnim Jezusem, odnalezionym w \u015bwi\u0105tyni, potwierdza nam to. Wprawdzie nie ma ju\u017c wtedy do czynienia z bezpo\u015brednim zagro\u017ceniem wobec Jezusa, ale wypowied\u017a Maryi \u015bwiadczy o utrwalonej przez lata postawie szczerej troski ze strony rodzic\u00f3w:\u00a0Ojciec tw\u00f3j i ja z b\u00f3lem serca szukali\u015bmy ciebie\u2026\u00a0(\u0141k 2,48).<\/span><\/span><\/p>\n<p class=\"western\" align=\"justify\"><span style=\"font-family: Arial, sans-serif;\"><span style=\"font-size: medium;\">Po co jest \u015awi\u0119ta Rodzina?\u00a0\u015awi\u0119ta Rodzina jest dla bezpiecze\u0144stwa Jezusa.<\/span><\/span><\/p>\n<p class=\"western\" align=\"justify\"><span style=\"font-family: Arial, sans-serif;\"><span style=\"font-size: medium;\">Je\u015bli w tym kontek\u015bcie pojawia si\u0119 pytanie o to jakie powinny by\u0107 nasze rodziny; o jaki ich kszta\u0142t nale\u017cy zabiega\u0107, warto na pewno patrze\u0107 na \u015awi\u0119t\u0105 Rodzin\u0119. I oka\u017ce si\u0119, \u017ce do tego wzorca nie trzeba wcale niczego supernowoczesnego dodawa\u0107. Gdy zadbamy o to, aby w naszej rodzinie na co dzie\u0144 Jezus czu\u0142 si\u0119 dobrze, zasadnicza cz\u0119\u015b\u0107 \u201erodzinnego zadania\u201d jest wykonana.<\/span><\/span><\/p>\n","protected":false},"excerpt":{"rendered":"<p>RODZINA Tekst Ewangelii (Mt\u00a02,13-15.19-23 Gdy M\u0119drcy odjechali, oto anio\u0142 Pa\u0144ski ukaza\u0142 si\u0119 J\u00f3zefowi we \u015bnie i rzek\u0142: \u201eWsta\u0144, we\u017a Dzieci\u0119 i Jego Matk\u0119 i uchod\u017a do Egiptu; pozosta\u0144 tam, a\u017c ci powiem; bo Herod b\u0119dzie szuka\u0142 Dzieci\u0119cia, aby Je zg\u0142adzi\u0107\u201d. On wsta\u0142, wzi\u0105\u0142 w nocy Dzieci\u0119 i Jego Matk\u0119 i uda\u0142 si\u0119 do Egiptu; tam pozosta\u0142 a\u017c do \u015bmierci Heroda. Tak mia\u0142o si\u0119 spe\u0142ni\u0107 s\u0142owo, kt\u00f3re Pan powiedzia\u0142 przez proroka: \u201eZ Egiptu wezwa\u0142em Syna mego\u201d. A gdy Herod umar\u0142, oto J\u00f3zefowi w Egipcie ukaza\u0142 si\u0119 anio\u0142 Pa\u0144ski we \u015bnie i rzek\u0142: \u201eWsta\u0144, we\u017a Dzieci\u0119 i Jego Matk\u0119 i id\u017a do ziemi Izraela, bo ju\u017c umarli ci, kt\u00f3rzy czyhali na \u017cycie Dzieci\u0119cia\u201d. On wi\u0119c wsta\u0142, wzi\u0105\u0142 Dzieci\u0119 i Jego Matk\u0119 i wr\u00f3ci\u0142 do ziemi Izraela. Lecz gdy pos\u0142ysza\u0142, \u017ce w Judei panuje Archelaus w miejsce ojca swego, Heroda, ba\u0142 si\u0119 tam i\u015b\u0107. Otrzymawszy za\u015b we \u015bnie nakaz, uda\u0142 si\u0119 w stron\u0119&hellip;<\/p>\n<p> <a class=\"more-link\" href=\"http:\/\/www.franciszek-walcz.pl\/?p=29465\">Czytaj dalej<\/a><\/p>\n","protected":false},"author":1,"featured_media":0,"comment_status":"closed","ping_status":"closed","sticky":false,"template":"","format":"standard","meta":{"footnotes":""},"categories":[5],"tags":[],"class_list":{"0":"post-29465","1":"post","2":"type-post","3":"status-publish","4":"format-standard","6":"category-artykuly"},"brizy_media":[],"_links":{"self":[{"href":"http:\/\/www.franciszek-walcz.pl\/index.php?rest_route=\/wp\/v2\/posts\/29465","targetHints":{"allow":["GET"]}}],"collection":[{"href":"http:\/\/www.franciszek-walcz.pl\/index.php?rest_route=\/wp\/v2\/posts"}],"about":[{"href":"http:\/\/www.franciszek-walcz.pl\/index.php?rest_route=\/wp\/v2\/types\/post"}],"author":[{"embeddable":true,"href":"http:\/\/www.franciszek-walcz.pl\/index.php?rest_route=\/wp\/v2\/users\/1"}],"replies":[{"embeddable":true,"href":"http:\/\/www.franciszek-walcz.pl\/index.php?rest_route=%2Fwp%2Fv2%2Fcomments&post=29465"}],"version-history":[{"count":1,"href":"http:\/\/www.franciszek-walcz.pl\/index.php?rest_route=\/wp\/v2\/posts\/29465\/revisions"}],"predecessor-version":[{"id":29466,"href":"http:\/\/www.franciszek-walcz.pl\/index.php?rest_route=\/wp\/v2\/posts\/29465\/revisions\/29466"}],"wp:attachment":[{"href":"http:\/\/www.franciszek-walcz.pl\/index.php?rest_route=%2Fwp%2Fv2%2Fmedia&parent=29465"}],"wp:term":[{"taxonomy":"category","embeddable":true,"href":"http:\/\/www.franciszek-walcz.pl\/index.php?rest_route=%2Fwp%2Fv2%2Fcategories&post=29465"},{"taxonomy":"post_tag","embeddable":true,"href":"http:\/\/www.franciszek-walcz.pl\/index.php?rest_route=%2Fwp%2Fv2%2Ftags&post=29465"}],"curies":[{"name":"wp","href":"https:\/\/api.w.org\/{rel}","templated":true}]}}