{"id":29486,"date":"2025-12-31T13:16:43","date_gmt":"2025-12-31T12:16:43","guid":{"rendered":"http:\/\/www.franciszek-walcz.pl\/?p=29486"},"modified":"2025-12-31T13:16:43","modified_gmt":"2025-12-31T12:16:43","slug":"w-nowy-rok-z-nadzieja","status":"publish","type":"post","link":"http:\/\/www.franciszek-walcz.pl\/?p=29486","title":{"rendered":"W Nowy Rok z nadziej\u0105."},"content":{"rendered":"<p class=\"western\" align=\"justify\"><span style=\"font-family: Arial, sans-serif;\"><span style=\"font-size: medium;\">Za kilkana\u015bcie godzin w imi\u0119 Bo\u017ce wraz z Maryj\u0105, \u015awi\u0119t\u0105 Bo\u017c\u0105 Rodzicielk\u0105, rozpoczniemy 2026 rok , nowy rozdzia\u0142 ksi\u0119gi naszego \u017cycia. Musimy sobie u\u015bwiadomi\u0107, \u017ce to z Bo\u017cej \u0142aski rozpoczniemy ten rok, jeszcze jeden w naszym \u017cyciu. Dlatego winni\u015bmy za to podzi\u0119kowa\u0107 Bo\u017cej Opatrzno\u015bci, bo przecie\u017c tylu naszych braci i si\u00f3str nie doczeka\u0142o tego dnia. Mamy w pami\u0119ci wojny , r\u00f3\u017cne kataklizmy \u2013 trz\u0119sienia ziemi, czy powodzie. Tylu ludzi nagle odesz\u0142o z tego \u015bwiata i mo\u017ce nie zawsze dobrze przygotowanych na \u015bmier\u0107 stan\u0119\u0142o na Boskim s\u0105dzie, a my jeszcze \u017cyjemy i mo\u017cemy odpokutowa\u0107 tu na ziemi za nasze s\u0142abo\u015bci i grzechy, mo\u017cemy wiele zmieni\u0107 w naszym \u017cyciu na lepsze. Za to trzeba Bogu naprawd\u0119 dzi\u0119kowa\u0107.<\/p>\n<p>Chcemy tak\u017ce prosi\u0107 Boga przez Maryj\u0119 o nowe \u0142aski i b\u0142ogos\u0142awie\u0144stwo Bo\u017ce na ka\u017cdy dzie\u0144 nowego roku. Tylko cz\u0142owiek niem\u0105dry my\u015bli sobie, a mo\u017ce w swojej pysze i deklaruje s\u0142owami, \u017ce bez Boga sam sobie poradzi. W minionym roku B\u00f3g dawa\u0142 znaki, tak\u017ce i nam w Polsce, \u017ce cz\u0142owiek jest bezradny wobec si\u0142 przyrody. Po prostu sprawdzi\u0142o si\u0119 przys\u0142owie, \u017ce \u201ebez Boga ani do proga\u201d. Tymczasem wielu ludzi \u017cyje, jakby Boga nie by\u0142o.<\/p>\n<p>Dlatego b\u0142agamy Boga o pomoc. Modlimy si\u0119 za siebie, za rz\u0105dz\u0105cych i za ca\u0142y \u015bwiat, aby\u015bmy w tym nowym roku byli wierni swemu powo\u0142aniu do \u017cycia w chrze\u015bcija\u0144stwie i nie zmarnowali tego czasu, kt\u00f3rym nas B\u00f3g ze swojej szczodrobliwo\u015bci obdarza.<\/p>\n<p>W tym zatroskaniu o to, jaki b\u0119dzie ten rozpoczynaj\u0105cy si\u0119 rok, nie jeste\u015bmy sami. Jest z nami Maryja, \u015awi\u0119ta Bo\u017ca Rodzicielka i Jej Syn, kt\u00f3rego nam da\u0142a. \u015bw. Pawe\u0142 w li\u015bcie do Galat\u00f3w zapewnia nas o tym, \u017ce gdy nadesz\u0142a pe\u0142nia czasu, B\u00f3g zes\u0142a\u0142 swojego Syna, zrodzonego z niewiasty aby nas wykupi\u0142, czyli przywr\u00f3ci\u0142 nam wolno\u015b\u0107 dzieci Bo\u017cych. Syn Bo\u017cy sta\u0142 si\u0119 cz\u0142owiekiem, aby nas ludzi przeb\u00f3stwi\u0107, obdarzy\u0107 pokojem i zbawieniem.<\/p>\n<p>B\u00f3g sta\u0142 si\u0119 cz\u0142owiekiem, czyli przyj\u0105\u0142 z Maryi Dziewicy ludzkie cia\u0142o. Przyj\u0105\u0142 nas takimi, jakimi jeste\u015bmy \u2013 mimo naszych brak\u00f3w, u\u0142omno\u015bci, sprzeczno\u015bci i upadk\u00f3w. Przychodzi na \u015bwiat w Betlejem \u2013 w domu chleba, aby sta\u0107 si\u0119 dla ka\u017cdego powszednim chlebem, aby spragnionych napoi\u0107 i g\u0142odnych nakarmi\u0107. Aby przynie\u015b\u0107 ulg\u0119 zniewolonemu przez grzech cz\u0142owiekowi: \u201euni\u017cy\u0142 samego siebie, przyj\u0105wszy posta\u0107 s\u0142ugi\u201d (Flp 2, 7). W Chrystusie B\u00f3g okaza\u0142 wielk\u0105 solidarno\u015b\u0107 z cierpi\u0105c\u0105 ludzko\u015bci\u0105. Aby wywy\u017cszy\u0107 cz\u0142owieka, sam sta\u0142 si\u0119 cz\u0142owiekiem. Wpatruj\u0105c si\u0119 w figurk\u0119 Dzieci\u0105tka Bo\u017cego w \u017c\u0142\u00f3bku, na nowo u\u015bwiadamiamy sobie t\u0119 prawd\u0119, \u017ce jeste\u015bmy od chwili Wcielenia i Narodzenia Jego bra\u0107mi, a wi\u0119c mamy prawo nazywa\u0107 Boga naszym Ojcem i widzie\u0107 w drugim cz\u0142owieku brata. Dlatego w tym dniu ustaj\u0105 walki, cichn\u0105 wystrza\u0142y. Na chwil\u0119 ludzko\u015b\u0107 staje si\u0119 sob\u0105, w serca wst\u0119puje przekonanie o powszechnym braterstwie, a r\u0119ce ludzkie wyci\u0105gaj\u0105 si\u0119 do drugich z chlebem.<\/p>\n<p>Taka jest wymowa tajemnicy zst\u0105pienia Boga na ziemi\u0119, dokonanej w miasteczku Betlejem i wci\u0105\u017c dokonuj\u0105cej si\u0119 w tajemnicy Ko\u015bcio\u0142a \u2013 Chrystusowego znaku zbawienia.<\/p>\n<p>Maryja \u2013 \u015awi\u0119ta Bo\u017ca Rodzicielka daje nam swego Syna przynosz\u0105cego \u015bwiatu pok\u00f3j i zbawienie. Samo imi\u0119 Syna Bo\u017cego nadane przez Boga \u201eJezus\u201d, oznacza w\u0142a\u015bnie \u201eB\u00f3g zbawia\u201d, bo On czyni nas doskona\u0142ymi i wyzwala z ograniczono\u015bci czasu. Z mi\u0142o\u015bci do nas B\u00f3g sta\u0142 si\u0119 cz\u0142owiekiem, z mi\u0142o\u015bci do nas przyj\u0105\u0142 na siebie nasze n\u0119dze, grzechy i umar\u0142 za nas na krzy\u017cu, a jakby jeszcze tego by\u0142o za ma\u0142o, to zosta\u0142 z nami pod postaci\u0105 chleba, by nas karmi\u0107 i umacnia\u0107 na drodze do nieba.<\/p>\n<p>Pierwszego stycznia , podobnie jak w czasie \u015bwi\u0105t, wszyscy sk\u0142adamy sobie najlepsze \u017cyczenia. Pan B\u00f3g te\u017c ma wzgl\u0119dem nas \u017cyczenia. Podobnie jak \u017cyczymy sobie nawzajem, i B\u00f3g \u017cyczy nam zdrowia, ale nie tylko tego, \u017ceby by\u0142o zdrowe nasze cia\u0142o. B\u00f3g wie, \u017ce cz\u0142owiek naprawd\u0119 tylko wtedy jest zdrowy, gdy ma tak\u017ce zdrow\u0105 dusz\u0119, w kt\u00f3rej nie ma najgorszej choroby \u2013 grzechu. <\/span><\/span><\/p>\n<p class=\"western\" align=\"justify\"><span style=\"font-family: Arial, sans-serif;\"><span style=\"font-size: medium;\">B\u00f3g r\u00f3wnie\u017c \u017cyczy nam szcz\u0119\u015bcia i d\u0142ugich lat \u017cycia. Ale On dobrze wie, \u017ce najd\u0142u\u017csze lata si\u0119 ko\u0144cz\u0105 i \u017ce najwi\u0119ksze nawet szcz\u0119\u015bcie na ziemi te\u017c ma sw\u00f3j koniec. B\u00f3g \u017cyczy nam wi\u0119c wiecznego \u017cycia, kt\u00f3re si\u0119 nigdy nie sko\u0144czy. \u017byczy nam te\u017c takiego szcz\u0119\u015bcia, o kt\u00f3rym \u015bw. Pawe\u0142 powiedzia\u0142: \u201eani ucho nie s\u0142ysza\u0142o, ani oko nie widzia\u0142o, ani w serce cz\u0142owieka nie wst\u0105pi\u0142o, co B\u00f3g przygotowa\u0142 tym, kt\u00f3rzy Go mi\u0142uj\u0105\u201d.<\/span><\/span><\/p>\n<p class=\"western\" align=\"justify\"><span style=\"font-family: Arial, sans-serif;\"><span style=\"font-size: medium;\">Nasz Ojciec Niebieski chce, aby\u015bmy byli rado\u015bni, \u017ceby nam by\u0142o weso\u0142o. \u017byczy On nam jednak, aby to by\u0142a rado\u015b\u0107 pe\u0142na i prawdziwa, kt\u00f3ra p\u0142ynie przede wszystkim z czystego sumienia. <\/span><\/span><\/p>\n<p class=\"western\" align=\"justify\"><span style=\"font-family: Arial, sans-serif;\"><span style=\"font-size: medium;\">B\u00f3g chce naszej pomy\u015blno\u015bci doczesnej, ale ostrzega, aby\u015bmy nie przywi\u0105zali naszych serc do d\u00f3br ziemskich. On daje nam najwi\u0119kszy skarb \u2013 siebie samego, swoje wieczne \u017cycie, swoj\u0105 \u0142ask\u0119. <\/span><\/span><\/p>\n<p class=\"western\" align=\"justify\"><span style=\"font-family: Arial, sans-serif;\"><span style=\"font-size: medium;\">B\u00f3g pragnie te\u017c, aby na \u015bwiecie by\u0142 pok\u00f3j, aby nie by\u0142o wojen. On wie jednak, \u017ce cz\u0142owiek mo\u017ce \u017cy\u0107 w kraju, w kt\u00f3rym nie ma wojny, ale ludzie mog\u0105 mie\u0107 niepok\u00f3j w swoich sercach. <\/span><\/span><\/p>\n<p class=\"western\" align=\"justify\"><a name=\"_GoBack\"><\/a> <span style=\"font-family: Arial, sans-serif;\"><span style=\"font-size: medium;\">B\u00f3g wi\u0119c \u017cyczy nam pokoju nie tylko mi\u0119dzy narodami, ale tak\u017ce pokoju w naszych sercach. Zawierzmy wi\u0119c nasz\u0105 przysz\u0142o\u015b\u0107, ka\u017cdy dzie\u0144 nowego roku Maryi, Matce Jezusa i naszej.<\/span><\/span><\/p>\n","protected":false},"excerpt":{"rendered":"<p>Za kilkana\u015bcie godzin w imi\u0119 Bo\u017ce wraz z Maryj\u0105, \u015awi\u0119t\u0105 Bo\u017c\u0105 Rodzicielk\u0105, rozpoczniemy 2026 rok , nowy rozdzia\u0142 ksi\u0119gi naszego \u017cycia. Musimy sobie u\u015bwiadomi\u0107, \u017ce to z Bo\u017cej \u0142aski rozpoczniemy ten rok, jeszcze jeden w naszym \u017cyciu. Dlatego winni\u015bmy za to podzi\u0119kowa\u0107 Bo\u017cej Opatrzno\u015bci, bo przecie\u017c tylu naszych braci i si\u00f3str nie doczeka\u0142o tego dnia. Mamy w pami\u0119ci wojny , r\u00f3\u017cne kataklizmy \u2013 trz\u0119sienia ziemi, czy powodzie. Tylu ludzi nagle odesz\u0142o z tego \u015bwiata i mo\u017ce nie zawsze dobrze przygotowanych na \u015bmier\u0107 stan\u0119\u0142o na Boskim s\u0105dzie, a my jeszcze \u017cyjemy i mo\u017cemy odpokutowa\u0107 tu na ziemi za nasze s\u0142abo\u015bci i grzechy, mo\u017cemy wiele zmieni\u0107 w naszym \u017cyciu na lepsze. Za to trzeba Bogu naprawd\u0119 dzi\u0119kowa\u0107. Chcemy tak\u017ce prosi\u0107 Boga przez Maryj\u0119 o nowe \u0142aski i b\u0142ogos\u0142awie\u0144stwo Bo\u017ce na ka\u017cdy dzie\u0144 nowego roku. Tylko cz\u0142owiek niem\u0105dry my\u015bli sobie, a mo\u017ce w swojej pysze i deklaruje s\u0142owami, \u017ce bez Boga sam sobie&hellip;<\/p>\n<p> <a class=\"more-link\" href=\"http:\/\/www.franciszek-walcz.pl\/?p=29486\">Czytaj dalej<\/a><\/p>\n","protected":false},"author":1,"featured_media":0,"comment_status":"closed","ping_status":"closed","sticky":false,"template":"","format":"standard","meta":{"footnotes":""},"categories":[5],"tags":[],"class_list":{"0":"post-29486","1":"post","2":"type-post","3":"status-publish","4":"format-standard","6":"category-artykuly"},"brizy_media":[],"_links":{"self":[{"href":"http:\/\/www.franciszek-walcz.pl\/index.php?rest_route=\/wp\/v2\/posts\/29486","targetHints":{"allow":["GET"]}}],"collection":[{"href":"http:\/\/www.franciszek-walcz.pl\/index.php?rest_route=\/wp\/v2\/posts"}],"about":[{"href":"http:\/\/www.franciszek-walcz.pl\/index.php?rest_route=\/wp\/v2\/types\/post"}],"author":[{"embeddable":true,"href":"http:\/\/www.franciszek-walcz.pl\/index.php?rest_route=\/wp\/v2\/users\/1"}],"replies":[{"embeddable":true,"href":"http:\/\/www.franciszek-walcz.pl\/index.php?rest_route=%2Fwp%2Fv2%2Fcomments&post=29486"}],"version-history":[{"count":1,"href":"http:\/\/www.franciszek-walcz.pl\/index.php?rest_route=\/wp\/v2\/posts\/29486\/revisions"}],"predecessor-version":[{"id":29487,"href":"http:\/\/www.franciszek-walcz.pl\/index.php?rest_route=\/wp\/v2\/posts\/29486\/revisions\/29487"}],"wp:attachment":[{"href":"http:\/\/www.franciszek-walcz.pl\/index.php?rest_route=%2Fwp%2Fv2%2Fmedia&parent=29486"}],"wp:term":[{"taxonomy":"category","embeddable":true,"href":"http:\/\/www.franciszek-walcz.pl\/index.php?rest_route=%2Fwp%2Fv2%2Fcategories&post=29486"},{"taxonomy":"post_tag","embeddable":true,"href":"http:\/\/www.franciszek-walcz.pl\/index.php?rest_route=%2Fwp%2Fv2%2Ftags&post=29486"}],"curies":[{"name":"wp","href":"https:\/\/api.w.org\/{rel}","templated":true}]}}