{"id":29497,"date":"2026-01-03T16:03:07","date_gmt":"2026-01-03T15:03:07","guid":{"rendered":"http:\/\/www.franciszek-walcz.pl\/?p=29497"},"modified":"2026-01-03T16:03:07","modified_gmt":"2026-01-03T15:03:07","slug":"2-niedziela-po-bozym-narodzeniu","status":"publish","type":"post","link":"http:\/\/www.franciszek-walcz.pl\/?p=29497","title":{"rendered":"2 niedziela po Bo\u017cym Narodzeniu"},"content":{"rendered":"<p class=\"western\" align=\"justify\">\u00a0<span style=\"font-family: Arial, sans-serif;\"><span style=\"font-size: medium;\">Na pocz\u0105tku by\u0142o S\u0142owo, a S\u0142owo by\u0142o u Boga i Bogiem by\u0142o S\u0142owo. Ono by\u0142o na pocz\u0105tku u Boga. Wszystko przez Nie si\u0119 sta\u0142o, a bez Niego nic si\u0119 nie sta\u0142o, co si\u0119 sta\u0142o. W Nim by\u0142o \u017cycie, a \u017cycie by\u0142o \u015bwiat\u0142o\u015bci\u0105 ludzi, a \u015bwiat\u0142o\u015b\u0107 w ciemno\u015bci \u015bwieci i ciemno\u015b\u0107 jej nie ogarn\u0119\u0142a. Pojawi\u0142 si\u0119 cz\u0142owiek pos\u0142any przez Boga, Jan mu by\u0142o na imi\u0119. Przyszed\u0142 on na \u015bwiadectwo, aby za\u015bwiadczy\u0107 o \u015awiat\u0142o\u015bci, by wszyscy uwierzyli przez niego. Nie by\u0142 on \u015bwiat\u0142o\u015bci\u0105, lecz pos\u0142anym, aby za\u015bwiadczy\u0107 o \u015awiat\u0142o\u015bci. By\u0142a \u015awiat\u0142o\u015b\u0107 prawdziwa, kt\u00f3ra o\u015bwieca ka\u017cdego cz\u0142owieka, gdy na \u015bwiat przychodzi. Na \u015bwiecie by\u0142o S\u0142owo, a \u015bwiat sta\u0142 si\u0119 przez Nie, lecz \u015bwiat Go nie pozna\u0142. Przysz\u0142o do swojej w\u0142asno\u015bci, a swoi Go nie przyj\u0119li. Wszystkim tym jednak, kt\u00f3rzy Je przyj\u0119li, da\u0142o moc, aby si\u0119 stali dzie\u0107mi Bo\u017cymi, tym, kt\u00f3rzy wierz\u0105 w imi\u0119 Jego, kt\u00f3rzy ani z krwi, ani z \u017c\u0105dzy cia\u0142a, ani z woli m\u0119\u017ca, ale z Boga si\u0119 narodzili. S\u0142owo sta\u0142o si\u0119 cia\u0142em i zamieszka\u0142o mi\u0119dzy nami. I ogl\u0105dali\u015bmy Jego chwa\u0142\u0119, chwa\u0142\u0119, jak\u0105 Jednorodzony otrzymuje od Ojca, pe\u0142en \u0142aski i prawdy. Jan daje o Nim \u015bwiadectwo i g\u0142o\u015bno wo\u0142a w s\u0142owach: \u201eTen by\u0142, o kt\u00f3rym powiedzia\u0142em: Ten, kt\u00f3ry po mnie idzie, przewy\u017cszy\u0142 mnie godno\u015bci\u0105, gdy\u017c by\u0142 wcze\u015bniej ode mnie\u201d. Z Jego pe\u0142no\u015bci wszyscy\u015bmy otrzymali \u0142ask\u0119 po \u0142asce. Podczas gdy Prawo zosta\u0142o nadane przez Moj\u017cesza, \u0142aska i prawda przysz\u0142y przez Jezusa Chrystusa. Boga nikt nigdy nie widzia\u0142. Jednorodzony B\u00f3g, kt\u00f3ry jest w \u0142onie Ojca, o Nim pouczy\u0142 (J 1,1-18).<\/span><\/span><\/p>\n<p class=\"western\" align=\"justify\">\u201e<span style=\"font-family: Arial, sans-serif;\"><span style=\"font-size: medium;\">\u015awiat\u0142o\u015b\u0107 w ciemno\u015bci \u015bwieci\u201d\u00a0(J 1,5).<\/span><\/span><\/p>\n<p class=\"western\" align=\"justify\"><span style=\"font-family: Arial, sans-serif;\"><span style=\"font-size: medium;\">Chyba ka\u017cdy z nas wie, jak to jest, kiedy zabraknie \u015bwiat\u0142a, kiedy jest zupe\u0142nie ciemno\u2026\u00a0Mo\u017cna si\u0119 o tym przekona\u0107, gdy zabraknie pr\u0105du albo po prostu w nocy . Nie jest to mi\u0142e do\u015bwiadczenie, zw\u0142aszcza gdy jest si\u0119 samemu. Cz\u0142owiek w ciemno\u015bci czuje si\u0119 mniej pewny, mniej bezpieczny, odruchowo szuka jakiegokolwiek \u017ar\u00f3d\u0142a \u015bwiat\u0142a. To \u015bwiat\u0142o, gdy tylko si\u0119 pojawi, automatycznie daje poczucie bezpiecze\u0144stwa i pewno\u015bci: wiemy, gdzie jeste\u015bmy, co wok\u00f3\u0142 nas si\u0119 dzieje, kogo mamy obok siebie\u2026\u00a0L\u0119k znika albo przynajmniej staje si\u0119 mniejszy.<\/span><\/span><\/p>\n<p class=\"western\" align=\"justify\"><span style=\"font-family: Arial, sans-serif;\"><span style=\"font-size: medium;\">Dzisiejszy fragment Ewangelii m\u00f3wi w\u0142a\u015bnie o \u015bwiat\u0142o\u015bci, o \u015bwietle.\u00a0Jednak nie o takim \u015bwietle, kt\u00f3re pojawia si\u0119 dzi\u0119ki \u017car\u00f3wce czy \u015bwieczce \u2013 m\u00f3wi o \u015bwiat\u0142o\u015bci prawdziwej. Mo\u017ce wi\u0119c istnie\u0107 tak\u017ce \u015bwiat\u0142o\u015b\u0107 nieprawdziwa. <\/span><\/span><\/p>\n<p class=\"western\" align=\"justify\"><span style=\"font-family: Arial, sans-serif;\"><span style=\"font-size: medium;\">Czy to znaczy, \u017ce \u015bwiat\u0142o, kt\u00f3rym o\u015bwietlamy sobie otoczenie, nie jest prawdziwe? Nie o to tu chodzi \u2013 to tylko pewien obraz. Ta \u015bwiat\u0142o\u015b\u0107 prawdziwa to Chrystus, kt\u00f3ry\u00a0\u201eo\u015bwieca ka\u017cdego cz\u0142owieka, gdy na \u015bwiat przychodzi\u201d\u00a0(J 1,9). <\/span><\/span><\/p>\n<p class=\"western\" align=\"justify\"><span style=\"font-family: Arial, sans-serif;\"><span style=\"font-size: medium;\">Jako chrze\u015bcijanie zwykle tu\u017c po narodzinach zostajemy ochrzczeni; otrzymujemy \u017cycie, kt\u00f3re zostaje nape\u0142nione \u015bwiat\u0142o\u015bci\u0105 \u2013 t\u0105 \u015bwiat\u0142o\u015bci\u0105, kt\u00f3rej \u017cadna ciemno\u015b\u0107 nie mo\u017ce pokona\u0107. To \u017cycie wyp\u0142ywa z Chrystusa, dlatego jest pe\u0142ne \u0142aski i prawdy. Dlatego te\u017c wszelkie dobre czyny pe\u0142nione przez nas ze wzgl\u0119du na Chrystusa mog\u0105 stawa\u0107 si\u0119 \u015bwiat\u0142em rozpraszaj\u0105cym mroki z\u0142a, grzechu i nienawi\u015bci, kt\u00f3rych tak wiele jest w \u015bwiecie.<\/span><\/span><\/p>\n<p class=\"western\" align=\"justify\"><span style=\"font-family: Arial, sans-serif;\"><span style=\"font-size: medium;\">Wiemy ju\u017c, czym jest \u015bwiat\u0142o\u015b\u0107 prawdziwa. Czym wi\u0119c mo\u017ce by\u0107 \u015bwiat\u0142o\u015b\u0107 nieprawdziwa?\u00a0Jest ona przeciwie\u0144stwem \u017cycia w \u0142asce i w \u0142\u0105czno\u015bci z Chrystusem, czyli \u017cyciem w grzechu, oddaleniem si\u0119 od Boga i Ko\u015bcio\u0142a.<\/span><\/span><\/p>\n<p class=\"western\" align=\"justify\"><span style=\"font-family: Arial, sans-serif;\"><span style=\"font-size: medium;\">Mo\u017cna j\u0105 por\u00f3wna\u0107 na przyk\u0142ad do wybuchu bomby atomowej. Taka bomba daje chwilowy, o\u015blepiaj\u0105cy rozb\u0142ysk i ogromn\u0105 ilo\u015b\u0107 \u015bwiat\u0142a, ale jednocze\u015bnie niesie ze sob\u0105 \u015bmier\u0107 i zniszczenie. Podobnie bywa z grzechem. Bardzo cz\u0119sto jawi si\u0119 on jako przyjemno\u015b\u0107, co\u015b pozornie dobrego i atrakcyjnego, a czasem nawet jako w\u0142a\u015bciwy wyb\u00f3r \u2013 a w rzeczywisto\u015bci niesie ze sob\u0105 bardzo powa\u017cne konsekwencje i fatalne skutki. Niszczy nasze \u017cycie duchowe, os\u0142abia \u0142\u0105czno\u015b\u0107 z Jezusem \u2013 t\u0105 \u015bwiat\u0142o\u015bci\u0105 prawdziw\u0105 \u2013 a nierzadko tak\u017ce relacje z innymi lud\u017ami\u2026<\/span><\/span><\/p>\n<p class=\"western\" align=\"justify\"><span style=\"font-family: Arial, sans-serif;\"><span style=\"font-size: medium;\">Nie zawsze \u0142atwo jest rozpozna\u0107, co jest dobr\u0105, prawdziw\u0105 \u015bwiat\u0142o\u015bci\u0105, a co fa\u0142szywym, z\u0142udnym \u015bwiat\u0142em.\u00a0Warto jednak czasem zada\u0107 sobie pytanie, czy to, co za chwil\u0119 powiem lub zrobi\u0119, przyniesie dobro mojemu otoczeniu i pomo\u017ce rozproszy\u0107 mroki trudno\u015bci, w\u0105tpliwo\u015bci i l\u0119ku, czy te\u017c b\u0119dzie jak taka bomba atomowa: wprawdzie mo\u017ce da mi du\u017co \u201e\u015bwiat\u0142a\u201d, mo\u017ce b\u0119dzie \u0142adne, ciekawe, a nawet efektowne, ale w rzeczywisto\u015bci przyniesie wiele szk\u00f3d.<\/span><\/span><\/p>\n<p class=\"western\" align=\"justify\"><span style=\"font-family: Arial, sans-serif;\"><span style=\"font-size: medium;\">\u015awiat\u0142o\u015b\u0107, o kt\u00f3rej dzi\u015b s\u0142yszymy, pojawia si\u0119 ju\u017c przy stworzeniu \u015bwiata.\u00a0Gdy czytamy pierwsze s\u0142owa Ewangelii wed\u0142ug \u015bw. Jana, na my\u015bl przychodz\u0105 tak\u017ce pierwsze s\u0142owa Ksi\u0119gi Rodzaju. Tam r\u00f3wnie\u017c jest mowa o pocz\u0105tku i o \u015bwiat\u0142o\u015bci. Pierwszym dzie\u0142em Boga by\u0142a w\u0142a\u015bnie \u015bwiat\u0142o\u015b\u0107.<\/span><\/span><\/p>\n<p class=\"western\" align=\"justify\"><span style=\"font-family: Arial, sans-serif;\"><span style=\"font-size: medium;\">Co wi\u0119cej, B\u00f3g uzna\u0142 j\u0105 za dobr\u0105. Bez niej panowa\u0142yby ciemno\u015b\u0107 i bez\u0142ad. To nie jest przypadek. \u015aw. Jan celowo u\u017cywa takiego obrazu, aby ukaza\u0107, \u017ce Chrystus istnia\u0142 od pocz\u0105tku, a nawet przed stworzeniem \u015bwiata, i \u017ce to dzi\u0119ki Niemu na \u015bwiecie pojawi\u0142a si\u0119 nadzieja dla ludzi \u2013 \u015bwiat\u0142o\u015b\u0107 dobra, kt\u00f3rej \u017cadna ciemno\u015b\u0107 nie jest w stanie pokona\u0107.<\/span><\/span><\/p>\n<p class=\"western\" align=\"justify\"><span style=\"font-family: Arial, sans-serif;\"><span style=\"font-size: medium;\">Skoro mamy tak wielk\u0105 \u015bwiat\u0142o\u015b\u0107, mamy tak\u017ce nadziej\u0119, a nawet pewno\u015b\u0107, \u017ce ostatecznie zatriumfuje dobro, a nie z\u0142o.\u00a0Potrzebna jest jednak nasza wsp\u00f3\u0142praca, bo wci\u0105\u017c jest wiele os\u00f3b, kt\u00f3re nie znaj\u0105 tego \u015bwiat\u0142a, do kt\u00f3rych ono jeszcze nie dotar\u0142o. B\u0105d\u017amy wi\u0119c \u017ar\u00f3d\u0142ami \u015bwiat\u0142a w \u015bwiecie: jak latarka w ciemnym korytarzu, jak p\u0142omyk w ciemnej nocy. W ten spos\u00f3b b\u0119dziemy dawa\u0107 innym nadziej\u0119 i rado\u015b\u0107 po\u015br\u00f3d \u017cyciowych ciemno\u015bci i trudno\u015bci.<\/span><\/span><\/p>\n<p class=\"western\" align=\"justify\"><span style=\"font-family: Arial, sans-serif;\"><span style=\"font-size: medium;\">Jest to mo\u017cliwe tylko wtedy, gdy b\u0119dziemy zbli\u017ca\u0107 si\u0119 do Jezusa, kt\u00f3ry przychodzi do nas poprzez s\u0142uchanie i czytanie s\u0142owa Bo\u017cego oraz przez przyjmowanie sakrament\u00f3w, zw\u0142aszcza Komunii \u015awi\u0119tej. W\u00f3wczas Jezus prawdziwie w nas mieszka, a my \u015bwiecimy Jego \u015bwiat\u0142em.<\/span><\/span><\/p>\n<p class=\"western\" align=\"justify\"><span style=\"font-family: Arial, sans-serif;\"><span style=\"font-size: medium;\">Niech przyk\u0142adem b\u0119dzie dla nas \u015bw. Jan Chrzciciel, kt\u00f3ry dawa\u0142 \u015bwiadectwo o tej \u015bwiat\u0142o\u015bci \u2013 o Chrystusie \u2013 i dzi\u0119ki kt\u00f3remu wiele os\u00f3b Go pozna\u0142o.\u00a0Nie b\u00f3jmy si\u0119 \u015bwiadczy\u0107 o swojej wierze i b\u0105d\u017amy dla \u015bwiata \u017ar\u00f3d\u0142em \u015bwiat\u0142a i nadziei. Czy chcemy by\u0107 po tej dobrej, jasnej stronie \u2013 jako \u017ar\u00f3d\u0142a chrze\u015bcija\u0144skiej rado\u015bci i nadziei \u2013 czy po stronie z\u0142ej i ciemnej, pe\u0142nej niepewno\u015bci i l\u0119ku? Wyb\u00f3r ostatecznie nale\u017cy do ka\u017cdego z nas.\u00a0Pro\u015bmy codziennie Chrystusa, aby kierowa\u0142 naszym \u017cyciem i nie pozwoli\u0142 nam zaton\u0105\u0107 w ciemno\u015bciach grzechu.\u00a0<\/span><\/span><\/p>\n","protected":false},"excerpt":{"rendered":"<p>\u00a0Na pocz\u0105tku by\u0142o S\u0142owo, a S\u0142owo by\u0142o u Boga i Bogiem by\u0142o S\u0142owo. Ono by\u0142o na pocz\u0105tku u Boga. Wszystko przez Nie si\u0119 sta\u0142o, a bez Niego nic si\u0119 nie sta\u0142o, co si\u0119 sta\u0142o. W Nim by\u0142o \u017cycie, a \u017cycie by\u0142o \u015bwiat\u0142o\u015bci\u0105 ludzi, a \u015bwiat\u0142o\u015b\u0107 w ciemno\u015bci \u015bwieci i ciemno\u015b\u0107 jej nie ogarn\u0119\u0142a. Pojawi\u0142 si\u0119 cz\u0142owiek pos\u0142any przez Boga, Jan mu by\u0142o na imi\u0119. Przyszed\u0142 on na \u015bwiadectwo, aby za\u015bwiadczy\u0107 o \u015awiat\u0142o\u015bci, by wszyscy uwierzyli przez niego. Nie by\u0142 on \u015bwiat\u0142o\u015bci\u0105, lecz pos\u0142anym, aby za\u015bwiadczy\u0107 o \u015awiat\u0142o\u015bci. By\u0142a \u015awiat\u0142o\u015b\u0107 prawdziwa, kt\u00f3ra o\u015bwieca ka\u017cdego cz\u0142owieka, gdy na \u015bwiat przychodzi. Na \u015bwiecie by\u0142o S\u0142owo, a \u015bwiat sta\u0142 si\u0119 przez Nie, lecz \u015bwiat Go nie pozna\u0142. Przysz\u0142o do swojej w\u0142asno\u015bci, a swoi Go nie przyj\u0119li. Wszystkim tym jednak, kt\u00f3rzy Je przyj\u0119li, da\u0142o moc, aby si\u0119 stali dzie\u0107mi Bo\u017cymi, tym, kt\u00f3rzy wierz\u0105 w imi\u0119 Jego, kt\u00f3rzy ani z krwi, ani z \u017c\u0105dzy cia\u0142a, ani&hellip;<\/p>\n<p> <a class=\"more-link\" href=\"http:\/\/www.franciszek-walcz.pl\/?p=29497\">Czytaj dalej<\/a><\/p>\n","protected":false},"author":1,"featured_media":0,"comment_status":"closed","ping_status":"closed","sticky":false,"template":"","format":"standard","meta":{"footnotes":""},"categories":[5],"tags":[],"class_list":{"0":"post-29497","1":"post","2":"type-post","3":"status-publish","4":"format-standard","6":"category-artykuly"},"brizy_media":[],"_links":{"self":[{"href":"http:\/\/www.franciszek-walcz.pl\/index.php?rest_route=\/wp\/v2\/posts\/29497","targetHints":{"allow":["GET"]}}],"collection":[{"href":"http:\/\/www.franciszek-walcz.pl\/index.php?rest_route=\/wp\/v2\/posts"}],"about":[{"href":"http:\/\/www.franciszek-walcz.pl\/index.php?rest_route=\/wp\/v2\/types\/post"}],"author":[{"embeddable":true,"href":"http:\/\/www.franciszek-walcz.pl\/index.php?rest_route=\/wp\/v2\/users\/1"}],"replies":[{"embeddable":true,"href":"http:\/\/www.franciszek-walcz.pl\/index.php?rest_route=%2Fwp%2Fv2%2Fcomments&post=29497"}],"version-history":[{"count":1,"href":"http:\/\/www.franciszek-walcz.pl\/index.php?rest_route=\/wp\/v2\/posts\/29497\/revisions"}],"predecessor-version":[{"id":29498,"href":"http:\/\/www.franciszek-walcz.pl\/index.php?rest_route=\/wp\/v2\/posts\/29497\/revisions\/29498"}],"wp:attachment":[{"href":"http:\/\/www.franciszek-walcz.pl\/index.php?rest_route=%2Fwp%2Fv2%2Fmedia&parent=29497"}],"wp:term":[{"taxonomy":"category","embeddable":true,"href":"http:\/\/www.franciszek-walcz.pl\/index.php?rest_route=%2Fwp%2Fv2%2Fcategories&post=29497"},{"taxonomy":"post_tag","embeddable":true,"href":"http:\/\/www.franciszek-walcz.pl\/index.php?rest_route=%2Fwp%2Fv2%2Ftags&post=29497"}],"curies":[{"name":"wp","href":"https:\/\/api.w.org\/{rel}","templated":true}]}}