{"id":29514,"date":"2026-01-10T11:10:53","date_gmt":"2026-01-10T10:10:53","guid":{"rendered":"http:\/\/www.franciszek-walcz.pl\/?p=29514"},"modified":"2026-01-10T11:10:53","modified_gmt":"2026-01-10T10:10:53","slug":"chrzest-pana-jezusa-2","status":"publish","type":"post","link":"http:\/\/www.franciszek-walcz.pl\/?p=29514","title":{"rendered":"Chrzest Pana Jezusa"},"content":{"rendered":"<p class=\"western\" align=\"justify\"><span style=\"font-family: Arial, sans-serif;\"><span style=\"font-size: medium;\">Tekst Ewangelii (Mt\u00a03,13-17):\u00a0Wtedy przyszed\u0142 Jezus z Galilei nad Jordan do Jana, \u017ceby przyj\u0105\u0107 chrzest od niego. Lecz Jan powstrzymywa\u0142 Go, m\u00f3wi\u0105c: \u00abTo ja potrzebuj\u0119 chrztu od Ciebie, a Ty przychodzisz do mnie?\u00bb Jezus mu odpowiedzia\u0142: \u00abPozw\u00f3l teraz, bo tak godzi si\u0119 nam wype\u0142ni\u0107 wszystko, co sprawiedliwe5\u00bb. Wtedy Mu ust\u0105pi\u0142. A gdy Jezus zosta\u0142 ochrzczony, natychmiast6 wyszed\u0142 z wody. A oto otworzy\u0142y Mu si\u0119 niebiosa i ujrza\u0142 Ducha Bo\u017cego zst\u0119puj\u0105cego jak go\u0142\u0119bic\u0119 i przychodz\u0105cego na Niego. A g\u0142os z nieba m\u00f3wi\u0142: \u00abTen jest m\u00f3j Syn umi\u0142owany, w kt\u00f3rym mam upodobanie\u00bb.<\/span><\/span><\/p>\n<p class=\"western\" align=\"justify\"><strong><span style=\"font-family: Arial, sans-serif;\"><span style=\"font-size: medium;\">Talent i powo\u0142anie<\/span><\/span><\/strong><\/p>\n<p class=\"western\" align=\"justify\"><span style=\"font-family: Arial, sans-serif;\"><span style=\"font-size: medium;\">Co roku w niedziel\u0119 po Objawieniu Pa\u0144skim (Trzech Kr\u00f3li) obchodzimy \u015awi\u0119to Chrztu Chrystusa. Niedziela ta otwiera w liturgii roku ko\u015bcielnego ci\u0105gu niedziel, kt\u00f3re nosz\u0105 nazw\u0119 \u201eniedziel w ci\u0105gu roku\u201d. Mo\u017cemy powiedzie\u0107, \u017ce wracamy jakby do codziennego \u017cycia po po\u015bwi\u0105tecznych uniesieniach okresu Bo\u017cego Narodzenia.<\/span><\/span><\/p>\n<p class=\"western\" align=\"justify\"><span style=\"font-family: Arial, sans-serif;\"><span style=\"font-size: medium;\">Dzisiejsza Ewangelia prowadzi nas nad Jordan, gdzie Jan udziela chrztu Jezusowi. O Janie Chrzcicielu s\u0142yszeli\u015bmy w drug\u0105 niedziel\u0119 adwentu. Wtedy to Ewangelista Mateusz powiedzia\u0142 nam, \u017ce do Jana ci\u0105gn\u0119\u0142a ca\u0142a Jerozolima z Jude\u0105 i okolic\u0105 nad jorda\u0144sk\u0105. Jan wtedy te\u017c ostro upomina\u0142 faryzeusz\u00f3w i saduceusz\u00f3w, \u017c\u0105daj\u0105c od nich szczerego nawr\u00f3cenia. Jak zapowiedzia\u0142 te\u017c wtedy, \u017ce po nim przyjdzie Mocniejszy, kt\u00f3ry nie b\u0119dzie chrzci\u0142 wod\u0105, ale Duchem \u015awi\u0119tym \u2013 ogniem Ducha \u015awi\u0119tego. S\u0142yszeli\u015bmy te\u017c, \u017ce Jezus nazwa\u0142 Jana wys\u0142a\u0144cem, kt\u00f3ry przygotowa\u0142 mu drog\u0119 i najwi\u0119kszym cz\u0142owiekiem Starego Przymierza.<\/span><\/span><\/p>\n<p class=\"western\" align=\"justify\"><span style=\"font-family: Arial, sans-serif;\"><span style=\"font-size: medium;\">Dzi\u015b Jan Chrzciciel stoi przed nami w najwa\u017cniejszym bodaj momencie swojego pos\u0142annictwa. Przygotowa\u0142 lud na przyj\u0119cie Jezusa, a teraz sam Jezus przychodzi do niego i domaga si\u0119 od niego chrztu. Widzimy pewien proces pos\u0142annictwa Jana, kt\u00f3ry znalaz\u0142 swoje miejsce na ziemi i konsekwentnie realizuje plan Boga. Jan odkry\u0142 swoje powo\u0142anie na ziemi\u2026<\/span><\/span><\/p>\n<p class=\"western\" align=\"justify\"><span style=\"font-family: Arial, sans-serif;\"><span style=\"font-size: medium;\">Cz\u0119sto i my r\u00f3wnie\u017c szukamy wci\u0105\u017c tego, co chcemy robi\u0107 w naszym \u017cyciu, naszego powo\u0142ania, kt\u00f3ra wykorzystuje nasze zdolno\u015bci, predyspozycje, talenty, kt\u00f3re ci\u0119\u017cko szuka si\u0119 w worku swoich faktycznych umiej\u0119tno\u015bci, ale te\u017c i marze\u0144, kt\u00f3re cho\u0107 powoli, i mo\u017ce tylko w cz\u0119\u015bci, ale si\u0119 realizuj\u0105. Trzeba te\u017c jednak pewnego realizmu we wpatrywaniu si\u0119 w samego siebie. <\/span><\/span><\/p>\n<p class=\"western\" align=\"justify\"><span style=\"font-family: Arial, sans-serif;\"><span style=\"font-size: medium;\">Pewien pan chcia\u0142 si\u0119 nauczy\u0107 gra\u0107 na jakim\u015b instrumencie muzycznym. Odkry\u0142 w sobie talent muzyczny\u2026 Nie wiedzia\u0142 jednak na jakim instrumencie ma gra\u0107. Postanowi\u0142 w ko\u0144cu, \u017ce p\u00f3jdzie do sklepu muzycznego i tam co\u015b sobie wybierze, bo tam b\u0119dzie mia\u0142 wi\u0119kszy wyb\u00f3r. Jak postanowi\u0142, tak te\u017c i uczyni\u0142. Po chwili namys\u0142u powiedzia\u0142 do sprzedawcy: \u2013 Prosz\u0119 pana, poprosz\u0119 t\u0119 czerwon\u0105 tr\u0105bk\u0119 i\u2026 ten akordeon. Wtedy sprzedawca na niego popatrzy\u0142 i powiedzia\u0142: \u2013 Prosz\u0119 pana, ga\u015bnic\u0119 to ja jeszcze mog\u0119 panu sprzeda\u0107, ale kaloryfer musi zosta\u0107 na swoim miejscu\u2026<\/span><\/span><\/p>\n<p class=\"western\" align=\"justify\"><span style=\"font-family: Arial, sans-serif;\"><span style=\"font-size: medium;\">Jest tak\u017ce jeszcze inne opowiadanie. Pewnego dnia telewizja urz\u0105dzi\u0142a wielkie show. Zgromadzono wielkie t\u0142umy ludzi nad basenem w kt\u00f3rym p\u0142ywa\u0142y 3 rekiny. Prowadz\u0105ca show pani zaproponowa\u0142a: \u2013 Milion dolar\u00f3w dla \u015bmia\u0142ka, kt\u00f3ry przep\u0142ynie przez ten basen pe\u0142en rekin\u00f3w. Ale nikt si\u0119 nie odwa\u017cy\u0142. W\u015br\u00f3d publiczno\u015bci zawrza\u0142o, kto b\u0119dzie a\u017c tak g\u0142upi, aby zaryzykowa\u0107 w\u0142asnym \u017cyciem. Przecie\u017c to pewna \u015bmier\u0107. Prowadz\u0105ca zatem wysz\u0142a po raz drugi i m\u00f3wi: \u2013 Podwajam stawk\u0119. Prosz\u0119 pa\u0144stwa teraz ju\u017c jest dwa mln. dolar\u00f3w dla \u015bmia\u0142ka, kt\u00f3ry \u00a0przep\u0142ynie przez basen pe\u0142en rekin\u00f3w. I znowu \u017cadnej reakcji ze strony publiczno\u015bci. Prowadz\u0105ca program troch\u0119 ju\u017c zniech\u0119cona, tak od niechcenia powiedzia\u0142a: \u2013 No dobrze, trzy mln. dolar\u00f3w dla \u015bmia\u0142ka, kt\u00f3ry przep\u0142ynie przez basen\u2026 I zanim sko\u0144czy\u0142a to m\u00f3wi\u0107, nagle by\u0142o s\u0142ycha\u0107 plusk i kto\u015b bardzo szybko zacz\u0105\u0142 p\u0142yn\u0105\u0107 przez ten basen.<\/span><\/span><\/p>\n<p class=\"western\" align=\"justify\"><span style=\"font-family: Arial, sans-serif;\"><span style=\"font-size: medium;\">Wychodzi ten cz\u0142owiek z wody, b\u0142ysk fleszy, wywiady, reporterzy\u2026 I w ko\u0144cu, kto\u015b z nich zapyta\u0142: \u2013 Prosz\u0119 pana, jak pan to zrobi\u0142? Ten cz\u0142owiek, jeszcze troch\u0119 oszo\u0142omiony tym, co si\u0119 sta\u0142o, odpowiedzia\u0142: \u2013 Nie wiem\u2026 Kto\u015b mnie tam wepchn\u0105\u0142\u2026<\/span><\/span><\/p>\n<p class=\"western\" align=\"justify\"><span style=\"font-family: Arial, sans-serif;\"><span style=\"font-size: medium;\">Tak jest w naszym \u017cyciu, \u017ce cz\u0119sto wmawiamy sobie, \u017ce to co chcemy robi\u0107 da nam szcz\u0119\u015bcie i zrealizujemy swoje powo\u0142anie, taj jak ten pan z tr\u0105bk\u0105 i akordeonem. Cz\u0119sto jednak jest i tak, \u017ce poznajemy siebie i dowiadujemy si\u0119 o samym sobie i swoich mo\u017cliwo\u015bciach i talentach w sytuacjach ekstremalnych, tak jak ten cz\u0142owiek w\u015br\u00f3d tych rekin\u00f3w.<\/span><\/span><\/p>\n<p class=\"western\" align=\"justify\"><span style=\"font-family: Arial, sans-serif;\"><span style=\"font-size: medium;\">Jan odnalaz\u0142 swoj\u0105 drog\u0119 i doskonale j\u0105 realizowa\u0142, ale nie sam. By\u0142 Kto\u015b za Kim poszed\u0142, Kogo na\u015bladowa\u0142, przy Kim by\u0142\u2026<\/span><\/span><\/p>\n<p class=\"western\" align=\"justify\"><span style=\"font-family: Arial, sans-serif;\"><span style=\"font-size: medium;\">Wielu z nas chcia\u0142oby na\u015bladowa\u0107 Jezusa. By\u0107 dobrymi, ale w codzienno\u015bci tak szybko wyczerpuj\u0105 nam si\u0119 nasze wewn\u0119trzne si\u0142y, jak cz\u0119sto m\u00f3wimy: akumulatory. Cz\u0119sto talenty, idea\u0142y i mocne postanowienia realizowane s\u0105 po trupach, aby tylko do celu. To nie dobrze, bo wtedy zamiast satysfakcji i zadowolenia, czy ubogacenia, pojawia si\u0119 gorycz \u017cycia, kt\u00f3re mamy wra\u017cenie, \u017ce przelatuje nam mi\u0119dzy palcami\u2026<\/span><\/span><\/p>\n<p class=\"western\" align=\"justify\"><span style=\"font-family: Arial, sans-serif;\"><span style=\"font-size: medium;\">To jest co\u015b z do\u015bwiadczenia, kt\u00f3re prze\u017cy\u0142 pewien m\u0105dry mistyk ze \u015brodkowego wschodu. Pisa\u0142 on tak: \u2013 Za m\u0142odu by\u0142em rewolucjonist\u0105 i modli\u0142em si\u0119 tak: \u2013 Panie daj mi si\u0142y, abym zmieni\u0142 \u015bwiat. Kiedy by\u0142em m\u0119\u017cczyzn\u0105 w \u015brednim wieku, zda\u0142em sobie spraw\u0119, \u017ce nie zmieni\u0142em ani jednej duszy.<\/span><\/span><\/p>\n<p class=\"western\" align=\"justify\"><span style=\"font-family: Arial, sans-serif;\"><span style=\"font-size: medium;\">Wtedy zmieni\u0142em moj\u0105 modlitw\u0119: \u2013 Panie spraw, abym zmieni\u0142 tych wszystkich, z kt\u00f3rymi jestem na co dzie\u0144, a wtedy b\u0119d\u0119 usatysfakcjonowany.<\/span><\/span><\/p>\n<p class=\"western\" align=\"justify\"><span style=\"font-family: Arial, sans-serif;\"><span style=\"font-size: medium;\">Teraz jestem starym cz\u0142owiekiem. Jedna z moich modlitw brzmi obecnie tak: \u2013 Panie, daj mi \u0142ask\u0119, bym sam si\u0119 zmieni\u0142. Gdybym prosi\u0142 o to od samego pocz\u0105tku, nie zmarnowa\u0142bym swojego \u017cycia\u2026<\/span><\/span><\/p>\n<p class=\"western\" align=\"justify\"><span style=\"font-family: Arial, sans-serif;\"><span style=\"font-size: medium;\">Droga szcz\u0119\u015bcia to nie posiadanie doskona\u0142o\u015bci i cn\u00f3t, ale przede wszystkim bycie z Kim\u015b: z Bogiem i drugim cz\u0142owiekiem. Tego do\u015bwiadczy\u0142 \u015bw. Jan Chrzciciel i o to samo do\u015bwiadczenie m\u00f3dlmy si\u0119 dla nas ka\u017cdego dnia.<\/span><\/span><\/p>\n","protected":false},"excerpt":{"rendered":"<p>Tekst Ewangelii (Mt\u00a03,13-17):\u00a0Wtedy przyszed\u0142 Jezus z Galilei nad Jordan do Jana, \u017ceby przyj\u0105\u0107 chrzest od niego. Lecz Jan powstrzymywa\u0142 Go, m\u00f3wi\u0105c: \u00abTo ja potrzebuj\u0119 chrztu od Ciebie, a Ty przychodzisz do mnie?\u00bb Jezus mu odpowiedzia\u0142: \u00abPozw\u00f3l teraz, bo tak godzi si\u0119 nam wype\u0142ni\u0107 wszystko, co sprawiedliwe5\u00bb. Wtedy Mu ust\u0105pi\u0142. A gdy Jezus zosta\u0142 ochrzczony, natychmiast6 wyszed\u0142 z wody. A oto otworzy\u0142y Mu si\u0119 niebiosa i ujrza\u0142 Ducha Bo\u017cego zst\u0119puj\u0105cego jak go\u0142\u0119bic\u0119 i przychodz\u0105cego na Niego. A g\u0142os z nieba m\u00f3wi\u0142: \u00abTen jest m\u00f3j Syn umi\u0142owany, w kt\u00f3rym mam upodobanie\u00bb. Talent i powo\u0142anie Co roku w niedziel\u0119 po Objawieniu Pa\u0144skim (Trzech Kr\u00f3li) obchodzimy \u015awi\u0119to Chrztu Chrystusa. Niedziela ta otwiera w liturgii roku ko\u015bcielnego ci\u0105gu niedziel, kt\u00f3re nosz\u0105 nazw\u0119 \u201eniedziel w ci\u0105gu roku\u201d. Mo\u017cemy powiedzie\u0107, \u017ce wracamy jakby do codziennego \u017cycia po po\u015bwi\u0105tecznych uniesieniach okresu Bo\u017cego Narodzenia. Dzisiejsza Ewangelia prowadzi nas nad Jordan, gdzie Jan udziela chrztu Jezusowi. O Janie Chrzcicielu s\u0142yszeli\u015bmy&hellip;<\/p>\n<p> <a class=\"more-link\" href=\"http:\/\/www.franciszek-walcz.pl\/?p=29514\">Czytaj dalej<\/a><\/p>\n","protected":false},"author":1,"featured_media":0,"comment_status":"closed","ping_status":"closed","sticky":false,"template":"","format":"standard","meta":{"footnotes":""},"categories":[5],"tags":[],"class_list":{"0":"post-29514","1":"post","2":"type-post","3":"status-publish","4":"format-standard","6":"category-artykuly"},"brizy_media":[],"_links":{"self":[{"href":"http:\/\/www.franciszek-walcz.pl\/index.php?rest_route=\/wp\/v2\/posts\/29514","targetHints":{"allow":["GET"]}}],"collection":[{"href":"http:\/\/www.franciszek-walcz.pl\/index.php?rest_route=\/wp\/v2\/posts"}],"about":[{"href":"http:\/\/www.franciszek-walcz.pl\/index.php?rest_route=\/wp\/v2\/types\/post"}],"author":[{"embeddable":true,"href":"http:\/\/www.franciszek-walcz.pl\/index.php?rest_route=\/wp\/v2\/users\/1"}],"replies":[{"embeddable":true,"href":"http:\/\/www.franciszek-walcz.pl\/index.php?rest_route=%2Fwp%2Fv2%2Fcomments&post=29514"}],"version-history":[{"count":1,"href":"http:\/\/www.franciszek-walcz.pl\/index.php?rest_route=\/wp\/v2\/posts\/29514\/revisions"}],"predecessor-version":[{"id":29515,"href":"http:\/\/www.franciszek-walcz.pl\/index.php?rest_route=\/wp\/v2\/posts\/29514\/revisions\/29515"}],"wp:attachment":[{"href":"http:\/\/www.franciszek-walcz.pl\/index.php?rest_route=%2Fwp%2Fv2%2Fmedia&parent=29514"}],"wp:term":[{"taxonomy":"category","embeddable":true,"href":"http:\/\/www.franciszek-walcz.pl\/index.php?rest_route=%2Fwp%2Fv2%2Fcategories&post=29514"},{"taxonomy":"post_tag","embeddable":true,"href":"http:\/\/www.franciszek-walcz.pl\/index.php?rest_route=%2Fwp%2Fv2%2Ftags&post=29514"}],"curies":[{"name":"wp","href":"https:\/\/api.w.org\/{rel}","templated":true}]}}