{"id":29548,"date":"2026-01-17T18:26:52","date_gmt":"2026-01-17T17:26:52","guid":{"rendered":"http:\/\/www.franciszek-walcz.pl\/?p=29548"},"modified":"2026-01-17T18:26:52","modified_gmt":"2026-01-17T17:26:52","slug":"ii-niedziela-okresu-zwyklego-3","status":"publish","type":"post","link":"http:\/\/www.franciszek-walcz.pl\/?p=29548","title":{"rendered":"II Niedziela okresu zwyk\u0142ego"},"content":{"rendered":"<p class=\"western\" align=\"justify\"><span style=\"font-family: Arial, sans-serif;\"><span style=\"font-size: medium;\">Tekst Ewangelii (J\u00a01,29-34):\u00a0Nazajutrz zobaczy\u0142 Jezusa, nadchodz\u0105cego ku niemu, i rzek\u0142: \u00abOto Baranek Bo\u017cy, kt\u00f3ry g\u0142adzi grzech \u015bwiata. To jest Ten, o kt\u00f3rym powiedzia\u0142em: Po mnie przyjdzie M\u0105\u017c, kt\u00f3ry mnie przewy\u017cszy\u0142 godno\u015bci\u0105, gdy\u017c by\u0142 wcze\u015bniej ode mnie. Ja Go przedtem nie zna\u0142em, ale przyszed\u0142em chrzci\u0107 wod\u0105 w tym celu, aby On si\u0119 objawi\u0142 Izraelowi\u00bb.<\/p>\n<p>Jan da\u0142 takie \u015bwiadectwo: \u00abUjrza\u0142em Ducha, kt\u00f3ry jak go\u0142\u0119bica zst\u0119powa\u0142 z nieba i spocz\u0105\u0142 na Nim. Ja Go przedtem nie zna\u0142em, ale Ten, kt\u00f3ry mnie pos\u0142a\u0142, abym chrzci\u0142 wod\u0105, powiedzia\u0142 do mnie: &#8222;Ten, nad kt\u00f3rym ujrzysz Ducha zst\u0119puj\u0105cego i spoczywaj\u0105cego nad Nim, jest Tym, kt\u00f3ry chrzci Duchem \u015awi\u0119tym&#8221;. Ja to ujrza\u0142em i daj\u0119 \u015bwiadectwo, \u017ce On jest Synem Bo\u017cym\u00bb.<\/span><\/span><\/p>\n<p class=\"western\" align=\"justify\"><strong><span style=\"font-family: Arial, sans-serif;\"><span style=\"font-size: medium;\">\u00abOto Baranek Bo\u017cy, kt\u00f3ry g\u0142adzi grzech \u015bwiata\u00bb<\/span><\/span><\/strong><\/p>\n<p class=\"western\" align=\"justify\"><span style=\"font-family: Arial, sans-serif;\"><span style=\"font-size: medium;\">Dzisiaj us\u0142yszeli\u015bmy \u015bw. Jana, kt\u00f3ry widz\u0105c Jezusa, m\u00f3wi: \u00ab Oto Baranek Bo\u017cy, kt\u00f3ry g\u0142adzi grzech \u015bwiata\u00bb (J 1,29). Co musieli pomy\u015ble\u0107 owi ludzie? Co my z tego rozumiemy? Podczas celebracji Eucharystycznej wszyscy modlimy si\u0119: \u00abBaranku Bo\u017cy, kt\u00f3ry g\u0142adzisz grzechy \u015bwiata, zmi\u0142uj si\u0119 nad nami \/ obdarz nas pokojem\u00bb. A kap\u0142an zaprasza wiernych do komunii m\u00f3wi\u0105c: \u00abOto Baranek Bo\u017cy, kt\u00f3ry g\u0142adzi grzechy \u015bwiata\u2026\u00bb.<\/p>\n<p>Bez w\u0105tpienia, gdy Jan m\u00f3wi\u0142 \u00aboto Baranek Bo\u017cy\u00bb wszyscy rozumieli to co chcia\u0142 wyrazi\u0107, \u017ce \u201ebaranek\u201d jest metafor\u0105 o charakterze mesjanistycznym, kt\u00f3r\u0105 u\u017cywali prorocy, przede wszystkim Izajasz, i \u017ce by\u0142a ona rozpoznawalna przez wszystkich pobo\u017cnych \u017cyd\u00f3w.<\/p>\n<p>Z drugiej strony, baranek (lub jagni\u0119) jest zwierz\u0119ciem, kt\u00f3re \u017cydzi po\u015bwi\u0119cali dla przypomnienia Paschy, wyzwolenia z niewoli egipskiej. Kolacja paschalna zawiera w sobie element jedzenia baranka.<\/p>\n<p>Dodatkowo Aposto\u0142owie i Ojcowie Ko\u015bcio\u0142a m\u00f3wi\u0105, i\u017c baranek jest symbolem czysto\u015bci, prostoty, dobroci, cicho\u015bci, niewinno\u015bci, &#8230;a Chrystus jest Czysto\u015bci\u0105, Prostot\u0105, Dobroci\u0105, Niewinno\u015bci\u0105. \u015aw. Piotr powie: \u00abzostali\u015bcie wykupieni (\u2026) drogocenn\u0105 krwi\u0105 Chrystusa, jako baranka niepokalanego i bez zmazy\u00bb (1P 1,18n). A \u015bw. Jan w Apokalipsie, u\u017cywa a\u017c trzydzie\u015bci razy termin \u201ebaranek\u201d okre\u015blaj\u0105c w ten spos\u00f3b Jezusa Chrystusa.<\/p>\n<p>Chrystus jest barankiem, kt\u00f3ry g\u0142adzi grzech \u015bwiata, kt\u00f3ry zosta\u0142 po\u015bwi\u0119cony aby da\u0107 nam \u0142ask\u0119. Walczmy by wci\u0105\u017c \u017cy\u0107 w tej \u0142asce, walczmy przeciw grzechowi, znienawid\u017amy go. Pi\u0119kno duszy \u017cyj\u0105cej w \u0142asce jest tak ogromne, \u017ce nie da si\u0119 por\u00f3wna\u0107 z \u017cadnym skarbem. Czyni nas wdzi\u0119cznymi Bogu i godnymi by by\u0107 kochanym. Dlatego, w mszalnym \u201eGloria\u201d m\u00f3wi si\u0119 o pokoju w\u0142a\u015bciwym dla ludzi, w kt\u00f3rych On ma upodobanie, kt\u00f3rzy \u017cyj\u0105 w \u0142asce.<\/p>\n<p>\u015aw. Jan Pawe\u0142 II, przynaglaj\u0105c nas do \u017cycia w \u0142asce, kt\u00f3r\u0105 Baranek nam wys\u0142u\u017cy\u0142, m\u00f3wi: \u00abZdob\u0105d\u017amy si\u0119 na \u017cycie w \u0142asce. Jezus narodzi\u0142 si\u0119 w Betlejem w\u0142a\u015bnie na to (\u2026) \u017by\u0107 w \u0142asce to najwy\u017csza godno\u015b\u0107, to niepomierna rado\u015b\u0107, gwarancja pokoju, najwznio\u015blejszy idea\u0142\u00bb.<\/span><\/span><\/p>\n","protected":false},"excerpt":{"rendered":"<p>Tekst Ewangelii (J\u00a01,29-34):\u00a0Nazajutrz zobaczy\u0142 Jezusa, nadchodz\u0105cego ku niemu, i rzek\u0142: \u00abOto Baranek Bo\u017cy, kt\u00f3ry g\u0142adzi grzech \u015bwiata. To jest Ten, o kt\u00f3rym powiedzia\u0142em: Po mnie przyjdzie M\u0105\u017c, kt\u00f3ry mnie przewy\u017cszy\u0142 godno\u015bci\u0105, gdy\u017c by\u0142 wcze\u015bniej ode mnie. Ja Go przedtem nie zna\u0142em, ale przyszed\u0142em chrzci\u0107 wod\u0105 w tym celu, aby On si\u0119 objawi\u0142 Izraelowi\u00bb. Jan da\u0142 takie \u015bwiadectwo: \u00abUjrza\u0142em Ducha, kt\u00f3ry jak go\u0142\u0119bica zst\u0119powa\u0142 z nieba i spocz\u0105\u0142 na Nim. Ja Go przedtem nie zna\u0142em, ale Ten, kt\u00f3ry mnie pos\u0142a\u0142, abym chrzci\u0142 wod\u0105, powiedzia\u0142 do mnie: &#8222;Ten, nad kt\u00f3rym ujrzysz Ducha zst\u0119puj\u0105cego i spoczywaj\u0105cego nad Nim, jest Tym, kt\u00f3ry chrzci Duchem \u015awi\u0119tym&#8221;. Ja to ujrza\u0142em i daj\u0119 \u015bwiadectwo, \u017ce On jest Synem Bo\u017cym\u00bb. \u00abOto Baranek Bo\u017cy, kt\u00f3ry g\u0142adzi grzech \u015bwiata\u00bb Dzisiaj us\u0142yszeli\u015bmy \u015bw. Jana, kt\u00f3ry widz\u0105c Jezusa, m\u00f3wi: \u00ab Oto Baranek Bo\u017cy, kt\u00f3ry g\u0142adzi grzech \u015bwiata\u00bb (J 1,29). Co musieli pomy\u015ble\u0107 owi ludzie? Co my z tego rozumiemy? Podczas celebracji Eucharystycznej&hellip;<\/p>\n<p> <a class=\"more-link\" href=\"http:\/\/www.franciszek-walcz.pl\/?p=29548\">Czytaj dalej<\/a><\/p>\n","protected":false},"author":1,"featured_media":0,"comment_status":"closed","ping_status":"closed","sticky":false,"template":"","format":"standard","meta":{"footnotes":""},"categories":[5],"tags":[],"class_list":{"0":"post-29548","1":"post","2":"type-post","3":"status-publish","4":"format-standard","6":"category-artykuly"},"brizy_media":[],"_links":{"self":[{"href":"http:\/\/www.franciszek-walcz.pl\/index.php?rest_route=\/wp\/v2\/posts\/29548","targetHints":{"allow":["GET"]}}],"collection":[{"href":"http:\/\/www.franciszek-walcz.pl\/index.php?rest_route=\/wp\/v2\/posts"}],"about":[{"href":"http:\/\/www.franciszek-walcz.pl\/index.php?rest_route=\/wp\/v2\/types\/post"}],"author":[{"embeddable":true,"href":"http:\/\/www.franciszek-walcz.pl\/index.php?rest_route=\/wp\/v2\/users\/1"}],"replies":[{"embeddable":true,"href":"http:\/\/www.franciszek-walcz.pl\/index.php?rest_route=%2Fwp%2Fv2%2Fcomments&post=29548"}],"version-history":[{"count":1,"href":"http:\/\/www.franciszek-walcz.pl\/index.php?rest_route=\/wp\/v2\/posts\/29548\/revisions"}],"predecessor-version":[{"id":29549,"href":"http:\/\/www.franciszek-walcz.pl\/index.php?rest_route=\/wp\/v2\/posts\/29548\/revisions\/29549"}],"wp:attachment":[{"href":"http:\/\/www.franciszek-walcz.pl\/index.php?rest_route=%2Fwp%2Fv2%2Fmedia&parent=29548"}],"wp:term":[{"taxonomy":"category","embeddable":true,"href":"http:\/\/www.franciszek-walcz.pl\/index.php?rest_route=%2Fwp%2Fv2%2Fcategories&post=29548"},{"taxonomy":"post_tag","embeddable":true,"href":"http:\/\/www.franciszek-walcz.pl\/index.php?rest_route=%2Fwp%2Fv2%2Ftags&post=29548"}],"curies":[{"name":"wp","href":"https:\/\/api.w.org\/{rel}","templated":true}]}}