{"id":29562,"date":"2026-01-31T10:53:58","date_gmt":"2026-01-31T09:53:58","guid":{"rendered":"http:\/\/www.franciszek-walcz.pl\/?p=29562"},"modified":"2026-01-31T10:53:58","modified_gmt":"2026-01-31T09:53:58","slug":"iv-niedziela-okresu-zwyklego-2","status":"publish","type":"post","link":"http:\/\/www.franciszek-walcz.pl\/?p=29562","title":{"rendered":"IV Niedziela okresu zwyk\u0142ego"},"content":{"rendered":"<p class=\"western\" align=\"justify\"><span style=\"font-family: Arial, sans-serif;\"><span style=\"font-size: medium;\">Tekst Ewangelii (Mt\u00a05,1-12):\u00a0Jezus, widz\u0105c t\u0142umy, wyszed\u0142 na g\u00f3r\u0119. A gdy usiad\u0142, przyst\u0105pili do Niego Jego uczniowie. Wtedy otworzy\u0142 swoje usta i naucza\u0142 ich tymi s\u0142owami: \u00abB\u0142ogos\u0142awieni ubodzy w duchu, albowiem do nich nale\u017cy kr\u00f3lestwo niebieskie. B\u0142ogos\u0142awieni, kt\u00f3rzy si\u0119 smuc\u0105, albowiem oni b\u0119d\u0105 pocieszeni. B\u0142ogos\u0142awieni cisi, albowiem oni na w\u0142asno\u015b\u0107 posi\u0105d\u0105 ziemi\u0119. B\u0142ogos\u0142awieni, kt\u00f3rzy \u0142akn\u0105 i pragn\u0105 sprawiedliwo\u015bci, albowiem oni b\u0119d\u0105 nasyceni. B\u0142ogos\u0142awieni mi\u0142osierni, albowiem oni mi\u0142osierdzia dost\u0105pi\u0105. B\u0142ogos\u0142awieni czystego serca, albowiem oni Boga ogl\u0105da\u0107 b\u0119d\u0105. B\u0142ogos\u0142awieni, kt\u00f3rzy wprowadzaj\u0105 pok\u00f3j, albowiem oni b\u0119d\u0105 nazwani synami Bo\u017cymi. B\u0142ogos\u0142awieni, kt\u00f3rzy cierpi\u0105 prze\u015bladowanie dla sprawiedliwo\u015bci, albowiem do nich nale\u017cy kr\u00f3lestwo niebieskie. B\u0142ogos\u0142awieni jeste\u015bcie, gdy [ludzie] wam ur\u0105gaj\u0105 i prze\u015bladuj\u0105 was, i gdy z mego powodu m\u00f3wi\u0105 k\u0142amliwie wszystko z\u0142e na was. Cieszcie si\u0119 i radujcie, albowiem wasza nagroda wielka jest w niebie. Tak bowiem prze\u015bladowali prorok\u00f3w, kt\u00f3rzy byli przed wami.<\/span><\/span><\/p>\n<p class=\"western\" align=\"justify\"><strong><span style=\"font-family: Arial, sans-serif;\"><span style=\"font-size: medium;\">\u00abB\u0142ogos\u0142awieni ubodzy w duchu&#8230;\u00bb<\/span><\/span><\/strong><\/p>\n<p class=\"western\" align=\"justify\"><span style=\"font-family: Arial, sans-serif;\"><span style=\"font-size: medium;\">Dzisiaj czytamy Ewangeli\u0119 tak dobrze nam znan\u0105, a zawsze tak zaskakuj\u0105c\u0105. W tym fragmencie o o\u015bmiu b\u0142ogos\u0142awie\u0144stwach Jezus proponuje nam model \u017cycia i warto\u015bci, kt\u00f3re wed\u0142ug Niego mog\u0105 uczyni\u0107 nas prawdziwie szcz\u0119\u015bliwymi.<\/p>\n<p>Szcz\u0119\u015bcie jest bez w\u0105tpienia g\u0142\u00f3wnym celem, do kt\u00f3rego wszyscy w \u017cyciu d\u0105\u017cymy. I gdyby\u015bmy zapytali ludzi, w jaki spos\u00f3b pr\u00f3buj\u0105 by\u0107 szcz\u0119\u015bliwi albo gdzie poszukuj\u0105 swojego szcz\u0119\u015bcia, otrzymaliby\u015bmy bardzo r\u00f3\u017cne odpowiedzi. Jedni powiedzieliby, \u017ce w dobrze zespolonej rodzinie, inni, \u017ce w zdrowiu i pracy, jeszcze inni, \u017ce w rozrywce i spotkaniach ze znajomymi, a ci, kt\u00f3rzy najbardziej ulegli wp\u0142ywowi konsumpcyjnego spo\u0142ecze\u0144stwa powiedzieliby, \u017ce w pieni\u0105dzach i mo\u017cliwo\u015bci kupowania jak najwi\u0119kszej ilo\u015bci rzeczy, a przede wszystkim w osi\u0105gni\u0119ciu wysokiego statusu spo\u0142ecznego.<\/p>\n<p>B\u0142ogos\u0142awie\u0144stwa, kt\u00f3re przedstawia nam Jezus, nie s\u0105 tymi, kt\u00f3re proponuje nam dzisiejszy \u015bwiat. Pan m\u00f3wi nam, \u017ce b\u0119d\u0105 \u00abb\u0142ogos\u0142awieni\u00bb ubodzy w duchu, ci kt\u00f3rzy si\u0119 smuc\u0105, cisi, ci, kt\u00f3rzy \u0142akn\u0105 i pragn\u0105 sprawiedliwo\u015bci, mi\u0142osierni, czystego cerca, ci, kt\u00f3rzy wprowadzaj\u0105 pok\u00f3j, ci, kt\u00f3rzy cierpi\u0105 prze\u015bladowanie dla sprawiedliwo\u015bci&#8230; (Mt 5,3-11).<\/p>\n<p>Ta wiadomo\u015b\u0107 od Pana jest dla tych, kt\u00f3rzy chc\u0105 \u017cy\u0107, kieruj\u0105c si\u0119 bezinteresowno\u015bci\u0105, skromno\u015bci\u0105, pragnieniem sprawiedliwo\u015bci, trosk\u0105 i zainteresowaniem problemami bli\u017aniego, nadaj\u0105c wszystkiemu innemu drugorz\u0119dne znaczenie.<\/p>\n<p>Ile\u017c dobra mo\u017cemy wy\u015bwiadczy\u0107 modlitw\u0105 lub braterskim napomnieniem, gdy jeste\u015bmy krytykowani za wiar\u0119 w Boga i przynale\u017cno\u015b\u0107 do Ko\u015bcio\u0142a! Jezus m\u00f3wi o tym jasno w ostatnim b\u0142ogos\u0142awie\u0144stwie: \u00abB\u0142ogos\u0142awieni jeste\u015bcie, gdy [ludzie] wam ur\u0105gaj\u0105 i prze\u015bladuj\u0105 was, i gdy z mego powodu m\u00f3wi\u0105 k\u0142amliwie wszystko z\u0142e na was.\u00bb (Mt 5,11).<\/p>\n<p>\u015awi\u0119ty Bazyli m\u00f3wi nam, \u017ce \u00abbogatego nie mo\u017cna uwa\u017ca\u0107 za szcz\u0119\u015bliwego jedynie z powodu jego bogactw, w\u0142adcy z powodu jego bogactwa i godno\u015bci; ani mocarza z powodu zdrowia jego cia\u0142a; ani m\u0119drca z powodu jego wielkiej elokwencji. Wszystkie te rzeczy s\u0105 narz\u0119dziami cnoty dla tych, kt\u00f3rzy w\u0142a\u015bciwie z nich korzystaj\u0105; ale same w sobie nie zawieraj\u0105 one szcz\u0119\u015bcia\u00bb.<\/span><\/span><\/p>\n","protected":false},"excerpt":{"rendered":"<p>Tekst Ewangelii (Mt\u00a05,1-12):\u00a0Jezus, widz\u0105c t\u0142umy, wyszed\u0142 na g\u00f3r\u0119. A gdy usiad\u0142, przyst\u0105pili do Niego Jego uczniowie. Wtedy otworzy\u0142 swoje usta i naucza\u0142 ich tymi s\u0142owami: \u00abB\u0142ogos\u0142awieni ubodzy w duchu, albowiem do nich nale\u017cy kr\u00f3lestwo niebieskie. B\u0142ogos\u0142awieni, kt\u00f3rzy si\u0119 smuc\u0105, albowiem oni b\u0119d\u0105 pocieszeni. B\u0142ogos\u0142awieni cisi, albowiem oni na w\u0142asno\u015b\u0107 posi\u0105d\u0105 ziemi\u0119. B\u0142ogos\u0142awieni, kt\u00f3rzy \u0142akn\u0105 i pragn\u0105 sprawiedliwo\u015bci, albowiem oni b\u0119d\u0105 nasyceni. B\u0142ogos\u0142awieni mi\u0142osierni, albowiem oni mi\u0142osierdzia dost\u0105pi\u0105. B\u0142ogos\u0142awieni czystego serca, albowiem oni Boga ogl\u0105da\u0107 b\u0119d\u0105. B\u0142ogos\u0142awieni, kt\u00f3rzy wprowadzaj\u0105 pok\u00f3j, albowiem oni b\u0119d\u0105 nazwani synami Bo\u017cymi. B\u0142ogos\u0142awieni, kt\u00f3rzy cierpi\u0105 prze\u015bladowanie dla sprawiedliwo\u015bci, albowiem do nich nale\u017cy kr\u00f3lestwo niebieskie. B\u0142ogos\u0142awieni jeste\u015bcie, gdy [ludzie] wam ur\u0105gaj\u0105 i prze\u015bladuj\u0105 was, i gdy z mego powodu m\u00f3wi\u0105 k\u0142amliwie wszystko z\u0142e na was. Cieszcie si\u0119 i radujcie, albowiem wasza nagroda wielka jest w niebie. Tak bowiem prze\u015bladowali prorok\u00f3w, kt\u00f3rzy byli przed wami. \u00abB\u0142ogos\u0142awieni ubodzy w duchu&#8230;\u00bb Dzisiaj czytamy Ewangeli\u0119 tak dobrze nam znan\u0105, a zawsze tak&hellip;<\/p>\n<p> <a class=\"more-link\" href=\"http:\/\/www.franciszek-walcz.pl\/?p=29562\">Czytaj dalej<\/a><\/p>\n","protected":false},"author":1,"featured_media":0,"comment_status":"closed","ping_status":"closed","sticky":false,"template":"","format":"standard","meta":{"footnotes":""},"categories":[5],"tags":[],"class_list":{"0":"post-29562","1":"post","2":"type-post","3":"status-publish","4":"format-standard","6":"category-artykuly"},"brizy_media":[],"_links":{"self":[{"href":"http:\/\/www.franciszek-walcz.pl\/index.php?rest_route=\/wp\/v2\/posts\/29562","targetHints":{"allow":["GET"]}}],"collection":[{"href":"http:\/\/www.franciszek-walcz.pl\/index.php?rest_route=\/wp\/v2\/posts"}],"about":[{"href":"http:\/\/www.franciszek-walcz.pl\/index.php?rest_route=\/wp\/v2\/types\/post"}],"author":[{"embeddable":true,"href":"http:\/\/www.franciszek-walcz.pl\/index.php?rest_route=\/wp\/v2\/users\/1"}],"replies":[{"embeddable":true,"href":"http:\/\/www.franciszek-walcz.pl\/index.php?rest_route=%2Fwp%2Fv2%2Fcomments&post=29562"}],"version-history":[{"count":1,"href":"http:\/\/www.franciszek-walcz.pl\/index.php?rest_route=\/wp\/v2\/posts\/29562\/revisions"}],"predecessor-version":[{"id":29563,"href":"http:\/\/www.franciszek-walcz.pl\/index.php?rest_route=\/wp\/v2\/posts\/29562\/revisions\/29563"}],"wp:attachment":[{"href":"http:\/\/www.franciszek-walcz.pl\/index.php?rest_route=%2Fwp%2Fv2%2Fmedia&parent=29562"}],"wp:term":[{"taxonomy":"category","embeddable":true,"href":"http:\/\/www.franciszek-walcz.pl\/index.php?rest_route=%2Fwp%2Fv2%2Fcategories&post=29562"},{"taxonomy":"post_tag","embeddable":true,"href":"http:\/\/www.franciszek-walcz.pl\/index.php?rest_route=%2Fwp%2Fv2%2Ftags&post=29562"}],"curies":[{"name":"wp","href":"https:\/\/api.w.org\/{rel}","templated":true}]}}