{"id":29570,"date":"2026-02-07T11:12:44","date_gmt":"2026-02-07T10:12:44","guid":{"rendered":"http:\/\/www.franciszek-walcz.pl\/?p=29570"},"modified":"2026-02-07T11:12:44","modified_gmt":"2026-02-07T10:12:44","slug":"v-niedziela-okresu-zwyklego-2","status":"publish","type":"post","link":"http:\/\/www.franciszek-walcz.pl\/?p=29570","title":{"rendered":"V Niedziela okresu zwyk\u0142ego"},"content":{"rendered":"<p class=\"western\" align=\"justify\"><span style=\"font-family: Arial, sans-serif;\"><span style=\"font-size: medium;\"><span style=\"font-family: Times New Roman, serif;\"><span style=\"font-size: large;\"><b>Tekst Ewangelii (Mt\u00a05,13-16):<\/b><\/span><\/span><span style=\"font-family: Times New Roman, serif;\"><span style=\"font-size: large;\">\u00a0Wy jeste\u015bcie sol\u0105 dla ziemi. Lecz je\u015bli s\u00f3l utraci sw\u00f3j smak, czym\u017ce j\u0105 posoli\u0107? Na nic si\u0119 ju\u017c nie przyda, chyba na wyrzucenie i podeptanie przez ludzi. Wy jeste\u015bcie \u015bwiat\u0142em \u015bwiata. Nie mo\u017ce si\u0119 ukry\u0107 miasto po\u0142o\u017cone na g\u00f3rze. Nie zapala si\u0119 te\u017c \u015bwiat\u0142a i nie stawia pod korcem, ale na \u015bwieczniku, aby \u015bwieci\u0142o wszystkim, kt\u00f3rzy s\u0105 w domu. Tak niech \u015bwieci wasze \u015bwiat\u0142o przed lud\u017ami, aby widzieli wasze dobre uczynki i chwalili Ojca waszego, kt\u00f3ry jest w niebie.<\/span><\/span><\/span><\/span><\/p>\n<p class=\"western\" align=\"left\"><span style=\"font-family: Arial, sans-serif;\"><span style=\"font-size: medium;\"><span style=\"color: #1a1a1a;\"><u><b>\u015awiat\u0142o i s\u00f3l<\/b><\/u><\/span><\/span><\/span><\/p>\n<p class=\"western\" align=\"left\"><span style=\"font-family: Arial, sans-serif;\"><span style=\"font-size: medium;\"><span style=\"color: #1a1a1a;\"><span style=\"font-family: Times New Roman, serif;\"><span style=\"font-size: large;\">Wmawia si\u0119 nam, \u017ce jako chrze\u015bcijanie mamy by\u0107 ukryci i nie wychyla\u0107 si\u0119, nie afiszowa\u0107 z nasz\u0105 wiar\u0105, z naszymi przekonaniami, z nasz\u0105 pobo\u017cno\u015bci\u0105 i religijno\u015bci\u0105. Chce si\u0119 zamkn\u0105\u0107 wiar\u0119 w czterech \u015bcianach ko\u015bcio\u0142a, zmusi\u0107 do milczenia, rozbi\u0107 nasze \u017cycie na to\u00a0<\/span><\/span><\/span><span style=\"color: #1a1a1a;\"><span style=\"font-family: Times New Roman, serif;\"><span style=\"font-size: large;\"><i><b> co na dzie\u0144<\/b><\/i><\/span><\/span><\/span><span style=\"color: #1a1a1a;\"><span style=\"font-family: Times New Roman, serif;\"><span style=\"font-size: large;\">\u00a0i na to\u00a0<\/span><\/span><\/span><span style=\"color: #1a1a1a;\"><span style=\"font-family: Times New Roman, serif;\"><span style=\"font-size: large;\"><i><b>od \u015bwi\u0119ta i na niedziel\u0119.<\/b><\/i><\/span><\/span><\/span><span style=\"color: #1a1a1a;\"><span style=\"font-family: Times New Roman, serif;\"><span style=\"font-size: large;\">\u00a0Ca\u0142y wsp\u00f3\u0142czesny \u015bwiat pr\u00f3buje nam udowodni\u0107, \u017ce wiara, to zacofanie, \u015bredniowiecze, ko\u0142tu\u0144stwo, co\u015b czego nale\u017cy si\u0119 wstydzi\u0107, z czym nie nale\u017cy si\u0119 pokazywa\u0107, ani obnosi\u0107. Udowadnia si\u0119, \u017ce pa\u0144stwo, spo\u0142ecze\u0144stwo, \u017cycie codzienne, szko\u0142a, nauka, praca, odpoczynek, rozrywka wszystko co jest naszym \u017cyciem ma by\u0107 a-wyznaniowe, a-religijne, \u015bwieckie, laickie.<\/span><\/span><\/span><\/span><\/span><\/p>\n<p class=\"western\" align=\"left\"><span style=\"color: #1a1a1a;\"> <span style=\"font-family: Arial, sans-serif;\"><span style=\"font-size: medium;\"><span style=\"font-family: Times New Roman, serif;\"><span style=\"font-size: large;\">A co to w ko\u0144cu znaczy? Nic innego jak skazanie religii na banicj\u0119, jak udowadnianie, \u017ce religia to co\u015b ca\u0142kowicie prywatnego i wstydliwego, jak udowadnianie, \u017ce cz\u0142owiek wierz\u0105cy, to druga lub nawet trzecia kategoria spo\u0142eczna.<\/span><\/span><\/span><\/span><\/span><\/p>\n<p class=\"western\" align=\"left\"><span style=\"font-family: Arial, sans-serif;\"><span style=\"font-size: medium;\"><span style=\"color: #1a1a1a;\"><span style=\"font-family: Times New Roman, serif;\"><span style=\"font-size: large;\">I odpowied\u017a Chrystusa -na takie zakusy- w dzisiejszej Ewangelii: \u201e<\/span><\/span><\/span><span style=\"color: #1a1a1a;\"><span style=\"font-family: Times New Roman, serif;\"><span style=\"font-size: large;\"><i><b>Niech \u015bwieci wasze \u015bwiat\u0142o przed lud\u017ami, aby widzieli wasze dobre czyny<\/b><\/i><\/span><\/span><\/span><span style=\"color: #1a1a1a;\"><span style=\"font-family: Times New Roman, serif;\"><span style=\"font-size: large;\">\u201d \u2013 nie pi\u0119kne s\u0142owa i bombastyczne pochody i procesje, ale wasze dobre czyny! Nie chodzi o fanatyzm, ani o religijny fundamentalizm, ale o jasne i klarowne \u015bwiadectwo. Nie wstyd\u017amy si\u0119 by\u0107 wierz\u0105cymi. Nasze \u017cycie nie jest i nie powinno by\u0107 a-wyznaniowe, wyprane z religii i moralno\u015bci, ale w\u0142a\u015bnie ni\u0105 przesi\u0105kni\u0119te, nasycone. Nasze \u017cycie powinno by\u0107 \u015bwi\u0119te, dobre i religijne. Mamy by\u0107 sol\u0105 dla tej ziemi, dla tego\u017c \u015bwiata, wypranego z religii, z moralno\u015bci i uczu\u0107. Mamy by\u0107 \u015bwiat\u0142em jasno \u015bwiec\u0105cym, a nie tl\u0105c\u0105 si\u0119 i kopc\u0105c\u0105 \u015bwieczk\u0105. S\u00f3l, kt\u00f3ra utraci\u0142a sw\u00f3j smak nadaje si\u0119 tylko do wyrzucenia. \u015awieczka, kt\u00f3ra nie daje \u015bwiat\u0142a nie jest do niczego przydatna.<\/span><\/span><\/span><\/span><\/span><\/p>\n","protected":false},"excerpt":{"rendered":"<p>Tekst Ewangelii (Mt\u00a05,13-16):\u00a0Wy jeste\u015bcie sol\u0105 dla ziemi. Lecz je\u015bli s\u00f3l utraci sw\u00f3j smak, czym\u017ce j\u0105 posoli\u0107? Na nic si\u0119 ju\u017c nie przyda, chyba na wyrzucenie i podeptanie przez ludzi. Wy jeste\u015bcie \u015bwiat\u0142em \u015bwiata. Nie mo\u017ce si\u0119 ukry\u0107 miasto po\u0142o\u017cone na g\u00f3rze. Nie zapala si\u0119 te\u017c \u015bwiat\u0142a i nie stawia pod korcem, ale na \u015bwieczniku, aby \u015bwieci\u0142o wszystkim, kt\u00f3rzy s\u0105 w domu. Tak niech \u015bwieci wasze \u015bwiat\u0142o przed lud\u017ami, aby widzieli wasze dobre uczynki i chwalili Ojca waszego, kt\u00f3ry jest w niebie. \u015awiat\u0142o i s\u00f3l Wmawia si\u0119 nam, \u017ce jako chrze\u015bcijanie mamy by\u0107 ukryci i nie wychyla\u0107 si\u0119, nie afiszowa\u0107 z nasz\u0105 wiar\u0105, z naszymi przekonaniami, z nasz\u0105 pobo\u017cno\u015bci\u0105 i religijno\u015bci\u0105. Chce si\u0119 zamkn\u0105\u0107 wiar\u0119 w czterech \u015bcianach ko\u015bcio\u0142a, zmusi\u0107 do milczenia, rozbi\u0107 nasze \u017cycie na to\u00a0 co na dzie\u0144\u00a0i na to\u00a0od \u015bwi\u0119ta i na niedziel\u0119.\u00a0Ca\u0142y wsp\u00f3\u0142czesny \u015bwiat pr\u00f3buje nam udowodni\u0107, \u017ce wiara, to zacofanie, \u015bredniowiecze, ko\u0142tu\u0144stwo, co\u015b czego nale\u017cy si\u0119&hellip;<\/p>\n<p> <a class=\"more-link\" href=\"http:\/\/www.franciszek-walcz.pl\/?p=29570\">Czytaj dalej<\/a><\/p>\n","protected":false},"author":1,"featured_media":0,"comment_status":"closed","ping_status":"closed","sticky":false,"template":"","format":"standard","meta":{"footnotes":""},"categories":[5],"tags":[],"class_list":{"0":"post-29570","1":"post","2":"type-post","3":"status-publish","4":"format-standard","6":"category-artykuly"},"brizy_media":[],"_links":{"self":[{"href":"http:\/\/www.franciszek-walcz.pl\/index.php?rest_route=\/wp\/v2\/posts\/29570","targetHints":{"allow":["GET"]}}],"collection":[{"href":"http:\/\/www.franciszek-walcz.pl\/index.php?rest_route=\/wp\/v2\/posts"}],"about":[{"href":"http:\/\/www.franciszek-walcz.pl\/index.php?rest_route=\/wp\/v2\/types\/post"}],"author":[{"embeddable":true,"href":"http:\/\/www.franciszek-walcz.pl\/index.php?rest_route=\/wp\/v2\/users\/1"}],"replies":[{"embeddable":true,"href":"http:\/\/www.franciszek-walcz.pl\/index.php?rest_route=%2Fwp%2Fv2%2Fcomments&post=29570"}],"version-history":[{"count":1,"href":"http:\/\/www.franciszek-walcz.pl\/index.php?rest_route=\/wp\/v2\/posts\/29570\/revisions"}],"predecessor-version":[{"id":29571,"href":"http:\/\/www.franciszek-walcz.pl\/index.php?rest_route=\/wp\/v2\/posts\/29570\/revisions\/29571"}],"wp:attachment":[{"href":"http:\/\/www.franciszek-walcz.pl\/index.php?rest_route=%2Fwp%2Fv2%2Fmedia&parent=29570"}],"wp:term":[{"taxonomy":"category","embeddable":true,"href":"http:\/\/www.franciszek-walcz.pl\/index.php?rest_route=%2Fwp%2Fv2%2Fcategories&post=29570"},{"taxonomy":"post_tag","embeddable":true,"href":"http:\/\/www.franciszek-walcz.pl\/index.php?rest_route=%2Fwp%2Fv2%2Ftags&post=29570"}],"curies":[{"name":"wp","href":"https:\/\/api.w.org\/{rel}","templated":true}]}}