{"id":29586,"date":"2026-02-14T13:33:08","date_gmt":"2026-02-14T12:33:08","guid":{"rendered":"http:\/\/www.franciszek-walcz.pl\/?p=29586"},"modified":"2026-02-14T13:33:08","modified_gmt":"2026-02-14T12:33:08","slug":"vi-niedziela-okresu-zwyklego-2","status":"publish","type":"post","link":"http:\/\/www.franciszek-walcz.pl\/?p=29586","title":{"rendered":"VI Niedziela okresu zwyk\u0142ego"},"content":{"rendered":"<p class=\"western\" align=\"left\"><span style=\"font-family: Arial, sans-serif;\"><span style=\"font-size: medium;\"><span style=\"color: #000000;\"><span style=\"font-family: Merriweather, serif;\"><span style=\"font-size: large;\"><b>Tekst Ewangelii (<\/b><\/span><\/span><\/span><span style=\"color: #000000;\"><span style=\"font-family: Merriweather, serif;\"><span style=\"font-size: large;\"><i><b>Mt<\/b><\/i><\/span><\/span><\/span><span style=\"color: #000000;\"><span style=\"font-family: Merriweather, serif;\"><span style=\"font-size: large;\"><b>\u00a05,17-37):<\/b><\/span><\/span><\/span><span style=\"color: #000000;\"><span style=\"font-family: Merriweather, serif;\"><span style=\"font-size: large;\">\u00a0<\/span><\/span><\/span><span style=\"font-family: Times New Roman, serif;\"><span style=\"font-size: large;\">Nie s\u0105d\u017acie, \u017ce przyszed\u0142em znie\u015b\u0107 Prawo albo Prorok\u00f3w. Nie przyszed\u0142em znie\u015b\u0107, ale wype\u0142ni\u0107. Zaprawd\u0119. bowiem powiadam wam: Dop\u00f3ki niebo i ziemia nie przemin\u0105, ani jedna jota, ani jedna kreska nie zmieni si\u0119 w Prawie, a\u017c si\u0119 wszystko spe\u0142ni. Ktokolwiek wi\u0119c zni\u00f3s\u0142by jedno z tych przykaza\u0144, cho\u0107by najmniejszych, i uczy\u0142by tak ludzi, ten b\u0119dzie najmniejszy w kr\u00f3lestwie niebieskim. A kto je wype\u0142nia i uczy wype\u0142nia\u0107, ten b\u0119dzie wielki w kr\u00f3lestwie niebieskim. Bo powiadam wam: Je\u015bli wasza sprawiedliwo\u015b\u0107 nie b\u0119dzie wi\u0119ksza ni\u017c uczonych w Pi\u015bmie i faryzeusz\u00f3w, nie wejdziecie do kr\u00f3lestwa niebieskiego.<\/p>\n<p>S\u0142yszeli\u015bcie, \u017ce powiedziano przodkom: Nie zabijaj!; a kto by si\u0119 dopu\u015bci\u0142 zab\u00f3jstwa, podlega s\u0105dowi. A Ja wam powiadam: Ka\u017cdy, kto si\u0119 gniewa na swego brata, podlega s\u0105dowi. A kto by rzek\u0142 swemu bratu: Raka, podlega Wysokiej Radzie. A kto by mu rzek\u0142: &#8222;Bezbo\u017cniku&#8221;, podlega karze piek\u0142a ognistego. Je\u015bli wi\u0119c przyniesiesz dar sw\u00f3j przed o\u0142tarz i tam wspomnisz, \u017ce brat tw\u00f3j ma co\u015b przeciw tobie, zostaw tam dar sw\u00f3j przez o\u0142tarzem, a najpierw id\u017a i pojednaj si\u0119 z bratem swoim! Potem przyjd\u017a i dar sw\u00f3j ofiaruj! Pog\u00f3d\u017a si\u0119 ze swoim przeciwnikiem szybko, dop\u00f3ki jeste\u015b z nim w drodze, by ci\u0119 przeciwnik nie poda\u0142 s\u0119dziemu, a s\u0119dzia dozorcy, i aby nie wtr\u0105cono ci\u0119 do wi\u0119zienia. Zaprawd\u0119, powiadam ci: nie wyjdziesz stamt\u0105d, a\u017c zwr\u00f3cisz ostatni grosz\u00bb.<\/p>\n<p>S\u0142yszeli\u015bcie, \u017ce powiedziano: Nie cudzo\u0142\u00f3\u017c! A Ja wam powiadam: Ka\u017cdy, kto po\u017c\u0105dliwie patrzy na kobiet\u0119, ju\u017c si\u0119 w swoim sercu dopu\u015bci\u0142 z ni\u0105 cudzo\u0142\u00f3stwa. Je\u015bli wi\u0119c prawe twoje oko jest ci powodem do grzechu, wy\u0142up je i odrzu\u0107 od siebie. Lepiej bowiem jest dla ciebie, gdy zginie jeden z twoich cz\u0142onk\u00f3w, ni\u017c \u017ceby ca\u0142e twoje cia\u0142o mia\u0142o by\u0107 wrzucone do piek\u0142a. I je\u015bli prawa twoja r\u0119ka jest ci powodem do grzechu, odetnij j\u0105 i odrzu\u0107 od siebie. Lepiej bowiem jest dla ciebie, gdy zginie jeden z twoich cz\u0142onk\u00f3w, ni\u017c \u017ceby ca\u0142e twoje cia\u0142o mia\u0142o i\u015b\u0107 do piek\u0142a. Powiedziano te\u017c: Je\u015bli kto chce oddali\u0107 swoj\u0105 \u017con\u0119, niech jej da list rozwodowy. A ja wam powiadam: Ka\u017cdy, kto oddala swoj\u0105 \u017con\u0119 &#8211; poza wypadkiem nierz\u0105du &#8211; nara\u017ca j\u0105 na cudzo\u0142\u00f3stwo; a kto by oddalon\u0105 wzi\u0105\u0142 za \u017con\u0119, dopuszcza si\u0119 cudzo\u0142\u00f3stwa\u00bb.<\/p>\n<p>S\u0142yszeli\u015bcie r\u00f3wnie\u017c, \u017ce powiedziano przodkom: Nie b\u0119dziesz fa\u0142szywie przysi\u0119ga\u0142, lecz dotrzymasz Panu swej przysi\u0119gi. A Ja wam powiadam: Wcale nie przysi\u0119gajcie, ani na niebo, bo jest tronem Bo\u017cym; ani na ziemi\u0119, bo jest podn\u00f3\u017ckiem st\u00f3p Jego; ani na Jerozolim\u0119, bo jest miastem wielkiego Kr\u00f3la. Ani na swoj\u0105 g\u0142ow\u0119 nie przysi\u0119gaj, bo nie mo\u017cesz nawet jednego w\u0142osa uczyni\u0107 bia\u0142ym albo czarnym. Niech wasza mowa b\u0119dzie: Tak, tak; nie, nie. A co nadto jest, od Z\u0142ego pochodzi\u00bb.<\/span><\/span><\/span><\/span><\/p>\n<p class=\"western\" align=\"left\"><span style=\"font-family: Arial, sans-serif;\"><span style=\"font-size: medium;\"><span style=\"font-family: Times New Roman, serif;\"><span style=\"font-size: x-large;\"><b>Zacz\u0105\u0107 od serca<\/b><\/span><\/span><\/span><\/span><\/p>\n<p class=\"western\" align=\"justify\"><a name=\"_GoBack\"><\/a> <span style=\"font-family: Arial, sans-serif;\"><span style=\"font-size: medium;\"><span style=\"font-family: Times New Roman, serif;\"><span style=\"font-size: large;\">Nasze \u017cyciowe wybory decyduj\u0105 o tym jacy i kim jeste\u015bmy. Nawet, gdy kto\u015b inny wcze\u015bniej za nas decydowa\u0142, to jednak przychodzi\u0142 taki moment, kiedy to sami mogli\u015bmy decydowa\u0107 o naszych wyborach. A zatem ostatecznie to my osobi\u015bcie jeste\u015bmy odpowiedzialni za wszystkie nasze wybory \u017cyciowe.<\/span><\/span><\/span><\/span><\/p>\n<p class=\"western\" align=\"justify\"><span style=\"font-family: Arial, sans-serif;\"><span style=\"font-size: medium;\"><span style=\"font-family: Times New Roman, serif;\"><span style=\"font-size: large;\">Hermann Goering by\u0142 najwy\u017cszym rang\u0105 nazist\u0105 s\u0105dzonym przez Mi\u0119dzynarodowy Trybuna\u0142 Wojskowy w Hadze. Uznano go winnym zbrodni przeciwko ludzko\u015bci, zbrodni przeciwko pokojowi i zbrodni wojennych. Zosta\u0142 skazany na \u015bmier\u0107, jednak wyroku nie wykonano. 15 pa\u017adziernika 1946 roku pope\u0142ni\u0142 samob\u00f3jstwo, przegryzaj\u0105c kapsu\u0142k\u0119 z cyjankiem. Przed Trybuna\u0142em t\u0142umaczy\u0142 si\u0119, \u017ce jest niewinny, za wszystko odpowiedzialny jest Hitler: \u201eNar\u00f3d niemiecki zawierzy\u0142 fuehrerowi, a wobec jego autorytarnego sposobu rz\u0105dzenia pa\u0144stwem nie mia\u0142 \u017cadnego wp\u0142ywu na przebieg wydarze\u0144. Nar\u00f3d niemiecki jest wolny od winy. Jedynym motywem, kt\u00f3rym si\u0119 kierowa\u0142em, by\u0142a gor\u0105ca mi\u0142o\u015b\u0107 do mojego narodu, jego szcz\u0119\u015bcie, jego wolno\u015b\u0107 i byt. Wzywam w tej sprawie na \u015bwiadka Boga Wszechmog\u0105cego i m\u00f3j nar\u00f3d niemiecki\u201d. Oczywi\u015bcie k\u0142ama\u0142 na potrzeby procesu. W 1939 roku za jego osobiste zas\u0142ugi Hitler mianowa\u0142 go swoim nast\u0119pc\u0105, a w 1940 nada\u0142 mu tytu\u0142 marsza\u0142ka. Z jego inicjatywy powsta\u0142a najbardziej zbrodnicza formacja jak\u0105 by\u0142o Gestapo. \u00a0<\/span><\/span><\/span><\/span><\/p>\n<p class=\"western\" align=\"justify\"><span style=\"font-family: Arial, sans-serif;\"><span style=\"font-size: medium;\"><span style=\"font-family: Times New Roman, serif;\"><span style=\"font-size: large;\">O wyborach \u017cyciowych m\u00f3wi Ksi\u0119ga M\u0105dro\u015bci z pierwszego czytania: \u201eJe\u017celi zechcesz, zachowasz przykazania, a dochowanie wierno\u015bci zale\u017cy od Jego upodobania. Po\u0142o\u017cy\u0142 przed tob\u0105 ogie\u0144 i wod\u0119, po co zechcesz, wyci\u0105gniesz r\u0119k\u0119. Przed lud\u017ami \u017cycie i \u015bmier\u0107, co ci si\u0119 spodoba, to b\u0119dzie ci dane\u201d. Zbrodniarz wojenny ostatecznie wybra\u0142 \u015bmier\u0107, bo jego wybory \u017cycia zd\u0105\u017ca\u0142y w tym kierunku. Zamiast na procesie wzywa\u0107 na \u015bwiadka Boga Wszechmog\u0105cego winien wcze\u015bniej ws\u0142uchiwa\u0107 si\u0119 chocia\u017cby w Jego s\u0142owa z pierwszego czytania na dzisiejsz\u0105 niedziel\u0119. Id\u0105c drog\u0105 przykaza\u0144 Bo\u017cych oszcz\u0119dzi\u0142by okrutnych cierpie\u0144 innym i sam zd\u0105\u017ca\u0142by ku \u017cyciu wiecznemu.<\/span><\/span><\/span><\/span><\/p>\n<p class=\"western\" align=\"justify\">\u00a0\u00a0<span style=\"font-family: Arial, sans-serif;\"><span style=\"font-size: medium;\"><span style=\"font-family: Times New Roman, serif;\"><span style=\"font-size: large;\">Czasami jednak B\u00f3g udaremnia nasze z\u0142e wybory, dzieje si\u0119 to najcz\u0119\u015bciej, gdy mimo naszego zawierzenia Bogu dopada nas ciemno\u015b\u0107 z\u0142ych wybor\u00f3w, jak to mia\u0142o miejsce w \u017cyciu matki jednego z najlepszych pi\u0142karzy \u015bwiata, Cristiano Ronaldo. Maria Dolores dos Santos Aveiro, matka pi\u0142karza, w swojej biografii ujawni\u0142a, \u017ce bezskutecznie pr\u00f3bowa\u0142a dokona\u0107 aborcji, t\u0142umaczy, \u017ce mia\u0142a ju\u017c w\u00f3wczas tr\u00f3jk\u0119 dzieci, pracowa\u0142a od \u015bwitu do nocy, a jej m\u0105\u017c by\u0142 cz\u0119sto nieobecny w domu. Lekarz, kt\u00f3remu opowiedzia\u0142a o swej sytuacji, odm\u00f3wi\u0142 wykonania aborcji i doda\u0142, \u017ce to dziecko da jej wiele rado\u015bci. Pi\u0142karz pozna\u0142 t\u0119 histori\u0119, jednak nie odwr\u00f3ci\u0142 si\u0119 od swej matki. Aveiro wyzna\u0142a: \u201eGdy si\u0119 dowiedzia\u0142, powiedzia\u0142 mi: \u201eZobacz, mamo, chcia\u0142a\u015b dokona\u0107 aborcji, a teraz to ja utrzymuj\u0119 dom\u2019\u201d.<\/span><\/span><\/span><\/span><\/p>\n<p class=\"western\" align=\"justify\"><span style=\"font-family: Arial, sans-serif;\"><span style=\"font-size: medium;\"><span style=\"font-family: Times New Roman, serif;\"><span style=\"font-size: large;\">Ksi\u0119ga M\u0105dro\u015bci m\u00f3wi o wyborze lub odrzuceniu Bo\u017cych przykaza\u0144, co jest r\u00f3wnoznaczne z wyborem \u015bmierci lub \u017cycia. Do tego nawi\u0105zuje Chrystus w dzisiejszej Ewangelii. Przestrzega jednak, aby nasze zachowanie Bo\u017cych przykaza\u0144 by\u0142o inne ni\u017c faryzeuszy: \u201eJe\u015bli wasza sprawiedliwo\u015b\u0107 nie b\u0119dzie wi\u0119ksza ni\u017c uczonych w Pi\u015bmie i faryzeusz\u00f3w, nie wejdziecie do kr\u00f3lestwa niebieskiego\u201d. Faryzeusze samych siebie uwa\u017cali za najgorliwszych i najwierniej wype\u0142niaj\u0105cych Prawo. Za takich uwa\u017ca\u0142o ich wielu wsp\u00f3\u0142ziomk\u00f3w. Skrupulatnie przyjmowali i zachowywali Bo\u017ce przykazania. Lecz ich pobo\u017cno\u015b\u0107 by\u0142a bardzo powierzchowna, na pokaz, a ich serca by\u0142y pe\u0142ne ob\u0142udy i nieprawo\u015bci, dalekie od autentycznej s\u0142u\u017cby Bogu. Przywi\u0105zywali wag\u0119 do spraw drugorz\u0119dnych, zewn\u0119trznych zaniedbuj\u0105c to, co najwa\u017cniejsze, to si\u0119 dzieje w naszym sercu.<\/span><\/span><\/span><\/span><\/p>\n<p class=\"western\" align=\"justify\"><span style=\"font-family: Arial, sans-serif;\"><span style=\"font-size: medium;\"><span style=\"font-family: Times New Roman, serif;\"><span style=\"font-size: large;\">Chrystus m\u00f3wi: \u201eCo wychodzi z cz\u0142owieka, to czyni go nieczystym. Z wn\u0119trza bowiem, z serca ludzkiego pochodz\u0105 z\u0142e my\u015bli, nierz\u0105d, kradzie\u017ce, zab\u00f3jstwa, cudzo\u0142\u00f3stwa, chciwo\u015b\u0107, przewrotno\u015b\u0107, podst\u0119p, wyuzdanie, zazdro\u015b\u0107, obelgi, pycha, g\u0142upota\u201d. W Ewangelii Chrystus w spos\u00f3b obrazowy ukazuje co to znaczy: \u201eS\u0142yszeli\u015bcie, \u017ce powiedziano przodkom: \u201eNie zabijaj\u201d; a kto by si\u0119 dopu\u015bci\u0142 zab\u00f3jstwa, podlega s\u0105dowi. A Ja wam powiadam: Ka\u017cdy, kto si\u0119 gniewa na swego brata, podlega s\u0105dowi\u201d. To co przybra\u0142o konkretny kszta\u0142t naszego czynu z\u0142a wcze\u015bniej wyl\u0119g\u0142o si\u0119 w naszym sercu, dlatego te\u017c tak wa\u017cne jest przyj\u0119cie bo\u017cych przykaza\u0144 ca\u0142ym swoim sercem, ca\u0142a swoj\u0105 dusza i ca\u0142ym swoim umys\u0142em.<\/span><\/span><\/span><\/span><\/p>\n<p class=\"western\" align=\"justify\"><span style=\"font-family: Arial, sans-serif;\"><span style=\"font-size: medium;\"><span style=\"font-family: Times New Roman, serif;\"><span style=\"font-size: large;\">Problem przyj\u0119cia sercem Bo\u017cych przykaza\u0144 mo\u017cna zilustrowa\u0107 histori\u0105 opisan\u0105 przez Joe Pagetta w America Magazine ze stycznia 2023 roku. Jedna z jej c\u00f3rek by\u0142a chora na COVID. Ojciec poprosi\u0142 zdrow\u0105 6- letni\u0105 c\u00f3rk\u0119, aby za\u0142o\u017cy\u0142a mask\u0119 dla dobra innych domownik\u00f3w, w tym 78-letniej babci. C\u00f3rka jednak odm\u00f3wi\u0142a w\u0142o\u017cenia maseczki, bo nie podoba\u0142 si\u0119 jej kolor. Gdy nie pomog\u0142y s\u0142owa zach\u0119ty zirytowany ojciec chwyci\u0142 c\u00f3rk\u0119 za r\u0119ce i krzykn\u0105\u0142 \u201eZa\u0142\u00f3\u017c t\u0119 cholern\u0105 maseczk\u0119!\u201d Zdenerwowany wyszed\u0142 do innego pokoju, aby si\u0119 pozbiera\u0107 i uspokoi\u0107. Nied\u0142ugo potem jego c\u00f3rka przysz\u0142a go przeprosi\u0107. Ojciec pad\u0142 na kolana i przytuli\u0142 j\u0105. Powiedzia\u0142 jej, \u017ce \u017ca\u0142uje, \u017ce straci\u0142 panowanie nad sob\u0105 i krzycza\u0142 na ni\u0105, przeprasza\u0142 j\u0105 za brak cierpliwo\u015bci, \u017ce wy\u0142adowywa\u0142 na niej sw\u00f3j stres.<\/span><\/span><\/span><\/span><\/p>\n<p class=\"western\" align=\"justify\"><span style=\"font-family: Arial, sans-serif;\"><span style=\"font-size: medium;\"><span style=\"font-family: Times New Roman, serif;\"><span style=\"font-size: large;\">Pagetta podzieli\u0142a si\u0119 t\u0105 histori\u0105 z dr Kathleen Seabolt, dyrektorem wykonawczym Centrum Dziecka i Rodziny na Uniwersytecie Vanderbilt. Dr Seabolt odpowiedzia\u0142a: \u201eS\u0142usznie post\u0105pili\u015bcie, chroni\u0105c rodzin\u0119 przed chorob\u0105, kt\u00f3ra zabi\u0142a ponad milion Amerykan\u00f3w. To nasza praca jako rodzic\u00f3w\u201d. Powiedzia\u0142a tak\u017ce, \u017ce ojciec s\u0142usznie post\u0105pi\u0142, prosz\u0105c c\u00f3reczk\u0119 o wybaczenie: \u201eNaprawa polega\u0107 na tym, \u017ce wszyscy u\u015bwiadamiamy sobie, \u017ce w tym momencie byli\u015bmy \u017ali. \u017ba\u0142ujemy tonu g\u0142osu, s\u0142\u00f3w niepotrzebnie wypowiedzianych. \u017ba\u0142ujemy, \u017ce nie dokonali\u015bmy lepszych wybor\u00f3w. Wa\u017cne, aby wszyscy byli tego \u015bwiadomi\u201d.<\/span><\/span><\/span><\/span><\/p>\n<p class=\"western\" align=\"justify\"><span style=\"font-family: Arial, sans-serif;\"><span style=\"font-size: medium;\"><span style=\"font-family: Times New Roman, serif;\"><span style=\"font-size: large;\">Pagett\u0119 uderzy\u0142o u\u017cycie przez dr Seabolta s\u0142owa \u201enaprawa\u201d jako kluczowego elementu pojednania. Pisze: \u201eJe\u015bli poprosisz swoje c\u00f3rki o przebaczenie, poprosisz o \u0142ask\u0119 Bo\u017c\u0105 i j\u0105 otrzymasz, musisz wtedy zdecydowa\u0107 si\u0119 na dzia\u0142anie. By\u0107 bardziej cierpliwym. Aby spr\u00f3bowa\u0107 naprawi\u0107 to, co zosta\u0142o zepsute. Je\u015bli zatrzymamy si\u0119 tylko na s\u0142ownym \u201eprzepraszam\u201d, bez konkretnych czyn\u00f3w naprawienia z\u0142a, to to niczego nie naprawi w naszych relacjach mi\u0119dzyludzkich. Co gorsze upewnimy dziecko, \u017ce to magiczne s\u0142owa \u201eprzepraszam\u201d naprawi wszystkie z\u0142o bez naszego konkretnego czynu. I nie jest to droga prowadz\u0105ca do pojedna\u201d. Jest pewna forma faryzeizmu.<\/span><\/span><\/span><\/span><\/p>\n<p class=\"western\" align=\"justify\"><span style=\"font-family: Arial, sans-serif;\"><span style=\"font-size: medium;\"><span style=\"font-family: Times New Roman, serif;\"><span style=\"font-size: large;\">S\u0142owa skierowane do faryzeuszy rodz\u0105 pytania: Czy dbam o osobist\u0105 serdeczn\u0105 relacj\u0119 z Jezusem? Czy stanowi ona fundament mojego \u017cycia? Czy te\u017c wykonuj\u0119 pewne praktyki religijne z przyzwyczajenia, by inni widzieli moj\u0105 pobo\u017cno\u015b\u0107 i zaanga\u017cowanie? Co jest w moim sercu? Czy w tym, co robi\u0119, my\u015bl\u0119, m\u00f3wi\u0119 jestem wierny Jezusowi i Jego Ewangelii? )Kurier Plus, 2023).<\/span><\/span><\/span><\/span><\/p>\n","protected":false},"excerpt":{"rendered":"<p>Tekst Ewangelii (Mt\u00a05,17-37):\u00a0Nie s\u0105d\u017acie, \u017ce przyszed\u0142em znie\u015b\u0107 Prawo albo Prorok\u00f3w. Nie przyszed\u0142em znie\u015b\u0107, ale wype\u0142ni\u0107. Zaprawd\u0119. bowiem powiadam wam: Dop\u00f3ki niebo i ziemia nie przemin\u0105, ani jedna jota, ani jedna kreska nie zmieni si\u0119 w Prawie, a\u017c si\u0119 wszystko spe\u0142ni. Ktokolwiek wi\u0119c zni\u00f3s\u0142by jedno z tych przykaza\u0144, cho\u0107by najmniejszych, i uczy\u0142by tak ludzi, ten b\u0119dzie najmniejszy w kr\u00f3lestwie niebieskim. A kto je wype\u0142nia i uczy wype\u0142nia\u0107, ten b\u0119dzie wielki w kr\u00f3lestwie niebieskim. Bo powiadam wam: Je\u015bli wasza sprawiedliwo\u015b\u0107 nie b\u0119dzie wi\u0119ksza ni\u017c uczonych w Pi\u015bmie i faryzeusz\u00f3w, nie wejdziecie do kr\u00f3lestwa niebieskiego. S\u0142yszeli\u015bcie, \u017ce powiedziano przodkom: Nie zabijaj!; a kto by si\u0119 dopu\u015bci\u0142 zab\u00f3jstwa, podlega s\u0105dowi. A Ja wam powiadam: Ka\u017cdy, kto si\u0119 gniewa na swego brata, podlega s\u0105dowi. A kto by rzek\u0142 swemu bratu: Raka, podlega Wysokiej Radzie. A kto by mu rzek\u0142: &#8222;Bezbo\u017cniku&#8221;, podlega karze piek\u0142a ognistego. Je\u015bli wi\u0119c przyniesiesz dar sw\u00f3j przed o\u0142tarz i tam wspomnisz, \u017ce&hellip;<\/p>\n<p> <a class=\"more-link\" href=\"http:\/\/www.franciszek-walcz.pl\/?p=29586\">Czytaj dalej<\/a><\/p>\n","protected":false},"author":1,"featured_media":0,"comment_status":"closed","ping_status":"closed","sticky":false,"template":"","format":"standard","meta":{"footnotes":""},"categories":[5],"tags":[],"class_list":{"0":"post-29586","1":"post","2":"type-post","3":"status-publish","4":"format-standard","6":"category-artykuly"},"brizy_media":[],"_links":{"self":[{"href":"http:\/\/www.franciszek-walcz.pl\/index.php?rest_route=\/wp\/v2\/posts\/29586","targetHints":{"allow":["GET"]}}],"collection":[{"href":"http:\/\/www.franciszek-walcz.pl\/index.php?rest_route=\/wp\/v2\/posts"}],"about":[{"href":"http:\/\/www.franciszek-walcz.pl\/index.php?rest_route=\/wp\/v2\/types\/post"}],"author":[{"embeddable":true,"href":"http:\/\/www.franciszek-walcz.pl\/index.php?rest_route=\/wp\/v2\/users\/1"}],"replies":[{"embeddable":true,"href":"http:\/\/www.franciszek-walcz.pl\/index.php?rest_route=%2Fwp%2Fv2%2Fcomments&post=29586"}],"version-history":[{"count":1,"href":"http:\/\/www.franciszek-walcz.pl\/index.php?rest_route=\/wp\/v2\/posts\/29586\/revisions"}],"predecessor-version":[{"id":29587,"href":"http:\/\/www.franciszek-walcz.pl\/index.php?rest_route=\/wp\/v2\/posts\/29586\/revisions\/29587"}],"wp:attachment":[{"href":"http:\/\/www.franciszek-walcz.pl\/index.php?rest_route=%2Fwp%2Fv2%2Fmedia&parent=29586"}],"wp:term":[{"taxonomy":"category","embeddable":true,"href":"http:\/\/www.franciszek-walcz.pl\/index.php?rest_route=%2Fwp%2Fv2%2Fcategories&post=29586"},{"taxonomy":"post_tag","embeddable":true,"href":"http:\/\/www.franciszek-walcz.pl\/index.php?rest_route=%2Fwp%2Fv2%2Ftags&post=29586"}],"curies":[{"name":"wp","href":"https:\/\/api.w.org\/{rel}","templated":true}]}}