{"id":29592,"date":"2026-02-14T13:40:06","date_gmt":"2026-02-14T12:40:06","guid":{"rendered":"http:\/\/www.franciszek-walcz.pl\/?p=29592"},"modified":"2026-02-14T13:43:36","modified_gmt":"2026-02-14T12:43:36","slug":"slowo-przewodniczacego-zespolu-kep","status":"publish","type":"post","link":"http:\/\/www.franciszek-walcz.pl\/?p=29592","title":{"rendered":"S\u0142owo Przewodnicz\u0105cego Zespo\u0142u KEP"},"content":{"rendered":"<p align=\"center\"><span style=\"font-family: Times New Roman, serif;\"><span style=\"font-size: medium;\"><b>S\u0142owo Przewodnicz\u0105cego Zespo\u0142u KEP<br \/>\nds. Apostolstwa Trze\u017awo\u015bci i Os\u00f3b Uzale\u017cnionych \u2013 Bpa Tadeusza Bronakowskiego<br \/>\nna Niedziel\u0119 59. Tygodnia Modlitw o Trze\u017awo\u015b\u0107 Narodu<\/b><\/span><\/span><\/p>\n<p align=\"justify\"><span style=\"font-family: Times New Roman, serif;\"><span style=\"font-size: medium;\">Umi\u0142owani w Chrystusie Siostry i Bracia!<\/span><\/span><\/p>\n<p align=\"justify\"><span style=\"font-family: Times New Roman, serif;\"><span style=\"font-size: medium;\">Ko\u015bci\u00f3\u0142 w Polsce od ponad p\u00f3\u0142 wieku zach\u0119ca wierz\u0105cych, aby przygotowuj\u0105c si\u0119 do Wielkiego Postu modlili si\u0119 w spos\u00f3b szczeg\u00f3lny w intencji trze\u017awo\u015bci narodu. Odpowiadaj\u0105c na to wezwanie rozpoczynamy dzisiaj 59. Tydzie\u0144 Modlitw o Trze\u017awo\u015b\u0107 Narodu pod has\u0142em \u201ePolska silna wiar\u0105 i trze\u017awo\u015bci\u0105\u201d.<\/span><\/span><\/p>\n<p align=\"justify\"><span style=\"font-family: Times New Roman, serif;\"><span style=\"font-size: medium;\">Czym kierujemy si\u0119 podejmuj\u0105c t\u0119 wa\u017cn\u0105 inicjatyw\u0119? Czy jest to tylko wierno\u015b\u0107 wieloletniej tradycji? Przede wszystkim kieruje nami chrze\u015bcija\u0144ska mi\u0142o\u015b\u0107. Ona zobowi\u0105zuje nas do troski o los doczesny i wieczny bli\u017anich. Motywuje nas odpowiedzialno\u015b\u0107 za los Ojczyzny, kt\u00f3ra \u201ealbo b\u0119dzie trze\u017awa, albo nie b\u0119dzie jej wcale\u201d (b\u0142. ks. Bronis\u0142aw Markiewicz). Prowadzi nas wiara, \u017ce B\u00f3g wys\u0142ucha naszych modlitw i da nam Ojczyzn\u0119 siln\u0105 wiar\u0105 i trze\u017awo\u015bci\u0105. Modlimy si\u0119 o to zawsze, ale w\u0142a\u015bnie Tydzie\u0144 Modlitw jest wyj\u0105tkowym czasem mobilizacji, aby wsp\u00f3lnie wo\u0142a\u0107 do Boga o zwyci\u0119stwo nad wadami narodowymi, w tym nad niszcz\u0105cym nasz nar\u00f3d pija\u0144stwem. Ono tak cz\u0119sto jest bagatelizowane, a nawet przez wielu kultywowane i przewrotnie traktowane, jakby by\u0142o synonimem wolno\u015bci.<\/span><\/span><\/p>\n<p align=\"justify\"><a name=\"_GoBack\"><\/a> <span style=\"font-family: Times New Roman, serif;\"><span style=\"font-size: medium;\">Odpowiedzmy zatem na wa\u017cne pytanie, czym jest pija\u0144stwo? Obrazowo mo\u017cna je por\u00f3wna\u0107 do prostej i szybkiej autostrady prowadz\u0105cej do \u015bmiertelnej choroby, jak\u0105 jest alkoholizm. T\u0105 autostrad\u0105 porusza si\u0119 ka\u017cdy, kto pije alkohol ryzykownie i szkodliwie. Eksperci obliczyli, \u017ce pija\u0144stwo to jednorazowe spo\u017cycie 60g etanolu w przypadku m\u0119\u017cczyzn i 40g w przypadku kobiet. Opr\u00f3cz os\u00f3b ju\u017c uzale\u017cnionych, w Polsce jest ponad dwa miliony tych, kt\u00f3rzy maj\u0105 problemy alkoholowe z powodu braku trze\u017awo\u015bci. Mowa o osobach systematycznie nietrze\u017awych, bo pojedynczych epizod\u00f3w pija\u0144stwa jest znacznie wi\u0119cej \u2013 dotyczy to nawet 2\/3 populacji doros\u0142ych w ci\u0105gu miesi\u0105ca.<\/span><\/span><\/p>\n<p align=\"justify\"><span style=\"font-family: Times New Roman, serif;\"><span style=\"font-size: medium;\">Pijacy to osoby, kt\u00f3re jeszcze nie s\u0105 uzale\u017cnione, czyli w ka\u017cdej chwili mog\u0105 sami przesta\u0107 pi\u0107. To zale\u017cy tylko od ich decyzji. Dopiero w fazie choroby alkoholowej konieczne jest specjalistyczne leczenie i terapia. To w\u0142a\u015bnie pijacy czyni\u0105 najwi\u0119cej szk\u00f3d, a przecie\u017c tych wszystkich strat ekonomicznych, zdrowotnych, spo\u0142ecznych i moralnych \u0142atwo mo\u017cna unikn\u0105\u0107. Wystarczy praktykowa\u0107 trze\u017awo\u015b\u0107, czyli by\u0107 abstynentem, b\u0105d\u017a zachowa\u0107 umiar. Umiar to si\u0119ganie po alkohol bardzo rzadko, w bardzo ma\u0142ych, wr\u0119cz symbolicznych ilo\u015bciach. Jednak nawet ci, kt\u00f3rzy umiarkowanie korzystaj\u0105 z napoj\u00f3w alkoholowych, powinni pami\u0119ta\u0107, \u017ce ka\u017cda \u2013 nawet ma\u0142a ilo\u015b\u0107 alkoholu, mo\u017ce okaza\u0107 si\u0119 szkodliwa dla ich zdrowia. Naukowcy ostrzegaj\u0105, \u017ce nie mo\u017cna okre\u015bli\u0107 bezpiecznej dawki alkoholu dla cz\u0142owieka.<\/span><\/span><\/p>\n<p align=\"justify\"><span style=\"font-family: Times New Roman, serif;\"><span style=\"font-size: medium;\">Zwykle wej\u015bcie na drog\u0119 zniewolenia zaczyna si\u0119 z pozoru niewinnie. Cz\u0142owiek m\u00f3wi sobie na przyk\u0142ad, \u017ce \u201ejedno piwo wieczorem na pewno mi nie zaszkodzi\u201d. Z czasem wypitego alkoholu jest coraz wi\u0119cej i coraz wi\u0119cej problem\u00f3w powoduj\u0105cych ogromne straty. Mimo tego wiele os\u00f3b nie chce zej\u015b\u0107 z tej niebezpiecznej drogi.<\/span><\/span><\/p>\n<p align=\"justify\"><span style=\"font-family: Times New Roman, serif;\"><span style=\"font-size: medium;\">Trzeba te\u017c pami\u0119ta\u0107, \u017ce przeciwko cnocie trze\u017awo\u015bci wyst\u0119puje nie tylko ten, kto nadu\u017cywa alkoholu, ale ka\u017cdy, kto si\u0119ga po napoje alkoholowe nie zwa\u017caj\u0105c na przeciwskazania. Dotyczy to na przyk\u0142ad dzieci i m\u0142odzie\u017cy do 18 roku \u017cycia, kobiet w stanie b\u0142ogos\u0142awionym, czy kierowc\u00f3w.<\/span><\/span><\/p>\n<p align=\"justify\"><span style=\"font-family: Times New Roman, serif;\"><span style=\"font-size: medium;\">Ka\u017cdy dzie\u0144 Tygodnia Modlitw o Trze\u017awo\u015b\u0107 Narodu ma wyznaczon\u0105 intencj\u0119. Dzisiaj modlimy si\u0119 za Polak\u00f3w, aby wiar\u0105 i trze\u017awo\u015bci\u0105 budowali siln\u0105 Ojczyzn\u0119 i gorliwie wype\u0142niali Jasnog\u00f3rskie \u015aluby Narodu. Jeste\u015bmy \u015bwiadomi, \u017ce ci\u0105\u017cy na nas zaszczytny obowi\u0105zek wierno\u015bci \u015alubom, w kt\u00f3rych nasi przodkowie przyrzekali walczy\u0107 z wadami narodowymi, w tym z pija\u0144stwem i przyrzekali zdobywa\u0107 cnoty. W tym roku w sierpniu \u015bwi\u0119towa\u0107 b\u0119dziemy 70. rocznic\u0119 tego historycznego wydarzenia. Dla nas wierz\u0105cych Polak\u00f3w to nie tylko historia, ale aktualne zobowi\u0105zanie, kt\u00f3re pragniemy realizowa\u0107 a\u017c do zwyci\u0119stwa nad z\u0142em. B\u0142. Prymas Stefan Wyszy\u0144ski m\u00f3wi\u0142, \u017ce w Jasnog\u00f3rskich \u015alubach \u201ewypowiedzieli\u015bmy ca\u0142\u0105 nasz\u0105 wiar\u0119 w Boga, gor\u0105c\u0105 mi\u0142o\u015b\u0107 ku Matce Chrystusowej, pot\u0119\u017cn\u0105 wol\u0119 wierno\u015bci i s\u0142u\u017cby w Ko\u015bciele Chrystusowym\u201d. W Jasnog\u00f3rskich \u015alubach \u201et\u0119tni ta sama \u017cywa krew narodu, kt\u00f3ry umia\u0142 [kiedy\u015b] wylewa\u0107 j\u0105 w obronie chrze\u015bcija\u0144stwa na polach bitew\u201d. A dzisiaj nasz nar\u00f3d \u2013 wierny Chrystusowi i trze\u017awy, ma budowa\u0107 siln\u0105 Ojczyzn\u0119, kt\u00f3ra b\u0119dzie pomaga\u0107 wszystkim Polakom zd\u0105\u017ca\u0107 do Ojczyzny w niebie.<\/span><\/span><\/p>\n<p align=\"justify\"><span style=\"font-family: Times New Roman, serif;\"><span style=\"font-size: medium;\">Wa\u017cn\u0105 spraw\u0105 jest, aby\u015bmy piel\u0119gnowali to wspania\u0142e chrze\u015bcija\u0144skie dziedzictwo na wz\u00f3r wielkich syn\u00f3w i c\u00f3rek polskiego narodu, na wz\u00f3r \u015bwi\u0119tych i b\u0142ogos\u0142awionych aposto\u0142\u00f3w trze\u017awo\u015bci, na czele z b\u0142. kard. Stefanem Wyszy\u0144skim. On wo\u0142a\u0142, aby odwa\u017cnie walczy\u0107 z wadami narodowymi, kt\u00f3re jak \u201enajwi\u0119ksze kamienie ci\u0105\u017c\u0105 na grobie niejednego sumienia i niejednej formacji spo\u0142ecznej\u201d. Za te grzechy pragniemy dzisiaj Bogu wynagradza\u0107. Opr\u00f3cz gorliwej modlitwy ofiarujmy te\u017c wspania\u0142y dar duchowy, jakim jest decyzja o dobrowolnej abstynencji od alkoholu na czas Wielkiego Postu, a mo\u017ce nawet i na ca\u0142e \u017cycie. Abstynencja to tarcza ochronna przed uzale\u017cnieniem. To \u015bwiadectwo wolno\u015bci wewn\u0119trznej i wyobra\u017ani mi\u0142osierdzia. To wyraz patriotycznej postawy, kt\u00f3ra dobro Ojczyzny stawia na pierwszym miejscu.<\/span><\/span><\/p>\n<p align=\"justify\"><span style=\"font-family: Times New Roman, serif;\"><span style=\"font-size: medium;\">To dobrze, \u017ce sprawa ochrony trze\u017awo\u015bci Polak\u00f3w coraz g\u0142o\u015bniej wybrzmiewa<br \/>\nw przestrzeni publicznej. Ka\u017cde dzia\u0142anie na rzecz trze\u017awo\u015bci jest cenne, bo trze\u017awo\u015b\u0107 jest dobrem <\/span><\/span><span style=\"color: #000000;\"><span style=\"font-family: Times New Roman, serif;\"><span style=\"font-size: medium;\">narodowym<\/span><\/span><\/span><span style=\"font-family: Times New Roman, serif;\"><span style=\"font-size: medium;\"> , kt\u00f3re trzeba szczeg\u00f3lnie chroni\u0107. Cieszymy si\u0119 wszelkimi inicjatywami promuj\u0105cymi postawy trze\u017awo\u015bciowe. Prosimy wszystkich ludzi dobrej woli \u2013 kt\u00f3rych nie brakuje w naszej Ojczy\u017anie \u2013 aby pami\u0119tali, \u017ce jednym z najwa\u017cniejszych obecnie przejaw\u00f3w mi\u0142o\u015bci bli\u017aniego jest troska o wychowanie w abstynencji m\u0142odego pokolenia oraz troska o skarb trze\u017awo\u015bci w odniesieniu do ludzi doros\u0142ych. W Ko\u015bciele, w rodzinach, we w\u0142adzach pa\u0144stwowych i samorz\u0105dowych mamy wiele os\u00f3b kompetentnych, zatroskanych o trze\u017awo\u015b\u0107 narodu. Wsp\u00f3\u0142praca i integracja ich wysi\u0142k\u00f3w ma szans\u0119 przyczyni\u0107 si\u0119 do powstania narodowej koalicji ludzi dobrej woli \u2013 ma\u0142\u017conk\u00f3w i rodzic\u00f3w, ksi\u0119\u017cy, psycholog\u00f3w i pedagog\u00f3w, polityk\u00f3w i samorz\u0105dowc\u00f3w, ludzi kultury i medi\u00f3w, Ko\u015bcio\u0142\u00f3w \u2013 na rzecz troski o trze\u017awo\u015b\u0107 naszego spo\u0142ecze\u0144stwa (<\/span><\/span><span style=\"font-family: Times New Roman, serif;\"><span style=\"font-size: medium;\"><i>Przes\u0142anie Narodowego Kongresu Trze\u017awo\u015bci<\/i><\/span><\/span><span style=\"font-family: Times New Roman, serif;\"><span style=\"font-size: medium;\">).<\/span><\/span><\/p>\n<p align=\"justify\"><span style=\"font-family: Times New Roman, serif;\"><span style=\"font-size: medium;\">Umi\u0142owani!<\/span><\/span><\/p>\n<p align=\"justify\"><span style=\"font-family: Times New Roman, serif;\"><span style=\"font-size: medium;\">W pierwszym czytaniu s\u0142yszeli\u015bmy, \u017ce B\u00f3g stwarzaj\u0105c cz\u0142owieka obdarzy\u0142 go darem wolno\u015bci. Natchniony autor Ksi\u0119gi Syracha pisze: \u201ePo\u0142o\u017cy\u0142 przed tob\u0105 ogie\u0144 i wod\u0119, co zechcesz, po to wyci\u0105gniesz r\u0119k\u0119. (\u2026) Przed lud\u017ami \u017cycie i \u015bmier\u0107, co ci si\u0119 podoba, to b\u0119dzie ci dane\u201d (Syr 15,14-17). Rozwa\u017cmy, jak wielka odpowiedzialno\u015b\u0107 wi\u0105\u017ce si\u0119 z darem wolno\u015bci! Co wybior\u0119 \u2013 \u017cycie czy \u015bmier\u0107? Szcz\u0119\u015bcie i b\u0142ogos\u0142awie\u0144stwo czy \u015bmier\u0107 i przekle\u0144stwo? Co wybior\u0119 \u2013 nietrze\u017awo\u015b\u0107, sid\u0142a na\u0142ogu, przegrane \u017cycie czy trze\u017awo\u015b\u0107, prawdziw\u0105 wolno\u015b\u0107, pi\u0119kne \u017cycie tu na ziemi i szcz\u0119\u015bcie wieczne w niebie? To zale\u017cy od ka\u017cdego z nas. Naszym celem jest niebo, o kt\u00f3rym \u015bw. Pawe\u0142 Aposto\u0142 pisze: \u201eani oko nie widzia\u0142o, ani ucho nie s\u0142ysza\u0142o, ani serce cz\u0142owieka nie zdo\u0142a\u0142o poj\u0105\u0107, jak wielkie rzeczy przygotowa\u0142 B\u00f3g tym, kt\u00f3rzy Go mi\u0142uj\u0105\u201d (1Kor 2,9). <\/span><\/span><\/p>\n<p align=\"justify\"><span style=\"font-family: Times New Roman, serif;\"><span style=\"font-size: medium;\">W Tygodniu Modlitw o Trze\u017awo\u015b\u0107 Narodu m\u00f3dlmy si\u0119, aby Polacy podj\u0119li trud odnowy moralnej, a praktykuj\u0105c trze\u017awo\u015b\u0107 coraz bardziej wzrastali w Chrystusowej wolno\u015bci. <\/span><\/span><\/p>\n<p align=\"justify\"><span style=\"font-family: Times New Roman, serif;\"><span style=\"font-size: medium;\"><i>Bp Tadeusz Bronakowski<\/i><\/span><\/span><\/p>\n","protected":false},"excerpt":{"rendered":"<p>S\u0142owo Przewodnicz\u0105cego Zespo\u0142u KEP ds. Apostolstwa Trze\u017awo\u015bci i Os\u00f3b Uzale\u017cnionych \u2013 Bpa Tadeusza Bronakowskiego na Niedziel\u0119 59. Tygodnia Modlitw o Trze\u017awo\u015b\u0107 Narodu Umi\u0142owani w Chrystusie Siostry i Bracia! Ko\u015bci\u00f3\u0142 w Polsce od ponad p\u00f3\u0142 wieku zach\u0119ca wierz\u0105cych, aby przygotowuj\u0105c si\u0119 do Wielkiego Postu modlili si\u0119 w spos\u00f3b szczeg\u00f3lny w intencji trze\u017awo\u015bci narodu. Odpowiadaj\u0105c na to wezwanie rozpoczynamy dzisiaj 59. Tydzie\u0144 Modlitw o Trze\u017awo\u015b\u0107 Narodu pod has\u0142em \u201ePolska silna wiar\u0105 i trze\u017awo\u015bci\u0105\u201d. Czym kierujemy si\u0119 podejmuj\u0105c t\u0119 wa\u017cn\u0105 inicjatyw\u0119? Czy jest to tylko wierno\u015b\u0107 wieloletniej tradycji? Przede wszystkim kieruje nami chrze\u015bcija\u0144ska mi\u0142o\u015b\u0107. Ona zobowi\u0105zuje nas do troski o los doczesny i wieczny bli\u017anich. Motywuje nas odpowiedzialno\u015b\u0107 za los Ojczyzny, kt\u00f3ra \u201ealbo b\u0119dzie trze\u017awa, albo nie b\u0119dzie jej wcale\u201d (b\u0142. ks. Bronis\u0142aw Markiewicz). Prowadzi nas wiara, \u017ce B\u00f3g wys\u0142ucha naszych modlitw i da nam Ojczyzn\u0119 siln\u0105 wiar\u0105 i trze\u017awo\u015bci\u0105. Modlimy si\u0119 o to zawsze, ale w\u0142a\u015bnie Tydzie\u0144 Modlitw jest wyj\u0105tkowym czasem mobilizacji,&hellip;<\/p>\n<p> <a class=\"more-link\" href=\"http:\/\/www.franciszek-walcz.pl\/?p=29592\">Czytaj dalej<\/a><\/p>\n","protected":false},"author":1,"featured_media":0,"comment_status":"closed","ping_status":"closed","sticky":false,"template":"","format":"standard","meta":{"footnotes":""},"categories":[5],"tags":[],"class_list":{"0":"post-29592","1":"post","2":"type-post","3":"status-publish","4":"format-standard","6":"category-artykuly"},"brizy_media":[],"_links":{"self":[{"href":"http:\/\/www.franciszek-walcz.pl\/index.php?rest_route=\/wp\/v2\/posts\/29592","targetHints":{"allow":["GET"]}}],"collection":[{"href":"http:\/\/www.franciszek-walcz.pl\/index.php?rest_route=\/wp\/v2\/posts"}],"about":[{"href":"http:\/\/www.franciszek-walcz.pl\/index.php?rest_route=\/wp\/v2\/types\/post"}],"author":[{"embeddable":true,"href":"http:\/\/www.franciszek-walcz.pl\/index.php?rest_route=\/wp\/v2\/users\/1"}],"replies":[{"embeddable":true,"href":"http:\/\/www.franciszek-walcz.pl\/index.php?rest_route=%2Fwp%2Fv2%2Fcomments&post=29592"}],"version-history":[{"count":1,"href":"http:\/\/www.franciszek-walcz.pl\/index.php?rest_route=\/wp\/v2\/posts\/29592\/revisions"}],"predecessor-version":[{"id":29593,"href":"http:\/\/www.franciszek-walcz.pl\/index.php?rest_route=\/wp\/v2\/posts\/29592\/revisions\/29593"}],"wp:attachment":[{"href":"http:\/\/www.franciszek-walcz.pl\/index.php?rest_route=%2Fwp%2Fv2%2Fmedia&parent=29592"}],"wp:term":[{"taxonomy":"category","embeddable":true,"href":"http:\/\/www.franciszek-walcz.pl\/index.php?rest_route=%2Fwp%2Fv2%2Fcategories&post=29592"},{"taxonomy":"post_tag","embeddable":true,"href":"http:\/\/www.franciszek-walcz.pl\/index.php?rest_route=%2Fwp%2Fv2%2Ftags&post=29592"}],"curies":[{"name":"wp","href":"https:\/\/api.w.org\/{rel}","templated":true}]}}