{"id":29595,"date":"2026-02-14T13:45:13","date_gmt":"2026-02-14T12:45:13","guid":{"rendered":"http:\/\/www.franciszek-walcz.pl\/?p=29595"},"modified":"2026-02-14T13:46:15","modified_gmt":"2026-02-14T12:46:15","slug":"obecnosc-ktora-daje-nadzieje","status":"publish","type":"post","link":"http:\/\/www.franciszek-walcz.pl\/?p=29595","title":{"rendered":"Obecno\u015b\u0107, kt\u00f3ra daje nadziej\u0119"},"content":{"rendered":"<p class=\"western\" align=\"center\"><span style=\"color: #ffffff;\">\u2013 S\u0142owo Delegata KEP ds. ochrony dzieci i m\u0142odzie\u017cy przed Dniem modlitwy i solidarno\u015bci<br \/>\nz Osobami Skrzywdzonymi wykorzystaniem seksualnym (20 lutego 2026 r.)<\/span><\/p>\n<p class=\"western\" align=\"left\"><span style=\"font-family: Times New Roman, serif;\"><span style=\"font-size: large;\">Przemoc seksualna zostawia jedn\u0105 z najg\u0142\u0119bszych ran, jak\u0105 mo\u017ce nosi\u0107 cz\u0142owiek. Zewn\u0119trznie bywa niewidoczna, ale potrafi bole\u0107 latami. Wiele os\u00f3b skrzywdzonych milczy \u2013 z l\u0119ku, wstydu, przekonania, \u017ce nikt nie zrozumie albo dlatego, \u017ce nigdy nie spotka\u0142y kogo\u015b, kto by\u0142by naprawd\u0119 got\u00f3w ich wys\u0142ucha\u0107 lub komu mog\u0142yby zaufa\u0107. Dzie\u0144 modlitwy i solidarno\u015bci jest po to, by zatrzyma\u0107 si\u0119 przy osobach skrzywdzonych<br \/>\ni powiedzie\u0107 ka\u017cdej z nich: nie jeste\u015b sama, nie jeste\u015b sam. <\/span><\/span><\/p>\n<p class=\"western\" align=\"left\"><span style=\"font-family: Times New Roman, serif;\"><span style=\"font-size: large;\">Chcemy, by Zranieni mogli poczu\u0107, \u017ce ich bolesne do\u015bwiadczenie nie jest ignorowane i \u017ce maj\u0105 w nas wsparcie, nawet je\u015bli nigdy o nim nie opowiedzieli. Nikt nie ma prawa zmusza\u0107 ich do ujawnienia swojej historii. Ka\u017cda<br \/>\nz os\u00f3b skrzywdzonych ma w\u0142asny czas i w\u0142asn\u0105 drog\u0119 procesu zdrowienia. Dlatego w tym dniu nie prosimy os\u00f3b skrzywdzonych o \u015bwiadectwa, ale chcemy by\u0107 obecni przy nich \u2013 cicho, delikatnie, z szacunkiem dla subtelnych granic, kt\u00f3rych nikt nie powinien przekracza\u0107. Nasza \u017cyczliwa obecno\u015b\u0107 mo\u017ce by\u0107 pierwszym sygna\u0142em nadziei, \u017ce w Ko\u015bciele s\u0105 dzi\u015b miejsca i osoby, kt\u00f3rym mo\u017cna zaufa\u0107 i \u017ce pomoc nie jest tylko obietnic\u0105, lecz realn\u0105 mo\u017cliwo\u015bci\u0105. <\/span><\/span><\/p>\n<p class=\"western\" align=\"left\"><span style=\"font-family: Times New Roman, serif;\"><span style=\"font-size: large;\">Ten dzie\u0144 jest wa\u017cny tak\u017ce dlatego, \u017ce przemoc seksualna nie dotyczy wy\u0142\u0105cznie Ko\u015bcio\u0142a. Dotyka rodzin, szk\u00f3\u0142, grup m\u0142odzie\u017cowych, r\u00f3\u017cnych \u015brodowisk. Jest problemem spo\u0142ecznym, a dramaty wielu os\u00f3b rozgrywaj\u0105 si\u0119 po cichu, cz\u0119sto tu\u017c obok nas. Wci\u0105\u017c brakuje nam wiedzy i \u015bwiadomo\u015bci, a tak\u017ce j\u0119zyka, kt\u00f3ry pozwoli\u0142by o tym m\u00f3wi\u0107 bez oceniania, bez sensacji i bez l\u0119ku. Potrzebujemy uczy\u0107 si\u0119 jak reagowa\u0107, jak s\u0142ucha\u0107 i towarzyszy\u0107 osobom zranionym w spos\u00f3b, kt\u00f3ry nie powi\u0119ksza ich cierpienia. Milczenie wobec przemocy mo\u017ce rani\u0107 bardziej ni\u017c nieporadne s\u0142owa. Dlatego ten dzie\u0144 jest wezwaniem kierowanym do ca\u0142ego spo\u0142ecze\u0144stwa, aby uczy\u0107 si\u0119 widzie\u0107 tych, kt\u00f3rzy cierpi\u0105i okaza\u0107 wsparcie ka\u017cdej osobie skrzywdzonej. <\/span><\/span><\/p>\n<p class=\"western\" align=\"left\"><span style=\"font-family: Times New Roman, serif;\"><span style=\"font-size: large;\">Modlitwa tego dnia nie jest pr\u00f3b\u0105 ucieczki od odpowiedzialno\u015bci ani tanim pocieszeniem. Jest sposobem stani\u0119cia obok cz\u0142owieka, kt\u00f3ry niesie sw\u00f3j b\u00f3l w samotno\u015bci, a tak\u017ce wyra\u017cenia gotowo\u015bci, by nie\u015b\u0107 go razem z nim, cho\u0107by tylko w ciszy. Jest wyrazem blisko\u015bci tam, gdzie s\u0142owa zawodz\u0105. Pragniemy, by solidarno\u015b\u0107 stawa\u0142a si\u0119 wyrazem naszego dzia\u0142ania \u2013 codziennego, konsekwentnegoi odpowiedzialnego. Trosk\u0105, kt\u00f3ra nie ko\u0144czy si\u0119 na deklaracjach, lecz otwiera przestrze\u0144 do rozmowy, wsparcia i towarzyszenia. <\/span><\/span><\/p>\n<p class=\"western\" align=\"left\"><span style=\"font-family: Times New Roman, serif;\"><span style=\"font-size: large;\">Dzie\u0144 modlitwy i solidarno\u015bci jest dla nas wszystkich zaproszeniem do uczenia si\u0119 coraz wi\u0119kszej wra\u017cliwo\u015bcina cierpienie os\u00f3b, kt\u00f3re \u017cyj\u0105 po\u015br\u00f3d nas. <\/span><\/span><\/p>\n<p class=\"western\" align=\"left\"><span style=\"font-family: Times New Roman, serif;\"><span style=\"font-size: large;\">Czas wsp\u00f3lnej modlitwy przy Chrystusie ukrzy\u017cowanym, w kt\u00f3rego ranach jest nasze uzdrowienie, mo\u017ce nam w tym bardzo pom\u00f3c. Dlatego zach\u0119camy wsp\u00f3lnoty Ko\u015bcio\u0142a oraz wszystkich ludzi dobrej woli do uczestnictwa w tym Dniu modlitwy i solidarno\u015bci z Osobami Skrzywdzonymi,<br \/>\ndo w\u0142\u0105czenia si\u0119 w inicjatywy modlitewne i edukacyjne (\u2026). <\/span><\/span><\/p>\n<p class=\"western\" align=\"left\"><span style=\"font-family: Times New Roman, serif;\"><span style=\"font-size: large;\">B\u0105d\u017amy razem w modlitwie, wra\u017cliwo\u015bci i trosce o Osoby Skrzywdzone. Niech nasza obecno\u015b\u0107 przynosi<br \/>\nim nadziej\u0119. <\/span><\/span><\/p>\n<p class=\"western\" align=\"left\"><span style=\"font-family: Times New Roman, serif;\"><span style=\"font-size: large;\">+ Wojciech Polak <\/span><\/span><\/p>\n<p class=\"western\" align=\"left\"><span style=\"font-family: Times New Roman, serif;\"><span style=\"font-size: large;\">Arcybiskup Metropolita Gnie\u017anie\u0144ski, Prymas Polski <\/span><\/span><\/p>\n<p class=\"western\" align=\"left\"><span style=\"font-family: Times New Roman, serif;\"><span style=\"font-size: large;\">Delegat Konferencji Episkopatu Polski<br \/>\nds. ochrony dzieci i m\u0142odzie\u017cy <\/span><\/span><\/p>\n","protected":false},"excerpt":{"rendered":"<p>\u2013 S\u0142owo Delegata KEP ds. ochrony dzieci i m\u0142odzie\u017cy przed Dniem modlitwy i solidarno\u015bci z Osobami Skrzywdzonymi wykorzystaniem seksualnym (20 lutego 2026 r.) Przemoc seksualna zostawia jedn\u0105 z najg\u0142\u0119bszych ran, jak\u0105 mo\u017ce nosi\u0107 cz\u0142owiek. Zewn\u0119trznie bywa niewidoczna, ale potrafi bole\u0107 latami. Wiele os\u00f3b skrzywdzonych milczy \u2013 z l\u0119ku, wstydu, przekonania, \u017ce nikt nie zrozumie albo dlatego, \u017ce nigdy nie spotka\u0142y kogo\u015b, kto by\u0142by naprawd\u0119 got\u00f3w ich wys\u0142ucha\u0107 lub komu mog\u0142yby zaufa\u0107. Dzie\u0144 modlitwy i solidarno\u015bci jest po to, by zatrzyma\u0107 si\u0119 przy osobach skrzywdzonych i powiedzie\u0107 ka\u017cdej z nich: nie jeste\u015b sama, nie jeste\u015b sam. Chcemy, by Zranieni mogli poczu\u0107, \u017ce ich bolesne do\u015bwiadczenie nie jest ignorowane i \u017ce maj\u0105 w nas wsparcie, nawet je\u015bli nigdy o nim nie opowiedzieli. Nikt nie ma prawa zmusza\u0107 ich do ujawnienia swojej historii. Ka\u017cda z os\u00f3b skrzywdzonych ma w\u0142asny czas i w\u0142asn\u0105 drog\u0119 procesu zdrowienia. Dlatego w tym dniu nie prosimy os\u00f3b skrzywdzonych&hellip;<\/p>\n<p> <a class=\"more-link\" href=\"http:\/\/www.franciszek-walcz.pl\/?p=29595\">Czytaj dalej<\/a><\/p>\n","protected":false},"author":1,"featured_media":0,"comment_status":"closed","ping_status":"closed","sticky":false,"template":"","format":"standard","meta":{"footnotes":""},"categories":[1],"tags":[],"class_list":{"0":"post-29595","1":"post","2":"type-post","3":"status-publish","4":"format-standard","6":"category-uncategorized"},"brizy_media":[],"_links":{"self":[{"href":"http:\/\/www.franciszek-walcz.pl\/index.php?rest_route=\/wp\/v2\/posts\/29595","targetHints":{"allow":["GET"]}}],"collection":[{"href":"http:\/\/www.franciszek-walcz.pl\/index.php?rest_route=\/wp\/v2\/posts"}],"about":[{"href":"http:\/\/www.franciszek-walcz.pl\/index.php?rest_route=\/wp\/v2\/types\/post"}],"author":[{"embeddable":true,"href":"http:\/\/www.franciszek-walcz.pl\/index.php?rest_route=\/wp\/v2\/users\/1"}],"replies":[{"embeddable":true,"href":"http:\/\/www.franciszek-walcz.pl\/index.php?rest_route=%2Fwp%2Fv2%2Fcomments&post=29595"}],"version-history":[{"count":2,"href":"http:\/\/www.franciszek-walcz.pl\/index.php?rest_route=\/wp\/v2\/posts\/29595\/revisions"}],"predecessor-version":[{"id":29597,"href":"http:\/\/www.franciszek-walcz.pl\/index.php?rest_route=\/wp\/v2\/posts\/29595\/revisions\/29597"}],"wp:attachment":[{"href":"http:\/\/www.franciszek-walcz.pl\/index.php?rest_route=%2Fwp%2Fv2%2Fmedia&parent=29595"}],"wp:term":[{"taxonomy":"category","embeddable":true,"href":"http:\/\/www.franciszek-walcz.pl\/index.php?rest_route=%2Fwp%2Fv2%2Fcategories&post=29595"},{"taxonomy":"post_tag","embeddable":true,"href":"http:\/\/www.franciszek-walcz.pl\/index.php?rest_route=%2Fwp%2Fv2%2Ftags&post=29595"}],"curies":[{"name":"wp","href":"https:\/\/api.w.org\/{rel}","templated":true}]}}