{"id":29627,"date":"2026-02-17T20:47:13","date_gmt":"2026-02-17T19:47:13","guid":{"rendered":"http:\/\/www.franciszek-walcz.pl\/?p=29627"},"modified":"2026-02-17T20:47:13","modified_gmt":"2026-02-17T19:47:13","slug":"sroda-popielcowa-3","status":"publish","type":"post","link":"http:\/\/www.franciszek-walcz.pl\/?p=29627","title":{"rendered":"\u015aroda Popielcowa"},"content":{"rendered":"<p class=\"western\" align=\"justify\"><span style=\"font-family: Arial, sans-serif;\"><span style=\"font-size: medium;\">Tekst Ewangelii (Mt\u00a06,1-6.16-18):\u00a0Strze\u017ccie si\u0119, \u017ceby\u015bcie uczynk\u00f3w pobo\u017cnych nie wykonywali przed lud\u017ami po to, aby was widzieli; inaczej nie b\u0119dziecie mieli nagrody u Ojca waszego, kt\u00f3ry jest w niebie. Kiedy wi\u0119c dajesz ja\u0142mu\u017cn\u0119, nie tr\u0105b przed sob\u0105, jak ob\u0142udnicy czyni\u0105 w synagogach i na ulicach, aby ich ludzie chwalili. Zaprawd\u0119, powiadam wam: ci otrzymali ju\u017c swoj\u0105 nagrod\u0119. Kiedy za\u015b ty dajesz ja\u0142mu\u017cn\u0119, niech nie wie lewa twoja r\u0119ka, co czyni prawa, aby twoja ja\u0142mu\u017cna pozosta\u0142a w ukryciu. A Ojciec tw\u00f3j, kt\u00f3ry widzi w ukryciu, odda tobie.<\/p>\n<p>Gdy si\u0119 modlicie, nie b\u0105d\u017acie jak ob\u0142udnicy. Oni lubi\u0105 w synagogach i na rogach ulic wystawa\u0107 i modli\u0107 si\u0119, \u017ceby si\u0119 ludziom pokaza\u0107. Zaprawd\u0119, powiadam wam: otrzymali ju\u017c swoj\u0105 nagrod\u0119. Ty za\u015b, gdy chcesz si\u0119 modli\u0107, wejd\u017a do swej izdebki, zamknij drzwi i m\u00f3dl si\u0119 do Ojca twego, kt\u00f3ry jest w ukryciu. A Ojciec tw\u00f3j, kt\u00f3ry widzi w ukryciu, odda tobie. Kiedy po\u015bcicie, nie b\u0105d\u017acie pos\u0119pni jak ob\u0142udnicy. Przybieraj\u0105 oni wygl\u0105d ponury, aby pokaza\u0107 ludziom, \u017ce poszcz\u0105. Zaprawd\u0119, powiadam wam: ju\u017c odebrali swoj\u0105 nagrod\u0119. Ty za\u015b, gdy po\u015bcisz, nama\u015b\u0107 sobie g\u0142ow\u0119 i umyj twarz, aby nie ludziom pokaza\u0107, \u017ce po\u015bcisz, ale Ojcu twemu, kt\u00f3ry jest w ukryciu. A Ojciec tw\u00f3j, kt\u00f3ry widzi w ukryciu, odda tobie.<\/span><\/span><\/p>\n<p class=\"western\" align=\"justify\"><strong><span style=\"font-family: Arial, sans-serif;\"><span style=\"font-size: medium;\">\u00abStrze\u017ccie si\u0119, \u017ceby\u015bcie uczynk\u00f3w pobo\u017cnych nie wykonywali przed lud\u017ami po to, aby was widzieli\u00bb<\/span><\/span><\/strong><\/p>\n<p class=\"western\" align=\"justify\"><span style=\"font-family: Arial, sans-serif;\"><span style=\"font-size: medium;\">Podobno Leonardo da Vinci, zapytany\u00a0Ile ma lat, odpowiada\u0142:\u00a0Nie wiem.\u00a0Gdy rozm\u00f3wca okazywa\u0142 zaskoczenie i zdziwienie odpowiedzi\u0105, wielki artysta, my\u015bliciel i wynalazca wyja\u015bnia\u0142:\u00a0Lata, kt\u00f3re prze\u017cy\u0142em, przemin\u0119\u0142y, odesz\u0142y w przesz\u0142o\u015b\u0107. Nie ma ich, nie mog\u0119 wi\u0119c powiedzie\u0107, \u017ce je MAM. Tak naprawd\u0119 MAM te szanse i mo\u017cliwo\u015bci, kt\u00f3re s\u0105 przede mn\u0105. Mog\u0119 wp\u0142yn\u0105\u0107 na to, co jest i b\u0119dzie, a nie na to, co by\u0142o. NIE MAM wi\u0119c tego, co dzi\u015b jest przesz\u0142o\u015bci\u0105, a MAM to, co przychodzi z przysz\u0142o\u015bci. St\u0105d odpowied\u017a na pytanie \u00abile mam lat\u00bb, brzmi \u2013 zgodnie z prawd\u0105 \u2013 \u00abnie wiem\u00bb&#8230;<\/span><\/span><\/p>\n<p class=\"western\" align=\"justify\"><span style=\"font-family: Arial, sans-serif;\"><span style=\"font-size: medium;\">Mo\u017cna powiedzie\u0107, \u017ce wielkim, g\u0142\u00f3wnym tematem Bo\u017cego objawienia jest\u00a0\u017cycie ukryte. Oczywi\u015bcie \u2013 jest ono dane, podarowane, ale jednocze\u015bnie ukryte. Z perspektywy naszego \u015bwiata pe\u0142nia \u017cycia \u2013 zanim stanie si\u0119 osi\u0105galna \u2013 pozostaje ukryta. Ziemskie \u017cycie to czas, kt\u00f3ry MAMY\u2026 ale mamy na odkrywanie i znalezienie \u017cycia prawdziwego.<\/span><\/span><\/p>\n<p class=\"western\" align=\"justify\"><span style=\"font-family: Arial, sans-serif;\"><span style=\"font-size: medium;\">Pierwszy kaznodzieja dnia dzisiejszego \u2013 popi\u00f3\u0142\u00a0\u2013 przypomina bez s\u0142\u00f3w, co zostaje z doczesno\u015bci, prze\u017cywanej powierzchownie, prze\u017cywanej bez szukania tego, co ukryte. Zostaje gar\u015b\u0107 popio\u0142u. Warto o tym pami\u0119ta\u0107. Warto pami\u0119ta\u0107, \u017ce przemijanie bezlito\u015bnie zweryfikuje prawdziw\u0105 warto\u015b\u0107 naszych cel\u00f3w, stara\u0144 i wysi\u0142k\u00f3w. \u017bycie jest nam naprawd\u0119 podarowane. P\u00f3ki co, jako kszta\u0142t \u017cycia, znamy jednak wy\u0142\u0105cznie \u017cycie ziemskie. Dociekliwi pytaj\u0105 zatem czy doczesno\u015b\u0107 to ju\u017c cel ostateczny, czy tylko \u015brodek do celu. Czy dar (dar \u017cycia) jest tylko po to, \u017ceby go \u201ezu\u017cy\u0107\u201d, czy r\u00f3wnie\u017c (a mo\u017ce nawet\u00a0przede wszystkim) po to, aby zapyta\u0107 kim jest jego dawca i nawi\u0105za\u0107 z nim relacj\u0119? Mo\u017cna oczywi\u015bcie \u201eu\u017cywa\u0107 \u017cycia\u201d i nie pyta\u0107 o jego \u017ar\u00f3d\u0142o . Tylko, \u017ce u ko\u0144ca tej drogi pozostanie\u2026 gar\u015b\u0107 popio\u0142u\u2026 i bezradna gorzka refleksja, \u017ce jednak\u00a0mo\u017cna by\u0142o inaczej&#8230;<\/span><\/span><\/p>\n<p class=\"western\" align=\"justify\"><span style=\"font-family: Arial, sans-serif;\"><span style=\"font-size: medium;\">\u015aroda Popielcowa to doskona\u0142a okazja do przypomnienia sobie tego, o czym zazwyczaj nie chcemy lub nie lubimy pami\u0119ta\u0107. Nie nale\u017cy tego jednak rozumie\u0107 jako karcenie, lub straszenie, ale raczej jako przypominanie nam o czym\u015b najwa\u017cniejszym w naszym \u017cyciu. Tak w dzisiejszych czytaniach, jak i w ca\u0142ej liturgii pojawiaj\u0105 si\u0119 dwa elementy: temat nawr\u00f3cenia i element pokuty. Ca\u0142y Wielki Post to okres szczeg\u00f3lnie tym dw\u00f3m tematom po\u015bwi\u0119cony. A w liturgii \u015arody Popielcowej wyra\u017ca si\u0119 to nie tylko s\u0142owami czyta\u0144, ale i formu\u0142\u0105 jak\u0105 kap\u0142an wypowiada posypuj\u0105c nasze g\u0142owy popio\u0142em: \u201eNawracajcie si\u0119 i wierzcie w Ewangeli\u0119\u201d lub \u201ePami\u0119taj, \u017ce jeste\u015b prochem i w proch si\u0119 obr\u00f3cisz\u201d . Przypominaj\u0105 nam te s\u0142owa o konieczno\u015bci ustawicznego rewidowania naszego \u017cycia i pog\u0142\u0119biania naszej wiary, oraz o jego krucho\u015bci i sko\u0144czono\u015bci. By\u0107 mo\u017ce dlatego dzisiaj Ko\u015bci\u00f3\u0142 przypomina nam prawd\u0119 o sko\u0144czono\u015bci naszego doczesnego \u017cycia, aby z tym wi\u0119ksz\u0105 rado\u015bci\u0105 oznajmi\u0107 na zako\u0144czenie Wielkiego Postu, \u017ce Zmartwychwstanie Chrystusa daje nam szans\u0119 na \u017cycie wieczne ?<\/span><\/span><\/p>\n<p class=\"western\" align=\"justify\"><span style=\"font-family: Arial, sans-serif;\"><span style=\"font-size: medium;\">Zanim jednak dojdziemy do rado\u015bci Wielkanocnego poranka trzeba aby\u015bmy si\u0119 nawr\u00f3cili i naprawd\u0119 uwierzyli Panu \u017bycia i \u015amierci, Jezusowi Chrystusowi. Tak wi\u0119c ani \u015aroda Popielcowa, ani Wielki Post nie s\u0105 czasem \u017ca\u0142oby i ponuractwa. Jest raczej czasem refleksji nad sob\u0105 i czasem przypominania o tym o czym zazwyczaj nie chcemy pami\u0119ta\u0107.<\/span><\/span><\/p>\n<p class=\"western\" align=\"justify\"><a name=\"_GoBack\"><\/a> <span style=\"font-family: Arial, sans-serif;\"><span style=\"font-size: medium;\">M\u00f3wienie w dzisiejszych czasach o pokucie i potrzebie nawr\u00f3cenia nie bardzo jest w modzie, bo czasy wsp\u00f3\u0142czesne cierpi\u0105 na duchow\u0105 kr\u00f3tkowzroczno\u015b\u0107 i oczarowanie doczesno\u015bci\u0105. Nie dostrzegaj\u0105c wiecznych horyzont\u00f3w, gloryfikuj\u0105 dora\u017any sukces i p\u0142ytkie\u00a0 szcz\u0119\u015bcie.\u00a0St\u0105d tym bardziej trzeba sobie o tym przypomina\u0107 , aby\u015bmy nie dali si\u0119 poch\u0142on\u0105\u0107 owej doczesno\u015bci.. Bo doczesno\u015b\u0107 sama w sobie nie jest z\u0142em, ale tylko wtedy, gdy jest m\u0105drze przemieniana w wieczno\u015b\u0107. I to w\u0142a\u015bnie proponuje nam Ko\u015bci\u00f3\u0142 w okresie rozpoczynaj\u0105cego si\u0119 Wielkiego Postu; jak m\u0105drze przez pokut\u0119 i nawr\u00f3cenie przemienia\u0107 to, co nieustannie przemija w tworzywo wieczne.<\/span><\/span><\/p>\n<p class=\"western\" align=\"justify\"><span style=\"font-family: Arial, sans-serif;\"><span style=\"font-size: medium;\">Pochylaj\u0105c g\u0142ow\u0119 do posypania\u00a0 popio\u0142em pomy\u015bl w\u0142a\u015bnie o tym, \u017ce oto Chrystus, Kt\u00f3ry jest tak\u017ce Panem czasu i wieczno\u015bci powo\u0142uje ci\u0119 w\u0142a\u015bnie do czego\u015b wi\u0119kszego, do nie\u015bmiertelno\u015bci.<\/span><\/span><\/p>\n","protected":false},"excerpt":{"rendered":"<p>Tekst Ewangelii (Mt\u00a06,1-6.16-18):\u00a0Strze\u017ccie si\u0119, \u017ceby\u015bcie uczynk\u00f3w pobo\u017cnych nie wykonywali przed lud\u017ami po to, aby was widzieli; inaczej nie b\u0119dziecie mieli nagrody u Ojca waszego, kt\u00f3ry jest w niebie. Kiedy wi\u0119c dajesz ja\u0142mu\u017cn\u0119, nie tr\u0105b przed sob\u0105, jak ob\u0142udnicy czyni\u0105 w synagogach i na ulicach, aby ich ludzie chwalili. Zaprawd\u0119, powiadam wam: ci otrzymali ju\u017c swoj\u0105 nagrod\u0119. Kiedy za\u015b ty dajesz ja\u0142mu\u017cn\u0119, niech nie wie lewa twoja r\u0119ka, co czyni prawa, aby twoja ja\u0142mu\u017cna pozosta\u0142a w ukryciu. A Ojciec tw\u00f3j, kt\u00f3ry widzi w ukryciu, odda tobie. Gdy si\u0119 modlicie, nie b\u0105d\u017acie jak ob\u0142udnicy. Oni lubi\u0105 w synagogach i na rogach ulic wystawa\u0107 i modli\u0107 si\u0119, \u017ceby si\u0119 ludziom pokaza\u0107. Zaprawd\u0119, powiadam wam: otrzymali ju\u017c swoj\u0105 nagrod\u0119. Ty za\u015b, gdy chcesz si\u0119 modli\u0107, wejd\u017a do swej izdebki, zamknij drzwi i m\u00f3dl si\u0119 do Ojca twego, kt\u00f3ry jest w ukryciu. A Ojciec tw\u00f3j, kt\u00f3ry widzi w ukryciu, odda tobie. Kiedy po\u015bcicie, nie b\u0105d\u017acie&hellip;<\/p>\n<p> <a class=\"more-link\" href=\"http:\/\/www.franciszek-walcz.pl\/?p=29627\">Czytaj dalej<\/a><\/p>\n","protected":false},"author":1,"featured_media":0,"comment_status":"closed","ping_status":"closed","sticky":false,"template":"","format":"standard","meta":{"footnotes":""},"categories":[5],"tags":[],"class_list":{"0":"post-29627","1":"post","2":"type-post","3":"status-publish","4":"format-standard","6":"category-artykuly"},"brizy_media":[],"_links":{"self":[{"href":"http:\/\/www.franciszek-walcz.pl\/index.php?rest_route=\/wp\/v2\/posts\/29627","targetHints":{"allow":["GET"]}}],"collection":[{"href":"http:\/\/www.franciszek-walcz.pl\/index.php?rest_route=\/wp\/v2\/posts"}],"about":[{"href":"http:\/\/www.franciszek-walcz.pl\/index.php?rest_route=\/wp\/v2\/types\/post"}],"author":[{"embeddable":true,"href":"http:\/\/www.franciszek-walcz.pl\/index.php?rest_route=\/wp\/v2\/users\/1"}],"replies":[{"embeddable":true,"href":"http:\/\/www.franciszek-walcz.pl\/index.php?rest_route=%2Fwp%2Fv2%2Fcomments&post=29627"}],"version-history":[{"count":1,"href":"http:\/\/www.franciszek-walcz.pl\/index.php?rest_route=\/wp\/v2\/posts\/29627\/revisions"}],"predecessor-version":[{"id":29628,"href":"http:\/\/www.franciszek-walcz.pl\/index.php?rest_route=\/wp\/v2\/posts\/29627\/revisions\/29628"}],"wp:attachment":[{"href":"http:\/\/www.franciszek-walcz.pl\/index.php?rest_route=%2Fwp%2Fv2%2Fmedia&parent=29627"}],"wp:term":[{"taxonomy":"category","embeddable":true,"href":"http:\/\/www.franciszek-walcz.pl\/index.php?rest_route=%2Fwp%2Fv2%2Fcategories&post=29627"},{"taxonomy":"post_tag","embeddable":true,"href":"http:\/\/www.franciszek-walcz.pl\/index.php?rest_route=%2Fwp%2Fv2%2Ftags&post=29627"}],"curies":[{"name":"wp","href":"https:\/\/api.w.org\/{rel}","templated":true}]}}