{"id":29633,"date":"2026-02-21T17:40:30","date_gmt":"2026-02-21T16:40:30","guid":{"rendered":"http:\/\/www.franciszek-walcz.pl\/?p=29633"},"modified":"2026-02-21T17:42:47","modified_gmt":"2026-02-21T16:42:47","slug":"29633","status":"publish","type":"post","link":"http:\/\/www.franciszek-walcz.pl\/?p=29633","title":{"rendered":"Plan Rekolekcji"},"content":{"rendered":"<p align=\"center\"><span style=\"font-family: Times New Roman, serif;\"><span style=\"font-size: xx-large;\"><b>Plan rekolekcji<\/b><\/span><\/span><\/p>\n<p style=\"text-align: center;\" align=\"left\"><span style=\"font-family: Times New Roman, serif;\"><span style=\"color: #c00000;\"><span style=\"font-size: x-large;\"><u><b>NIEDZIELA<\/b><\/u><\/span><\/span><u> <\/u><span style=\"font-size: x-large;\"><u><b>1.03.2026<\/b><\/u><\/span><\/span><\/p>\n<p style=\"text-align: center;\" align=\"left\"><span style=\"font-family: Times New Roman, serif;\"><span style=\"font-size: x-large;\"><b>8.40<\/b><\/span><span style=\"font-size: x-large;\"> &#8211;<\/span> <span style=\"color: #ff9900;\"><span style=\"font-size: x-large;\"><b>GORZKIE \u017bALE<\/b><\/span><span style=\"font-size: x-large;\">\/z wystawieniem Naj\u015bw. Sakr. \/<\/span><\/span><\/span><\/p>\n<p style=\"text-align: center;\" align=\"left\"><span style=\"font-family: Times New Roman, serif;\"><span style=\"color: #ff0000;\"><span style=\"font-size: x-large;\"><b>9.00<\/b><\/span><\/span><span style=\"font-size: x-large;\"> &#8211; <\/span><span style=\"font-size: x-large;\"><b>MSZA \u015aW. Z NAUK\u0104 OG\u00d3LN\u0104<\/b><\/span><\/span><\/p>\n<p style=\"text-align: center;\" align=\"left\"><span style=\"font-family: Times New Roman, serif;\"><span style=\"color: #ff0000;\"><span style=\"font-size: x-large;\"><b>10.30<\/b><\/span><\/span><span style=\"font-size: x-large;\"> &#8211; <\/span><span style=\"font-size: x-large;\"><b>MSZA \u015aW.<\/b><\/span> <span style=\"font-size: x-large;\"><b>Z NAUK\u0104 OG\u00d3LN\u0104<\/b><\/span> <\/span><\/p>\n<p style=\"text-align: center;\" align=\"left\"><span style=\"font-family: Times New Roman, serif;\"><span style=\"color: #7030a0;\"><span style=\"font-size: x-large;\"><u><b>PONIEDZIA\u0141EK<\/b><\/u><\/span><\/span><span style=\"font-size: x-large;\"><u><b> 2.03.2026<\/b><\/u><\/span><\/span><\/p>\n<p style=\"text-align: center;\" align=\"left\"><span style=\"font-family: Times New Roman, serif;\"><span style=\"font-size: x-large;\"><b>17.30<\/b><\/span><span style=\"font-size: x-large;\"> &#8211; <\/span><span style=\"color: #ff9900;\"><span style=\"font-size: x-large;\"><b>KORONKA DO MI\u0141OSIERDZIA BO\u017bEGO<\/b><\/span> <\/span><\/span><\/p>\n<p style=\"text-align: center;\" align=\"left\"><span style=\"font-family: Times New Roman, serif;\"><span style=\"color: #ff0000;\"><span style=\"font-size: x-large;\"><b>18.00<\/b><\/span><\/span><span style=\"font-size: x-large;\"> &#8211; <\/span><span style=\"font-size: x-large;\"><b>MSZA \u015aWI\u0118TA Z NAUK\u0104 OG\u00d3LN\u0104<\/b><\/span><\/span><\/p>\n<p style=\"text-align: center;\" align=\"left\"><span style=\"font-family: Times New Roman, serif;\"><span style=\"color: #7030a0;\"><span style=\"font-size: x-large;\"><u><b>WTOREK<\/b><\/u><\/span><\/span><u> <\/u><span style=\"font-size: x-large;\"><u><b>03.03.2026<\/b><\/u><\/span><\/span><\/p>\n<p style=\"text-align: center;\" align=\"left\"><span style=\"font-family: Times New Roman, serif;\"><span style=\"color: #cc00ff;\"><span style=\"font-size: x-large;\"><b>17.00<\/b><\/span><\/span><span style=\"font-size: x-large;\"> &#8211; <\/span><span style=\"color: #ff0000;\"><span style=\"font-size: x-large;\"><b>SAKRAMENT POKUTY<\/b><\/span><\/span><\/span><\/p>\n<p style=\"text-align: center;\" align=\"left\"><span style=\"font-family: Times New Roman, serif;\"><span style=\"color: #ff0000;\"><span style=\"font-size: x-large;\"><b>18.00<\/b><\/span><\/span><span style=\"font-size: x-large;\"> &#8211; <\/span><span style=\"font-size: x-large;\"><b>MSZA \u015aWI\u0118TA Z NAUK\u0104 OG\u00d3LN\u0104<\/b><\/span><\/span><\/p>\n<p style=\"text-align: center;\" align=\"left\"><span style=\"font-family: Times New Roman, serif;\"><span style=\"color: #7030a0;\"><span style=\"font-size: x-large;\"><u><b>\u015aRODA<\/b><\/u><\/span><\/span><span style=\"font-size: x-large;\"><u><b> 04.03.2026<\/b><\/u><\/span><\/span><\/p>\n<p style=\"text-align: center;\" align=\"left\"><span style=\"font-family: Times New Roman, serif;\"><span style=\"font-size: x-large;\"><b>17.30<\/b><\/span><span style=\"font-size: x-large;\"> &#8211; <\/span><span style=\"color: #ff9900;\"><span style=\"font-size: x-large;\"><b> DROGA KRZY\u017bOWA<\/b><\/span><\/span><\/span><\/p>\n<p style=\"text-align: center;\" align=\"left\"><span style=\"font-family: Times New Roman, serif;\"><span style=\"color: #ff0000;\"><span style=\"font-size: x-large;\"><b>18.00<\/b><\/span><\/span><span style=\"font-size: x-large;\"> &#8211; <\/span><span style=\"font-size: x-large;\"><b>MSZA \u015aWI\u0118TA Z NAUK\u0104 OG\u00d3LN\u0104 ORAZ<\/b><\/span> <span style=\"color: #c00000;\"><span style=\"font-size: x-large;\">B\u0141OGOS\u0141AWIE\u0143STWEM KO\u0143CZ\u0104CYM REKOLEKCJE<\/span><\/span><\/span><\/p>\n","protected":false},"excerpt":{"rendered":"<p>Plan rekolekcji NIEDZIELA 1.03.2026 8.40 &#8211; GORZKIE \u017bALE\/z wystawieniem Naj\u015bw. Sakr. \/ 9.00 &#8211; MSZA \u015aW. Z NAUK\u0104 OG\u00d3LN\u0104 10.30 &#8211; MSZA \u015aW. Z NAUK\u0104 OG\u00d3LN\u0104 PONIEDZIA\u0141EK 2.03.2026 17.30 &#8211; KORONKA DO MI\u0141OSIERDZIA BO\u017bEGO 18.00 &#8211; MSZA \u015aWI\u0118TA Z NAUK\u0104 OG\u00d3LN\u0104 WTOREK 03.03.2026 17.00 &#8211; SAKRAMENT POKUTY 18.00 &#8211; MSZA \u015aWI\u0118TA Z NAUK\u0104 OG\u00d3LN\u0104 \u015aRODA 04.03.2026 17.30 &#8211; DROGA KRZY\u017bOWA 18.00 &#8211; MSZA \u015aWI\u0118TA Z NAUK\u0104 OG\u00d3LN\u0104 ORAZ B\u0141OGOS\u0141AWIE\u0143STWEM KO\u0143CZ\u0104CYM REKOLEKCJE<\/p>\n","protected":false},"author":1,"featured_media":0,"comment_status":"closed","ping_status":"closed","sticky":false,"template":"","format":"standard","meta":{"footnotes":""},"categories":[1],"tags":[],"class_list":{"0":"post-29633","1":"post","2":"type-post","3":"status-publish","4":"format-standard","6":"category-uncategorized"},"brizy_media":[],"_links":{"self":[{"href":"http:\/\/www.franciszek-walcz.pl\/index.php?rest_route=\/wp\/v2\/posts\/29633","targetHints":{"allow":["GET"]}}],"collection":[{"href":"http:\/\/www.franciszek-walcz.pl\/index.php?rest_route=\/wp\/v2\/posts"}],"about":[{"href":"http:\/\/www.franciszek-walcz.pl\/index.php?rest_route=\/wp\/v2\/types\/post"}],"author":[{"embeddable":true,"href":"http:\/\/www.franciszek-walcz.pl\/index.php?rest_route=\/wp\/v2\/users\/1"}],"replies":[{"embeddable":true,"href":"http:\/\/www.franciszek-walcz.pl\/index.php?rest_route=%2Fwp%2Fv2%2Fcomments&post=29633"}],"version-history":[{"count":3,"href":"http:\/\/www.franciszek-walcz.pl\/index.php?rest_route=\/wp\/v2\/posts\/29633\/revisions"}],"predecessor-version":[{"id":29637,"href":"http:\/\/www.franciszek-walcz.pl\/index.php?rest_route=\/wp\/v2\/posts\/29633\/revisions\/29637"}],"wp:attachment":[{"href":"http:\/\/www.franciszek-walcz.pl\/index.php?rest_route=%2Fwp%2Fv2%2Fmedia&parent=29633"}],"wp:term":[{"taxonomy":"category","embeddable":true,"href":"http:\/\/www.franciszek-walcz.pl\/index.php?rest_route=%2Fwp%2Fv2%2Fcategories&post=29633"},{"taxonomy":"post_tag","embeddable":true,"href":"http:\/\/www.franciszek-walcz.pl\/index.php?rest_route=%2Fwp%2Fv2%2Ftags&post=29633"}],"curies":[{"name":"wp","href":"https:\/\/api.w.org\/{rel}","templated":true}]}}