{"id":29639,"date":"2026-02-21T17:45:00","date_gmt":"2026-02-21T16:45:00","guid":{"rendered":"http:\/\/www.franciszek-walcz.pl\/?p=29639"},"modified":"2026-02-21T17:45:22","modified_gmt":"2026-02-21T16:45:22","slug":"29639","status":"publish","type":"post","link":"http:\/\/www.franciszek-walcz.pl\/?p=29639","title":{"rendered":"List pasterski Biskupa Polowego"},"content":{"rendered":"<p align=\"right\"><span style=\"font-family: Times New Roman, serif;\"><span style=\"font-size: medium;\">Warszawa, dnia 16 lutego 2026 roku<\/span><\/span><\/p>\n<p align=\"justify\"><span style=\"font-family: Times New Roman, serif;\"><span style=\"font-size: medium;\">132\/Bp\/2026 <\/span><\/span><\/p>\n<p align=\"center\"><span style=\"font-family: Times New Roman, serif;\"><span style=\"font-size: medium;\"><b>List pasterski Biskupa Polowego na Wielki Post 2026 roku <a class=\"sdfootnoteanc\" href=\"#sdfootnote1sym\" name=\"sdfootnote1anc\"><sup>1<\/sup><\/a><\/b><\/span><\/span><\/p>\n<p align=\"justify\"><span style=\"font-family: Times New Roman, serif;\"><span style=\"font-size: medium;\">Drodzy Siostry i Bracia,<\/span><\/span><\/p>\n<p align=\"justify\"><span style=\"font-family: Times New Roman, serif;\"><span style=\"font-size: medium;\">pozdrawiam Was na pocz\u0105tku Wielkiego Postu, kt\u00f3ry jest 40-dniow\u0105 drog\u0105 wiod\u0105c\u0105 na spotkanie ze zmartwychwsta\u0142ym Panem. W \u015arod\u0119 Popielcow\u0105 Pan Jezus wskaza\u0142 na trzy sposoby, kt\u00f3re prowadz\u0105 do spotkania z Nim, a mianowicie modlitw\u0119, post i ja\u0142mu\u017cn\u0119. Dzisiaj natomiast Ewangelia ukazuje nam Jezusa, kt\u00f3ry nie poucza nas ju\u017c swoimi s\u0142owami, ale swoim przyk\u0142adem. Przebywaj\u0105c na pustyni, odnosi zwyci\u0119stwo nad szatanem, kt\u00f3ry pragn\u0105\u0142 Go uwie\u015b\u0107 podobnymi sposobami, w jaki udaje mu si\u0119 zwie\u015b\u0107 wielu ludzi. Jezus nie ulega po\u017c\u0105dliwo\u015bci cia\u0142a, pysze ani \u017c\u0105dzy s\u0142awy. Pokonanie pokus szata\u0144skich na pustyni by\u0142o zapowiedz\u0105 ostatecznego zwyci\u0119stwa Jezusa dzi\u0119ki zmartwychwstaniu. W\u0142a\u015bnie perspektywa zmartwychwstania Jezusa<br \/>\ni naszego powstania z martwych winna nam towarzyszy\u0107 w dniach Wielkiego Postu, nadawa\u0107 sens naszym wyrzeczeniom i zach\u0119ca\u0107 do refleksji nad tym, co najwa\u017cniejsze w naszym \u017cyciu.<\/span><\/span><\/p>\n<p align=\"justify\"><span style=\"font-family: Times New Roman, serif;\"><span style=\"font-size: medium;\">Maj\u0105c na uwadze paschalny wymiar Wielkiego Postu i naszego \u017cycia, czyli przechodzenie ze \u015bmierci do zmartwychwstania, postanowi\u0142em po\u015bwi\u0119ci\u0107 ten pasterski list \u015bwi\u0119towaniu niedzieli. Niedziela bowiem jest pami\u0105tk\u0105 zmartwychwstania Jezusa<br \/>\ni st\u0105d od czasu pierwszych chrze\u015bcijan nazywana by\u0142a \u201eDniem Pa\u0144skim\u201d. Obowi\u0105zek \u015bwi\u0119towania niedzieli p\u0142ynie z pos\u0142usze\u0144stwa III Bo\u017cemu przykazaniu, ale tak\u017ce<br \/>\nz naszej wdzi\u0119czno\u015bci wobec Jezusa, kt\u00f3ry odda\u0142 swoje \u017cycie, aby\u015bmy mogli z nadziej\u0105 patrze\u0107 nie tylko na nasz\u0105 przysz\u0142o\u015b\u0107 mierzon\u0105 czasem, ale i na ca\u0142\u0105 wieczno\u015b\u0107.<br \/>\nDo napisania tych kilku s\u0142\u00f3w przynagla mnie r\u00f3wnie\u017c \u015bwiadomo\u015b\u0107, \u017ce wi\u0119kszo\u015b\u0107 deklaruj\u0105cych si\u0119 chrze\u015bcijan w Polsce nie uczestniczy regularnie w \u015bwi\u0119towaniu m\u0119ki i zmartwychwstania Jezusa. Wielki Post do dobry czas, aby podj\u0105\u0107 decyzj\u0119 regularnej obecno\u015bci w niedzielnej Mszy \u015bwi\u0119tej; by we wsp\u00f3lnocie Ko\u015bcio\u0142a wyzna\u0107: \u201eg\u0142osimy \u015bmier\u0107 Twoj\u0105 Panie Jezu, wyznajemy twoje zmartwychwstanie, i oczekujemy Twego przyj\u015bcia w chwale\u201d. <\/span><\/span><\/p>\n<p align=\"justify\"><span style=\"font-family: Times New Roman, serif;\"><span style=\"font-size: medium;\">Niedziela od samego pocz\u0105tku by\u0142a uwa\u017cana przez chrze\u015bcijan za najwa\u017cniejszy dzie\u0144 tygodnia ze wzgl\u0119du na sw\u00f3j \u015bcis\u0142y zwi\u0105zek z Niedziel\u0105 Zmartwychwstania Pa\u0144skiego. Na pocz\u0105tku V wieku papie\u017c Innocenty I wyzna\u0142: \u201eMy \u015bwi\u0119tujemy niedziele, aby wspomina\u0107 chwalebne zmartwychwstanie naszego Pana Jezusa Chrystusa nie tylko w dzie\u0144 Wielkanocy\u201d. Tak wi\u0119c niedzielna Msza \u015bwi\u0119ta dotyka samej istoty naszej wiary, zgodnie ze s\u0142owami \u015bw. Paw\u0142a: \u201eje\u015bli Chrystus nie zmartwychwsta\u0142, daremne jest nasze nauczanie, pr\u00f3\u017cna jest tak\u017ce nasza wiara\u201d (1 Kor 15,14). <\/span><\/span><\/p>\n<p align=\"justify\"><span style=\"font-family: Times New Roman, serif;\"><span style=\"font-size: medium;\">Od samego pocz\u0105tku chrze\u015bcija\u0144stwa niedziela jako pami\u0105tka zmartwychwstania Jezusa by\u0142a traktowana wyj\u0105tkowo przez chrze\u015bcijan, kt\u00f3rzy nierzadko oddawali swoje \u017cycie za uczestniczenie w niedzielnym zgromadzeniu liturgicznym, zwanym w\u00f3wczas \u201e\u0142amaniem chleba\u201d. \u015aw. Justyn, m\u0119czennik \u017cyj\u0105cy w II wieku, opisa\u0142 histori\u0119 z okresu prze\u015bladowa\u0144 cesarza Dioklecjana, kt\u00f3ry zakaza\u0142 chrze\u015bcijanom zgromadze\u0144 niedzielnych pod gro\u017ab\u0105 najsurowszych kar. Wielu wola\u0142o ponie\u015b\u0107 \u015bmier\u0107 ni\u017c opu\u015bci\u0107 niedzieln\u0105 Eucharysti\u0119. Przyk\u0142adem s\u0105 m\u0119czennicy z Abiteny w Afryce, kt\u00f3rzy powiedzieli prze\u015bladowcom: \u201ebez \u017cadnej obawy sprawowali\u015bmy wieczerz\u0119 Pa\u0144sk\u0105, poniewa\u017c nie wolno jej zaniecha\u0107, takie jest nasze prawo; nie mo\u017cemy pozosta\u0107 bez wieczerzy Pa\u0144skiej\u201d. <\/span><\/span><\/p>\n<p align=\"justify\"><span style=\"font-family: Times New Roman, serif;\"><span style=\"font-size: medium;\">Czy przyk\u0142ad naszych braci i si\u00f3str nie zawstydza nas i nie prowokuje<br \/>\ndo przemy\u015ble\u0144?! Czy my mogliby\u015bmy z r\u0119k\u0105 na sercu powiedzie\u0107 to samo: nie mo\u017cemy pozosta\u0107 bez wieczerzy Pa\u0144skiej?<\/span><\/span><\/p>\n<p align=\"justify\"><span style=\"font-family: Times New Roman, serif;\"><span style=\"font-size: medium;\">Wsp\u00f3lnota Ko\u015bcio\u0142a od pocz\u0105tku uwra\u017cliwia\u0142a wiernych na kwesti\u0119 udzia\u0142u<br \/>\nw niedzielnych zgromadzeniach eucharystycznych, a w VI wieku po raz pierwszy wprowadzono formalny obowi\u0105zek uczestnictwa w niedzielnej Mszy. \u015awiadome<br \/>\ni dobrowolne naruszenie tego nakazu traktowano w kategoriach grzechu ci\u0119\u017ckiego.<br \/>\nNa przestrzeni wiek\u00f3w niewiele si\u0119 zmieni\u0142o w doktrynie Ko\u015bcio\u0142a. W 1953 roku Leon XII powr\u00f3ci\u0142 do praktyki pierwszych chrze\u015bcijan i przywr\u00f3ci\u0142 mo\u017cliwo\u015b\u0107 odprawiania Mszy niedzielnych ju\u017c w sobot\u0119 wieczorem. <\/span><\/span><\/p>\n<p align=\"justify\"><span style=\"font-family: Times New Roman, serif;\"><span style=\"font-size: medium;\">Prawo i przepisy ko\u015bcielne, chocia\u017c wa\u017cne, nie s\u0105 jednak celem samym w sobie. Owszem, wa\u017cne jest spe\u0142nienie obowi\u0105zku wynikaj\u0105cego z Bo\u017cego czy ko\u015bcielnego przykazania. Ale najwa\u017cniejsza winna by\u0107 intencja serca, kt\u00f3re kieruje<br \/>\nsi\u0119 wdzi\u0119czno\u015bci\u0105 wobec zbawczego czynu Jezusa, wiar\u0105, mi\u0142o\u015bci\u0105 i nadziej\u0105. Podczas niedzielnych i \u015bwi\u0105tecznych Mszy najwa\u017cniejszy jest Pan Jezus, kt\u00f3rego mamy okazj\u0119 s\u0142ucha\u0107 podczas liturgii s\u0142owa, i z kt\u00f3rym mo\u017cemy si\u0119 spotka\u0107 oraz zjednoczy\u0107 podczas liturgii eucharystycznej. Nie bez znaczenia jest r\u00f3wnie\u017c spotkanie we wsp\u00f3lnocie wierz\u0105cych. \u015awiadectwo wiary braci i si\u00f3str umacnia bowiem nasz\u0105 wiar\u0119 i podtrzymuje w chwilach zw\u0105tpienia. <\/span><\/span><\/p>\n<p align=\"justify\"><span style=\"font-family: Times New Roman, serif;\"><span style=\"font-size: medium;\">Skoro mowa o \u015bwiadectwie, to chcia\u0142bym zwr\u00f3ci\u0107 uwag\u0119, zw\u0142aszcza rodzic\u00f3w, na odpowiedzialno\u015b\u0107 za wychowanie dzieci w wierze katolickiej. Do tego zobowi\u0105zuj\u0105 si\u0119 przecie\u017c rodzice podczas chrztu ich dzieci. Tak\u017ce chrzestni deklaruj\u0105 wspomaganie rodzic\u00f3w w wype\u0142nianiu tego zadania. W tym kontek\u015bcie pragn\u0119 bardzo podzi\u0119kowa\u0107 wszystkim rodzicom, chrzestnym i dziadkom, kt\u00f3rzy ucz\u0105 w\u0142asne dzieci i wnuki mi\u0142o\u015bci do Pana Jezusa poprzez obecno\u015b\u0107 na Eucharystii niedzielnej. Zach\u0119cam r\u00f3wnocze\u015bnie wszystkich do rachunku sumienia i do konkretnych postanowie\u0144 zgodnych z przyj\u0119tymi w sakramencie chrztu zobowi\u0105zaniami.<\/span><\/span><\/p>\n<p align=\"justify\"><span style=\"font-family: Times New Roman, serif;\"><span style=\"font-size: medium;\">W ostatnich latach, przede wszystkim w zwi\u0105zku z pandemi\u0105 Covid-19, w\u015br\u00f3d niekt\u00f3rych utrwali\u0142o si\u0119 przekonanie, \u017ce mo\u017cna bra\u0107 udzia\u0142 w niedzielnej Mszy<br \/>\nza po\u015brednictwem radia, telewizora czy komputera we w\u0142asnym pokoju, tak samo jak<br \/>\nw ko\u015bciele, przez co nadal dyspensuj\u0105 si\u0119 od osobistego przychodzenia do \u015bwi\u0105tyni. Pragn\u0119 przypomnie\u0107, \u017ce ju\u017c w 1950 roku papie\u017c Pius XII zwraca\u0142 uwag\u0119, \u017ce \u201es\u0142uchanie Mszy przez radio to nie to samo, co obecno\u015b\u0107 osobista na niej\u201d. Kilka lat p\u00f3\u017aniej Stolica Apostolska potwierdzi\u0142a, \u017ce ten, kto tylko ogl\u0105da transmisj\u0119 Mszy w telewizji nie wype\u0142nia obowi\u0105zku uczestnictwa w niej. Taka forma jest jedynie pomoc\u0105, aby duchowo \u0142\u0105czy\u0107 si\u0119 z transmitowan\u0105 celebr\u0105, kiedy z racji choroby, podesz\u0142ego wieku czy innych przeszk\u00f3d nie mo\u017cna wzi\u0105\u0107 w niej udzia\u0142u osobi\u015bcie. Zatem zach\u0119cam wszystkich, kt\u00f3rzy nie maj\u0105 przeszk\u00f3d, aby powr\u00f3cili do pierwotnej gorliwo\u015bci i zacz\u0119li ponownie przybywa\u0107 do ko\u015bcio\u0142a, by uczestniczy\u0107 we Mszy \u015bwi\u0119tej.<\/span><\/span><\/p>\n<p align=\"justify\"><span style=\"font-family: Times New Roman, serif;\"><span style=\"font-size: medium;\">Chcia\u0142bym tak\u017ce uwra\u017cliwi\u0107 Was, moi Drodzy, na osoby starsze, samotne oraz takie, kt\u00f3re maj\u0105 problemy z poruszaniem si\u0119. Cz\u0119sto to s\u0105 osoby bardzo bliskie: mama, babcia, s\u0105siad lub s\u0105siadka. Niejednokrotnie bardzo chcieliby przyby\u0107 na Msz\u0119, ale nie ma kto ich podwie\u017a\u0107, a sami nie maj\u0105 ju\u017c tyle si\u0142, aby osobi\u015bcie przyby\u0107 na Eucharysti\u0119. Bardzo Was prosz\u0119 o trosk\u0119 o te osoby i o pomoc w przywo\u017ceniu ich do ko\u015bcio\u0142a. Wielki Post i z takim postanowieniem mo\u017ce si\u0119 wi\u0105za\u0107; z czynem mi\u0142o\u015bci wzgl\u0119dem bli\u017aniego i wzgl\u0119dem Jezusa. <\/span><\/span><\/p>\n<p align=\"justify\"><span style=\"font-family: Times New Roman, serif;\"><span style=\"font-size: medium;\">\u015aw. Jan Pawe\u0142 II w li\u015bcie apostolskim po\u015bwi\u0119conym \u015bwi\u0119towaniu niedzieli (\u201eDies Domini\u201d) napisa\u0142: \u201eJest naprawd\u0119 spraw\u0105 najwy\u017cszej wagi, aby ka\u017cdy chrze\u015bcijanin u\u015bwiadomi\u0142 sobie, \u017ce nie mo\u017ce \u017cy\u0107 wiar\u0105 i w pe\u0142ni uczestniczy\u0107 w \u017cyciu chrze\u015bcija\u0144skiej wsp\u00f3lnoty, je\u015bli nie bierze regularnie udzia\u0142u w niedzielnym zgromadzeniu eucharystycznym\u201d (81).<\/span><\/span><\/p>\n<p align=\"justify\"><span style=\"font-family: Times New Roman, serif;\"><span style=\"font-size: medium;\">Mam nadziej\u0119, \u017ce rozpoczynaj\u0105cy si\u0119 Wielki Post sk\u0142oni nas do refleksji i pozwoli na nowo odkry\u0107 ogromny wp\u0142yw na nasz\u0105 wiar\u0119, jaki ma nasz udzia\u0142 w niedzielnych<br \/>\ni \u015bwi\u0105tecznych Mszach \u015bwi\u0119tych. \u017bycz\u0119 Wam, drodzy Bracia i Siostry, prawdziwie chrze\u015bcija\u0144skiego prze\u017cycia czasu wielkopostnego i radosnego spotkania<br \/>\nze zmartwychwsta\u0142ym Jezusem, tak\u017ce podczas Eucharystii, kt\u00f3ra jest naszym najcenniejszym skarbem. Ju\u017c bowiem tutaj, w ziemskim \u017cyciu, mo\u017cemy jednoczy\u0107 si\u0119 z Tym, kt\u00f3ry \u201edo ko\u0144ca nas umi\u0142owa\u0142\u201d (J 8,1) i kt\u00f3ry powo\u0142uje nas do wiecznego<br \/>\ni szcz\u0119\u015bliwego \u017cycia w Jego obecno\u015bci.<\/span><\/span><\/p>\n<p align=\"justify\"><span style=\"font-family: Times New Roman, serif;\"><span style=\"font-size: medium;\">Otaczam Was modlitw\u0105 i \u0142\u0105cz\u0119 pasterskie b\u0142ogos\u0142awie\u0144stwo<\/span><\/span><\/p>\n<p align=\"justify\"><span style=\"font-family: Times New Roman, serif;\"><span style=\"font-size: medium;\">bp Wies\u0142aw LECHOWICZ<\/span><\/span><\/p>\n<p align=\"justify\"><span style=\"font-family: Times New Roman, serif;\"><span style=\"font-size: medium;\"> BISKUP POLOWY<\/span><\/span><\/p>\n<div id=\"sdfootnote1\">\n<p class=\"sdfootnote\" align=\"justify\"><a class=\"sdfootnotesym\" href=\"#sdfootnote1anc\" name=\"sdfootnote1sym\">1<\/a><span style=\"font-family: Times New Roman, serif;\"> Lista nale\u017cy odczyta\u0107 w I niedziel\u0119 Wielkiego Postu (22 lutego 2026 r.) we wszystkich ko\u015bcio\u0142ach i kaplicach Ordynariatu Polowego. <\/span><\/p>\n<\/div>\n","protected":false},"excerpt":{"rendered":"<p>Warszawa, dnia 16 lutego 2026 roku 132\/Bp\/2026 List pasterski Biskupa Polowego na Wielki Post 2026 roku 1 Drodzy Siostry i Bracia, pozdrawiam Was na pocz\u0105tku Wielkiego Postu, kt\u00f3ry jest 40-dniow\u0105 drog\u0105 wiod\u0105c\u0105 na spotkanie ze zmartwychwsta\u0142ym Panem. W \u015arod\u0119 Popielcow\u0105 Pan Jezus wskaza\u0142 na trzy sposoby, kt\u00f3re prowadz\u0105 do spotkania z Nim, a mianowicie modlitw\u0119, post i ja\u0142mu\u017cn\u0119. Dzisiaj natomiast Ewangelia ukazuje nam Jezusa, kt\u00f3ry nie poucza nas ju\u017c swoimi s\u0142owami, ale swoim przyk\u0142adem. Przebywaj\u0105c na pustyni, odnosi zwyci\u0119stwo nad szatanem, kt\u00f3ry pragn\u0105\u0142 Go uwie\u015b\u0107 podobnymi sposobami, w jaki udaje mu si\u0119 zwie\u015b\u0107 wielu ludzi. Jezus nie ulega po\u017c\u0105dliwo\u015bci cia\u0142a, pysze ani \u017c\u0105dzy s\u0142awy. Pokonanie pokus szata\u0144skich na pustyni by\u0142o zapowiedz\u0105 ostatecznego zwyci\u0119stwa Jezusa dzi\u0119ki zmartwychwstaniu. W\u0142a\u015bnie perspektywa zmartwychwstania Jezusa i naszego powstania z martwych winna nam towarzyszy\u0107 w dniach Wielkiego Postu, nadawa\u0107 sens naszym wyrzeczeniom i zach\u0119ca\u0107 do refleksji nad tym, co najwa\u017cniejsze w naszym \u017cyciu. Maj\u0105c na uwadze&hellip;<\/p>\n<p> <a class=\"more-link\" href=\"http:\/\/www.franciszek-walcz.pl\/?p=29639\">Czytaj dalej<\/a><\/p>\n","protected":false},"author":1,"featured_media":0,"comment_status":"closed","ping_status":"closed","sticky":false,"template":"","format":"standard","meta":{"footnotes":""},"categories":[5],"tags":[],"class_list":{"0":"post-29639","1":"post","2":"type-post","3":"status-publish","4":"format-standard","6":"category-artykuly"},"brizy_media":[],"_links":{"self":[{"href":"http:\/\/www.franciszek-walcz.pl\/index.php?rest_route=\/wp\/v2\/posts\/29639","targetHints":{"allow":["GET"]}}],"collection":[{"href":"http:\/\/www.franciszek-walcz.pl\/index.php?rest_route=\/wp\/v2\/posts"}],"about":[{"href":"http:\/\/www.franciszek-walcz.pl\/index.php?rest_route=\/wp\/v2\/types\/post"}],"author":[{"embeddable":true,"href":"http:\/\/www.franciszek-walcz.pl\/index.php?rest_route=\/wp\/v2\/users\/1"}],"replies":[{"embeddable":true,"href":"http:\/\/www.franciszek-walcz.pl\/index.php?rest_route=%2Fwp%2Fv2%2Fcomments&post=29639"}],"version-history":[{"count":2,"href":"http:\/\/www.franciszek-walcz.pl\/index.php?rest_route=\/wp\/v2\/posts\/29639\/revisions"}],"predecessor-version":[{"id":29641,"href":"http:\/\/www.franciszek-walcz.pl\/index.php?rest_route=\/wp\/v2\/posts\/29639\/revisions\/29641"}],"wp:attachment":[{"href":"http:\/\/www.franciszek-walcz.pl\/index.php?rest_route=%2Fwp%2Fv2%2Fmedia&parent=29639"}],"wp:term":[{"taxonomy":"category","embeddable":true,"href":"http:\/\/www.franciszek-walcz.pl\/index.php?rest_route=%2Fwp%2Fv2%2Fcategories&post=29639"},{"taxonomy":"post_tag","embeddable":true,"href":"http:\/\/www.franciszek-walcz.pl\/index.php?rest_route=%2Fwp%2Fv2%2Ftags&post=29639"}],"curies":[{"name":"wp","href":"https:\/\/api.w.org\/{rel}","templated":true}]}}