{"id":29651,"date":"2026-02-28T15:02:23","date_gmt":"2026-02-28T14:02:23","guid":{"rendered":"http:\/\/www.franciszek-walcz.pl\/?p=29651"},"modified":"2026-02-28T15:08:42","modified_gmt":"2026-02-28T14:08:42","slug":"ii-niedziela-a-wielkiego-postu","status":"publish","type":"post","link":"http:\/\/www.franciszek-walcz.pl\/?p=29651","title":{"rendered":"II Niedziela (A) Wielkiego Postu"},"content":{"rendered":"<p class=\"western\" align=\"justify\"><span style=\"font-family: Arial, sans-serif;\"><span style=\"font-size: medium;\">Tekst Ewangelii (Mt\u00a017,1-9):\u00a0Po sze\u015bciu dniach Jezus wzi\u0105\u0142 z sob\u0105 Piotra, Jakuba i brata jego Jana i zaprowadzi\u0142 ich na g\u00f3r\u0119 wysok\u0105, osobno. Tam przemieni\u0142 si\u0119 wobec nich: twarz Jego zaja\u015bnia\u0142a jak s\u0142o\u0144ce, odzienie za\u015b sta\u0142o si\u0119 bia\u0142e jak \u015bwiat\u0142o. A oto im si\u0119 ukazali Moj\u017cesz i Eliasz, kt\u00f3rzy rozmawiali z Nim. Wtedy Piotr rzek\u0142 do Jezusa: \u201ePanie, dobrze, \u017ce tu jeste\u015bmy; je\u015bli chcesz, postawi\u0119 tu trzy namioty: jeden dla Ciebie, jeden dla Moj\u017cesza i jeden dla Eliasza\u201d. Gdy on jeszcze m\u00f3wi\u0142, oto ob\u0142ok \u015bwietlany os\u0142oni\u0142 ich, a z ob\u0142oku odezwa\u0142 si\u0119 g\u0142os: \u201eTo jest m\u00f3j Syn umi\u0142owany, w kt\u00f3rym mam upodobanie, Jego s\u0142uchajcie!\u201d Uczniowie, s\u0142ysz\u0105c to, upadli na twarz i bardzo si\u0119 zl\u0119kli. A Jezus zbli\u017cy\u0142 si\u0119 do nich, dotkn\u0105\u0142 ich i rzek\u0142: \u201eWsta\u0144cie, nie l\u0119kajcie si\u0119!\u201d Gdy podnie\u015bli oczy, nikogo nie widzieli, tylko samego Jezusa. A gdy schodzili z g\u00f3ry, Jezus przykaza\u0142 im m\u00f3wi\u0105c: \u201eNie opowiadajcie nikomu o tym widzeniu, a\u017c Syn Cz\u0142owieczy zmartwychwstanie\u201d.<\/span><\/span><\/p>\n<p class=\"western\" align=\"justify\"><strong>\u201e<span style=\"font-family: Arial, sans-serif;\"><span style=\"font-size: medium;\">To jest m\u00f3j Syn umi\u0142owany, w kt\u00f3rym mam upodobanie, Jego s\u0142uchajcie!\u201d<\/span><\/span><\/strong><\/p>\n<p class=\"western\" align=\"justify\"><span style=\"font-family: Arial, sans-serif;\"><span style=\"font-size: medium;\"><br \/>\nZnana nam jest scena na g\u00f3rze Tabor. Jezus wyszed\u0142 na szczyt tej g\u00f3ry w towarzystwie Piotra, Jana i Jakuba. Celem wyj\u015bcia by\u0142a modlitwa. Ewangelie cz\u0119sto m\u00f3wi\u0105, \u017ce Jezus oddala\u0142 si\u0119 na miejsca ustronne, na wzniesienia, aby si\u0119 modli\u0107. Uczyni\u0142 to tak\u017ce tym razem, lecz nie sam. Zabra\u0142 ze sob\u0105 trzech uczni\u00f3w. Modlitwa Jezusa musia\u0142a by\u0107\u00a0bardzo intensywna,\u00a0bo raptem\u00a0Jego twarz si\u0119 odmieni\u0142a\u00a0i Jego odzienie sta\u0142o si\u0119\u00a0l\u015bni\u0105co bia\u0142e.<\/span><\/span><\/p>\n<p class=\"western\" align=\"justify\"><span style=\"font-family: Arial, sans-serif;\"><span style=\"font-size: medium;\">A wi\u0119c to\u00a0intensywno\u015b\u0107\u00a0modlitwy zmienia wygl\u0105d Jezusa. To wa\u017cne. Modlitwa niesie w sobie wyj\u0105tkow\u0105 moc, jaki\u015b rodzaj niewidzialnej energii, kt\u00f3ra \u201ezmienia\u201d cz\u0142owieka \u2013 nie tylko od wewn\u0105trz. Jest zdolna r\u00f3wnie\u017c zmieni\u0107 jego stron\u0119 zewn\u0119trzn\u0105, wp\u0142yn\u0105\u0107 na jego sytuacj\u0119 , na otoczenie. Modlitwa\u00a0zmienia\u00a0cz\u0142owieka. Ewangelista m\u00f3wi, \u017ce nagle dw\u00f3ch\u00a0m\u0119\u017c\u00f3w rozmawia\u0142o z Nim. Byli to Moj\u017cesz i Eliasz. Kto si\u0119 modli, jakby wychodzi\u0142 poza w\u0105skie ramy historii, wznosi si\u0119 ponad czasem. Jest w stanie o\u017cywia\u0107 przesz\u0142o\u015b\u0107. Oznacza to, \u017ce ten, kto si\u0119 modli, zdobywa m\u0105dro\u015b\u0107, panuje nad tera\u017aniejszo\u015bci\u0105 i jest w stanie przewidzie\u0107 r\u00f3wnie\u017c przysz\u0142o\u015b\u0107. Takie w\u0142a\u015bnie przes\u0142anie nios\u0105 ze sob\u0105 postacie Moj\u017cesza i Eliasza.<\/span><\/span><\/p>\n<p class=\"western\" align=\"justify\"><span style=\"font-family: Arial, sans-serif;\"><span style=\"font-size: medium;\">Moj\u017cesz jest symbolem m\u0105dro\u015bci \u017cycia, podejmowania s\u0142usznych wybor\u00f3w, wytrwa\u0142o\u015bci w drodze do celu, niepoddawania si\u0119 trudno\u015bciom. Jako organizator narodu wybranego, Moj\u017cesz jest m\u0119\u017cny, ale zarazem pos\u0142uszny Bogu, wierny Jego przykazaniom. To dlatego by\u0142 w stanie wyprowadzi\u0107 nar\u00f3d z niewoli egipskiej i doprowadzi\u0107 do Ziemi Obiecanej.<\/span><\/span><\/p>\n<p class=\"western\" align=\"justify\"><span style=\"font-family: Arial, sans-serif;\"><span style=\"font-size: medium;\">Z kolei Eliasz, prorok, jest g\u0142osem Boga. M\u00f3wi on, \u017ce tam, gdzie jest cz\u0142owiek, jest r\u00f3wnie\u017c B\u00f3g. I tam, gdzie b\u0119dzie szed\u0142 cz\u0142owiek, p\u00f3jdzie za nim r\u00f3wnie\u017c B\u00f3g. Najwy\u017cszy nigdy nie opu\u015bci cz\u0142owieka.\u00a0Czy\u017c mo\u017ce niewiasta zapomnie\u0107 o swym niemowl\u0119ciu, ta,\u00a0kt\u00f3ra\u00a0kocha syna swego \u0142ona? A nawet, gdyby ona zapomnia\u0142a, Ja nie zapomn\u0119 o tobie\u00a0. B\u00f3g\u00a0nigdy\u00a0nie opu\u015bci cz\u0142owieka. Nie porzuci go. Wa\u017cne, by pami\u0119ta\u0107 o tym, szczeg\u00f3lnie w obecnej sytuacji \u015bwiatowej. Cz\u0142owiek mo\u017ce oddali\u0107 si\u0119 od Boga, mo\u017ce o Nim zapomnie\u0107, mo\u017ce \u2013 jak pisali \u2013 nawet Go \u201eu\u015bmierci\u0107\u201d, s\u0105dz\u0105c odt\u0105d, \u017ce jest jedynym panem. Jak\u017ce \u015bmieszny jest cz\u0142owiek tak my\u015bl\u0105cy! Podcina konar drzewa \u017cycia, na kt\u00f3rym siedzi. Wielka jest moc modlitwy!<\/span><\/span><\/p>\n<p class=\"western\" align=\"justify\"><span style=\"font-family: Arial, sans-serif;\"><span style=\"font-size: medium;\">Mistrzu, dobrze, \u017ce tu jeste\u015bmy. Postawimy trzy namioty: jeden dla Ciebie, jeden dla Moj\u017cesza i jeden dla Eliasza \u2013\u00a0m\u00f3wi Piotr.\u00a0Cz\u0142owiek cz\u0119sto my\u015bli, \u017ce B\u00f3g za\u0142atwi mu wszystko lub prawie wszystko, \u017ce ju\u017c nie musi si\u0119 trudzi\u0107, martwi\u0107, ale chce zda\u0107 si\u0119 w ca\u0142o\u015bci na Boga. Co najwy\u017cej chcia\u0142by oceni\u0107, czy B\u00f3g zrobi\u0142 wystarczaj\u0105co wiele dla niego. <\/span><\/span><\/p>\n<p class=\"western\" align=\"justify\"><span style=\"font-family: Arial, sans-serif;\"><span style=\"font-size: medium;\">B\u0142. Wyszy\u0144ski m\u00f3wi\u0142 w tym kontek\u015bcie o \u201epokusie Taboru\u201d. Oto jego s\u0142owa: \u201eNauczycielu Drogi ! Ty nie aprobowa\u0142a\u015b programu minimalnego, jaki Ci podsuwali Aposto\u0142owie na Taborze: \u2018Uczy\u0144my tu trzy przybytki\u2019 . Trzy! Ka\u017cdemu jeden! Tobie jeden, Moj\u017ceszowi jeden i Eliaszowi jeden! I tak sobie tu sied\u017amy. \u017beby chocia\u017c wsp\u00f3lny przybytek dla trzech. Ale nie! Dla ka\u017cdego osobny, w\u0142asny\u2026 \u2026 Nieraz cz\u0142owiek pr\u00f3buje tak czyni\u0107 w swoim pokoju, w aucie, w poci\u0105gu \u2013 i niech mnie niesie\u2026 Zrobi z siebie pos\u0105g \u2018zasiedzia\u0142ego Buddy\u2019, za\u0142o\u017cy r\u0119ce na brzuchu i b\u0119dzie rozwa\u017ca\u0107 \u2013 \u2018dobrze nam tu by\u0107\u2019. Istna pokusa Taborowa.<\/span><\/span><\/p>\n<p class=\"western\" align=\"justify\"><span style=\"font-family: Arial, sans-serif;\"><span style=\"font-size: medium;\">Musimy si\u0119 broni\u0107 przed \u201epokus\u0105 Taborow\u0105\u201d i wzi\u0105\u0107 na siebie \u2013 chocia\u017c w cz\u0119\u015bci \u2013 odpowiedzialno\u015b\u0107 za w\u0142asne \u017cycie, jak r\u00f3wnie\u017c za \u017cycie kraju, Ko\u015bcio\u0142a itd. Wiara w Boga, kt\u00f3ry jest wszechmog\u0105cy, nie zwalnia mnie z pracy, ale owszem, zach\u0119ca do niej. Jezus powie, \u017ce On pracuje i Ojciec Jego dzia\u0142a, st\u0105d i my jeste\u015bmy powo\u0142ani, aby czyni\u0107 dobro i czyni\u0107 \u015bwiat lepszym. Walczy\u0107 z nienawi\u015bci\u0105 i zazdro\u015bci\u0105. Umie\u0107 przebacza\u0107 i prosi\u0107 o przebaczenie, \u017cy\u0107 w zgodzie najd\u0142u\u017cej, jak tylko si\u0119 da.<\/span><\/span><\/p>\n<p class=\"western\" align=\"justify\"><span style=\"font-family: Arial, sans-serif;\"><span style=\"font-size: medium;\">Ewangelista pisze, \u017ce\u00a0oni zachowali milczenie, nikomu o tym, co widzieli, nie powiedzieli\u2026 a\u017c do czasu. To wa\u017cne przes\u0142anie, r\u00f3wnie\u017c dla nas. \u017byjemy w czasach, kiedy m\u00f3wi si\u0119 ci\u0105gle i o wszystkim. M\u00f3wi si\u0119 m\u0105drze i odpowiedzialnie, ale r\u00f3wnie\u017c \u2013 jak\u017ce bardzo cz\u0119sto \u2013 przekazuje si\u0119 informacje niepewne, niesprawdzone, k\u0142amliwe czy wr\u0119cz g\u0142upie.<\/span><\/span><\/p>\n<p class=\"western\" align=\"justify\"><span style=\"font-family: Arial, sans-serif;\"><span style=\"font-size: medium;\">Niewielu dzisiaj bierze odpowiedzialno\u015b\u0107 za to, co m\u00f3wi czy pisze, publikuje. A przecie\u017c s\u0142owo jest tak bardzo wa\u017cne \u2013 dobre s\u0142owo mo\u017ce sia\u0107 nadziej\u0119, budzi\u0107 mi\u0142o\u015b\u0107, rodzi\u0107 pojednanie itd. Ale r\u00f3wnie silne jest s\u0142owo k\u0142amliwe, nieprawdziwe, po\u0142owiczne. Ono r\u00f3wnie\u017c niesie w sobie moc \u2013 ale jest to moc ciemna, kt\u00f3ra rozbija przyja\u017anie, rodzi l\u0119k, niepok\u00f3j, wzbudza wojny.<\/span><\/span><\/p>\n<p class=\"western\" align=\"justify\"><span style=\"font-family: Arial, sans-serif;\"><span style=\"font-size: medium;\">Warto, zanim co\u015b powiem, zastanowi\u0107 si\u0119, czy nie lepiej \u201ezachowa\u0107 milczenie\u201d. Mo\u017ce lepiej niekiedy odm\u00f3wi\u0107 \u201eOjcze nasz\u201d, zanim zdecyduj\u0119 si\u0119 co\u015b powiedzie\u0107. Bywa, \u017ce jedno s\u0142owo \u201eza du\u017co\u201d roznieca ogie\u0144 i robi si\u0119 po\u017car. \u00a0<\/span><\/span><\/p>\n<p class=\"western\" align=\"justify\"><span style=\"font-family: Arial, sans-serif;\"><span style=\"font-size: medium;\">Dzisiejsza Ewangelia zaprasza nas wi\u0119c tak\u017ce do roztropnego m\u00f3wienia. M\u0105drego komunikowania si\u0119 z tymi, kt\u00f3rzy s\u0105 wok\u00f3\u0142, aby nie powiedzie\u0107 czego\u015b za du\u017co, co nie jest prawdziwe, co rani, co rozbija jedno\u015b\u0107.<\/span><\/span><\/p>\n<p class=\"western\" align=\"justify\"><span style=\"font-family: Arial, sans-serif;\"><span style=\"font-size: medium;\">Jak\u017ce bardzo potrzebuje tego nasza Ojczyzna, sk\u0142\u00f3cona wok\u00f3\u0142 s\u0142\u00f3w wypowiadanych bez rozmys\u0142u, bez mi\u0142o\u015bci. Potrzebuje tego te\u017c bardzo dzisiejszy \u015bwiat, bo cz\u0119sto szarpany jest wojn\u0105 i konfliktami, kt\u00f3rych \u017ar\u00f3d\u0142em jest w du\u017cym stopniu k\u0142amliwa mowa.<\/span><\/span><\/p>\n<p class=\"western\" align=\"justify\"><span style=\"font-family: Arial, sans-serif;\"><span style=\"font-size: medium;\">Pro\u015bmy Boga, aby\u015bmy w zabieganiu dnia codziennego, w chaosie informacyjnym znajdowali czas na modlitw\u0119, kt\u00f3ra przemienia na lepsze nas samych, naszych bliskich i \u015bwiat czyni lepszym.\u00a0\u00a0 \u00a0\u00a0<\/span><\/span><\/p>\n","protected":false},"excerpt":{"rendered":"<p>Tekst Ewangelii (Mt\u00a017,1-9):\u00a0Po sze\u015bciu dniach Jezus wzi\u0105\u0142 z sob\u0105 Piotra, Jakuba i brata jego Jana i zaprowadzi\u0142 ich na g\u00f3r\u0119 wysok\u0105, osobno. Tam przemieni\u0142 si\u0119 wobec nich: twarz Jego zaja\u015bnia\u0142a jak s\u0142o\u0144ce, odzienie za\u015b sta\u0142o si\u0119 bia\u0142e jak \u015bwiat\u0142o. A oto im si\u0119 ukazali Moj\u017cesz i Eliasz, kt\u00f3rzy rozmawiali z Nim. Wtedy Piotr rzek\u0142 do Jezusa: \u201ePanie, dobrze, \u017ce tu jeste\u015bmy; je\u015bli chcesz, postawi\u0119 tu trzy namioty: jeden dla Ciebie, jeden dla Moj\u017cesza i jeden dla Eliasza\u201d. Gdy on jeszcze m\u00f3wi\u0142, oto ob\u0142ok \u015bwietlany os\u0142oni\u0142 ich, a z ob\u0142oku odezwa\u0142 si\u0119 g\u0142os: \u201eTo jest m\u00f3j Syn umi\u0142owany, w kt\u00f3rym mam upodobanie, Jego s\u0142uchajcie!\u201d Uczniowie, s\u0142ysz\u0105c to, upadli na twarz i bardzo si\u0119 zl\u0119kli. A Jezus zbli\u017cy\u0142 si\u0119 do nich, dotkn\u0105\u0142 ich i rzek\u0142: \u201eWsta\u0144cie, nie l\u0119kajcie si\u0119!\u201d Gdy podnie\u015bli oczy, nikogo nie widzieli, tylko samego Jezusa. A gdy schodzili z g\u00f3ry, Jezus przykaza\u0142 im m\u00f3wi\u0105c: \u201eNie opowiadajcie nikomu o tym&hellip;<\/p>\n<p> <a class=\"more-link\" href=\"http:\/\/www.franciszek-walcz.pl\/?p=29651\">Czytaj dalej<\/a><\/p>\n","protected":false},"author":1,"featured_media":0,"comment_status":"closed","ping_status":"closed","sticky":false,"template":"","format":"standard","meta":{"footnotes":""},"categories":[1],"tags":[],"class_list":{"0":"post-29651","1":"post","2":"type-post","3":"status-publish","4":"format-standard","6":"category-uncategorized"},"brizy_media":[],"_links":{"self":[{"href":"http:\/\/www.franciszek-walcz.pl\/index.php?rest_route=\/wp\/v2\/posts\/29651","targetHints":{"allow":["GET"]}}],"collection":[{"href":"http:\/\/www.franciszek-walcz.pl\/index.php?rest_route=\/wp\/v2\/posts"}],"about":[{"href":"http:\/\/www.franciszek-walcz.pl\/index.php?rest_route=\/wp\/v2\/types\/post"}],"author":[{"embeddable":true,"href":"http:\/\/www.franciszek-walcz.pl\/index.php?rest_route=\/wp\/v2\/users\/1"}],"replies":[{"embeddable":true,"href":"http:\/\/www.franciszek-walcz.pl\/index.php?rest_route=%2Fwp%2Fv2%2Fcomments&post=29651"}],"version-history":[{"count":2,"href":"http:\/\/www.franciszek-walcz.pl\/index.php?rest_route=\/wp\/v2\/posts\/29651\/revisions"}],"predecessor-version":[{"id":29654,"href":"http:\/\/www.franciszek-walcz.pl\/index.php?rest_route=\/wp\/v2\/posts\/29651\/revisions\/29654"}],"wp:attachment":[{"href":"http:\/\/www.franciszek-walcz.pl\/index.php?rest_route=%2Fwp%2Fv2%2Fmedia&parent=29651"}],"wp:term":[{"taxonomy":"category","embeddable":true,"href":"http:\/\/www.franciszek-walcz.pl\/index.php?rest_route=%2Fwp%2Fv2%2Fcategories&post=29651"},{"taxonomy":"post_tag","embeddable":true,"href":"http:\/\/www.franciszek-walcz.pl\/index.php?rest_route=%2Fwp%2Fv2%2Ftags&post=29651"}],"curies":[{"name":"wp","href":"https:\/\/api.w.org\/{rel}","templated":true}]}}