{"id":29732,"date":"2026-03-24T21:13:49","date_gmt":"2026-03-24T20:13:49","guid":{"rendered":"http:\/\/www.franciszek-walcz.pl\/?p=29732"},"modified":"2026-03-24T21:14:46","modified_gmt":"2026-03-24T20:14:46","slug":"25-marca-uroczystosc-zwiastowania-panskiego","status":"publish","type":"post","link":"http:\/\/www.franciszek-walcz.pl\/?p=29732","title":{"rendered":"25 marca \u2013 Uroczysto\u015b\u0107 Zwiastowania Pa\u0144skiego"},"content":{"rendered":"<p class=\"western\" align=\"left\"><span style=\"font-family: Arial, sans-serif;\"><span style=\"font-size: medium;\"><span style=\"color: #ff6600;\"><span style=\"font-family: Merriweather, serif;\"><span style=\"font-size: large;\"><b>Tekst Ewangelii (<\/b><\/span><\/span><span style=\"font-family: Merriweather, serif;\"><span style=\"font-size: large;\"><i><b>\u0141k<\/b><\/i><\/span><\/span><span style=\"font-family: Merriweather, serif;\"><span style=\"font-size: large;\"><b>\u00a01,26-38):<\/b><\/span><\/span><\/span><span style=\"color: #000000;\"><span style=\"font-family: Merriweather, serif;\"><span style=\"font-size: large;\">\u00a0<\/span><\/span><\/span><span style=\"font-family: Times New Roman, serif;\"><span style=\"font-size: large;\">W sz\u00f3stym miesi\u0105cu pos\u0142a\u0142 B\u00f3g anio\u0142a Gabriela do miasta w Galilei, zwanego Nazaret, do Dziewicy po\u015blubionej m\u0119\u017cowi, imieniem J\u00f3zef, z rodu Dawida; a Dziewicy by\u0142o na imi\u0119 Maryja. Anio\u0142 wszed\u0142 do Niej i rzek\u0142: \u00abB\u0105d\u017a pozdrowiona, pe\u0142na \u0142aski, Pan z Tob\u0105,\u00bb. Ona zmiesza\u0142a si\u0119 na te s\u0142owa i rozwa\u017ca\u0142a, co mia\u0142oby znaczy\u0107 to pozdrowienie. Lecz anio\u0142 rzek\u0142 do Niej: \u00abNie b\u00f3j si\u0119, Maryjo, znalaz\u0142a\u015b bowiem \u0142ask\u0119 u Boga. Oto poczniesz i porodzisz Syna, kt\u00f3remu nadasz imi\u0119 Jezus. B\u0119dzie On wielki i b\u0119dzie nazwany Synem Najwy\u017cszego, a Pan B\u00f3g da Mu tron Jego praojca, Dawida. B\u0119dzie panowa\u0142 nad domem Jakuba na wieki, a Jego panowaniu nie b\u0119dzie ko\u0144ca\u00bb.<\/span><\/span><\/span><\/span><\/p>\n<p>Na to Maryja rzek\u0142a do anio\u0142a: \u00abJak\u017ce si\u0119 to stanie, skoro nie znam m\u0119\u017ca?\u00bb Anio\u0142 Jej odpowiedzia\u0142: \u00abDuch \u015awi\u0119ty zst\u0105pi na Ciebie i moc Najwy\u017cszego os\u0142oni Ci\u0119. Dlatego te\u017c \u015awi\u0119te, kt\u00f3re si\u0119 narodzi, b\u0119dzie nazwane Synem Bo\u017cym. A oto r\u00f3wnie\u017c krewna Twoja, El\u017cbieta, pocz\u0119\u0142a w swej staro\u015bci syna i jest ju\u017c w sz\u00f3stym miesi\u0105cu ta, kt\u00f3ra uchodzi za niep\u0142odn\u0105. Dla Boga bowiem nie ma nic niemo\u017cliwego\u00bb. Na to rzek\u0142a Maryja: \u00abOto Ja s\u0142u\u017cebnica Pa\u0144ska, niech Mi si\u0119 stanie wed\u0142ug twego s\u0142owa!\u00bb Wtedy odszed\u0142 od Niej anio\u0142.<\/p>\n<p class=\"western\" align=\"left\"><span style=\"font-family: Arial, sans-serif; color: #ff6600;\"><span style=\"font-size: medium;\"><span style=\"font-family: Times New Roman, serif;\"><span style=\"font-size: x-large;\"><b>Tajemnica Wcielenia i Nadziei<\/b><\/span><\/span><\/span><\/span><\/p>\n<p class=\"western\" align=\"left\"><span style=\"font-family: Arial, sans-serif;\"><span style=\"font-size: medium;\"><span style=\"font-family: Times New Roman, serif;\"><span style=\"font-size: large;\">Ka\u017cdego roku, 25 marca, Ko\u015bci\u00f3\u0142 katolicki obchodzi jedno z najwa\u017cniejszych \u015bwi\u0105t zwi\u0105zanych z tajemnic\u0105 Wcielenia \u2013 Uroczysto\u015b\u0107 Zwiastowania Pa\u0144skiego. Jest to dzie\u0144, w kt\u00f3rym upami\u0119tniamy moment, gdy archanio\u0142 Gabriel ukaza\u0142 si\u0119 Maryi i oznajmi\u0142 Jej, \u017ce zosta\u0142a wybrana na Matk\u0119 Syna Bo\u017cego. To wydarzenie opisane w Ewangelii wed\u0142ug \u015bw. \u0141ukasza (\u0141k 1,26-38) stanowi kluczowy punkt historii zbawienia, gdy\u017c w nim B\u00f3g staje si\u0119 cz\u0142owiekiem, przyjmuj\u0105c ludzk\u0105 natur\u0119 w \u0142onie Naj\u015bwi\u0119tszej Maryi Panny.<\/span><\/span><\/span><\/span><\/p>\n<p class=\"western\" align=\"left\"><span style=\"font-family: Arial, sans-serif;\"><span style=\"font-size: medium;\"><span style=\"font-family: Times New Roman, serif;\"><span style=\"font-size: large;\"><b>Teologiczne znaczenie uroczysto\u015bci<\/b><\/span><\/span><\/span><\/span><\/p>\n<p class=\"western\" align=\"left\"><span style=\"font-family: Arial, sans-serif;\"><span style=\"font-size: medium;\"><span style=\"font-family: Times New Roman, serif;\"><span style=\"font-size: large;\">Zwiastowanie Pa\u0144skie jest \u015bwi\u0119tem wyj\u0105tkowym, poniewa\u017c oznacza pocz\u0105tek Wcielenia \u2013 fundamentalnej prawdy wiary chrze\u015bcija\u0144skiej. B\u00f3g, poprzez swoje niesko\u0144czone mi\u0142osierdzie, nie pozostawia cz\u0142owieka samego w grzechu, lecz posy\u0142a swojego Syna, kt\u00f3ry staje si\u0119 jednym z nas, aby nas zbawi\u0107.<\/span><\/span><\/span><\/span><\/p>\n<p class=\"western\" align=\"left\"><span style=\"font-family: Arial, sans-serif;\"><span style=\"font-size: medium;\"><span style=\"font-family: Times New Roman, serif;\"><span style=\"font-size: large;\">To wydarzenie ukazuje tak\u017ce wielk\u0105 rol\u0119 Maryi w Bo\u017cym planie zbawienia. Jej &#8222;fiat&#8221; \u2013 &#8222;Niech mi si\u0119 stanie wed\u0142ug s\u0142owa Twego&#8221; (\u0141k 1,38) \u2013 jest wyrazem absolutnego zaufania Bogu i gotowo\u015bci do wsp\u00f3\u0142pracy w Jego dziele. To pos\u0142usze\u0144stwo Maryi kontrastuje z niepos\u0142usze\u0144stwem Ewy i jest pocz\u0105tkiem nowej ery w historii ludzko\u015bci.<\/span><\/span><\/span><\/span><\/p>\n<p class=\"western\" align=\"left\"><span style=\"font-family: Arial, sans-serif;\"><span style=\"font-size: medium;\"><span style=\"font-family: Times New Roman, serif;\"><span style=\"font-size: large;\"><b>Dlaczego obchodzimy Zwiastowanie 25 marca?<\/b><\/span><\/span><\/span><\/span><\/p>\n<p class=\"western\" align=\"left\"><span style=\"font-family: Arial, sans-serif;\"><span style=\"font-size: medium;\"><span style=\"font-family: Times New Roman, serif;\"><span style=\"font-size: large;\">Data tej uroczysto\u015bci nie jest przypadkowa. Przypada dok\u0142adnie dziewi\u0119\u0107 miesi\u0119cy przed Bo\u017cym Narodzeniem, co symbolizuje pe\u0142ny okres ci\u0105\u017cy Maryi. W staro\u017cytno\u015bci chrze\u015bcija\u0144skiej istnia\u0142o r\u00f3wnie\u017c przekonanie, \u017ce Jezus zosta\u0142 pocz\u0119ty i umar\u0142 tego samego dnia \u2013 25 marca. Ta symbolika podkre\u015bla, \u017ce od chwili Wcielenia Chrystus rozpocz\u0105\u0142 swoj\u0105 misj\u0119 odkupie\u0144cz\u0105, kt\u00f3ra mia\u0142a si\u0119 dope\u0142ni\u0107 na krzy\u017cu.<\/span><\/span><\/span><\/span><\/p>\n<p class=\"western\" align=\"left\"><span style=\"font-family: Arial, sans-serif;\"><span style=\"font-size: medium;\"><span style=\"font-family: Times New Roman, serif;\"><span style=\"font-size: large;\"><b>\u015awi\u0119to \u017bycia \u2013 duchowy wymiar Zwiastowania<\/b><\/span><\/span><\/span><\/span><\/p>\n<p class=\"western\" align=\"left\"><span style=\"font-family: Arial, sans-serif;\"><span style=\"font-size: medium;\"><span style=\"font-family: Times New Roman, serif;\"><span style=\"font-size: large;\">W wielu krajach, w tym w Polsce, Zwiastowanie Pa\u0144skie obchodzone jest r\u00f3wnie\u017c jako\u00a0<\/span><\/span><span style=\"font-family: Times New Roman, serif;\"><span style=\"font-size: large;\"><b>Dzie\u0144 \u015awi\u0119to\u015bci \u017bycia<\/b><\/span><\/span><span style=\"font-family: Times New Roman, serif;\"><span style=\"font-size: large;\">. Ustanowi\u0142 go \u015bw. Jan Pawe\u0142 II w odpowiedzi na rosn\u0105ce zagro\u017cenie dla \u017cycia ludzkiego, szczeg\u00f3lnie w kontek\u015bcie aborcji i eutanazji. Ko\u015bci\u00f3\u0142 w tym dniu przypomina o godno\u015bci ka\u017cdego cz\u0142owieka od pocz\u0119cia do naturalnej \u015bmierci i zach\u0119ca do podejmowania duchowej adopcji dzieci nienarodzonych.<\/span><\/span><\/span><\/span><\/p>\n<p class=\"western\" align=\"left\"><span style=\"font-family: Arial, sans-serif;\"><span style=\"font-size: medium;\"><span style=\"font-family: Times New Roman, serif;\"><span style=\"font-size: large;\">Duchowa adopcja polega na codziennej modlitwie przez dziewi\u0119\u0107 miesi\u0119cy za jedno anonimowe dziecko, kt\u00f3re jest zagro\u017cone aborcj\u0105. Jest to pi\u0119kny spos\u00f3b, by w\u0142\u0105czy\u0107 si\u0119 w dzie\u0142o obrony \u017cycia i jednocze\u015bnie wype\u0142ni\u0107 duchowy wymiar uroczysto\u015bci Zwiastowania.<\/span><\/span><\/span><\/span><\/p>\n<p class=\"western\" align=\"left\"><span style=\"font-family: Arial, sans-serif;\"><span style=\"font-size: medium;\"><span style=\"font-family: Times New Roman, serif;\"><span style=\"font-size: large;\"><b>\u015awiadectwa i historie zwi\u0105zane ze Zwiastowaniem<\/b><\/span><\/span><\/span><\/span><\/p>\n<p class=\"western\" align=\"left\"><span style=\"font-family: Arial, sans-serif;\"><span style=\"font-size: medium;\"><span style=\"font-family: Times New Roman, serif;\"><span style=\"font-size: x-large;\"><b>\u015awiadectwo kobiety, kt\u00f3ra ocali\u0142a swoje dziecko<\/b><\/span><\/span><\/span><\/span><\/p>\n<p class=\"western\" align=\"left\"><span style=\"font-family: Arial, sans-serif;\"><span style=\"font-size: medium;\"><span style=\"font-family: Times New Roman, serif;\"><span style=\"font-size: large;\">Anna, m\u0142oda kobieta, znalaz\u0142a si\u0119 w bardzo trudnej sytuacji \u017cyciowej. Nieplanowana ci\u0105\u017ca, brak wsparcia ze strony ojca dziecka i presja otoczenia sprawi\u0142y, \u017ce rozwa\u017ca\u0142a aborcj\u0119. Pewnego dnia, zupe\u0142nie przypadkowo, trafi\u0142a na rekolekcje, podczas kt\u00f3rych us\u0142ysza\u0142a o Duchowej Adopcji Dziecka Pocz\u0119tego. Poczu\u0142a w sercu, \u017ce B\u00f3g m\u00f3wi w\u0142a\u015bnie do niej. Postanowi\u0142a zaufa\u0107, mimo l\u0119k\u00f3w i niepewno\u015bci. Dzi\u015b jej syn ma trzy lata, a ona nie wyobra\u017ca sobie \u017cycia bez niego. Wspomina, \u017ce to w\u0142a\u015bnie dzie\u0144 Zwiastowania Pa\u0144skiego by\u0142 dla niej momentem prze\u0142omowym, kiedy poczu\u0142a, \u017ce nie jest sama, a B\u00f3g j\u0105 prowadzi.<\/span><\/span><\/span><\/span><\/p>\n<p class=\"western\" align=\"left\"><span style=\"font-family: Arial, sans-serif;\"><span style=\"font-size: medium;\"><span style=\"font-family: Times New Roman, serif;\"><span style=\"font-size: x-large;\"><b>Historia nawr\u00f3cenia ateisty<\/b><\/span><\/span><\/span><\/span><\/p>\n<p class=\"western\" align=\"left\"><span style=\"font-family: Arial, sans-serif;\"><span style=\"font-size: medium;\"><span style=\"font-family: Times New Roman, serif;\"><span style=\"font-size: large;\">Marek by\u0142 zagorza\u0142ym ateist\u0105, kt\u00f3ry uwa\u017ca\u0142 chrze\u015bcija\u0144stwo za zbi\u00f3r mit\u00f3w i zabobon\u00f3w. Jednak pewnego dnia, zupe\u0142nie przypadkiem, us\u0142ysza\u0142 podczas rozmowy ze znajomymi fragment Ewangelii o Zwiastowaniu. Zaintrygowa\u0142a go posta\u0107 Maryi \u2013 m\u0142odej dziewczyny, kt\u00f3ra z pe\u0142nym zaufaniem przyj\u0119\u0142a Bo\u017cy plan. To sk\u0142oni\u0142o go do g\u0142\u0119bszej refleksji i si\u0119gni\u0119cia po Bibli\u0119. Po kilku latach poszukiwa\u0144 i duchowych zmaga\u0144 przyj\u0105\u0142 chrzest, a Zwiastowanie Pa\u0144skie sta\u0142o si\u0119 dla niego najwa\u017cniejszym \u015bwi\u0119tem, kt\u00f3re co roku celebruje z wielk\u0105 wdzi\u0119czno\u015bci\u0105.<\/span><\/span><\/span><\/span><\/p>\n<p class=\"western\" align=\"left\"><span style=\"font-family: Arial, sans-serif;\"><span style=\"font-size: medium;\"><span style=\"font-family: Times New Roman, serif;\"><span style=\"font-size: large;\"><b>Jak mo\u017cemy prze\u017cywa\u0107 Zwiastowanie w naszym \u017cyciu?<\/b><\/span><\/span><\/span><\/span><\/p>\n<p class=\"western\" align=\"left\"><span style=\"font-family: Arial, sans-serif;\"><span style=\"font-size: medium;\"><span style=\"font-family: Times New Roman, serif;\"><span style=\"font-size: large;\">Aby to \u015bwi\u0119to nie by\u0142o jedynie dat\u0105 w kalendarzu, warto prze\u017cy\u0107 je w spos\u00f3b g\u0142\u0119boko duchowy. Oto kilka propozycji:<\/span><\/span><\/span><\/span><\/p>\n<ul>\n<li>\n<p class=\"western\" align=\"left\"><span style=\"font-family: Arial, sans-serif;\"><span style=\"font-size: medium;\"><span style=\"font-family: Times New Roman, serif;\"><span style=\"font-size: large;\"><b>Uczestnictwo we Mszy \u015awi\u0119tej<\/b><\/span><\/span><\/span><\/span><span style=\"font-family: Times New Roman, serif;\"><span style=\"font-size: large;\">\u00a0\u2013 je\u015bli to mo\u017cliwe, warto w tym dniu przyj\u0105\u0107 Komuni\u0119 \u015awi\u0119t\u0105, dzi\u0119kuj\u0105c za dar Wcielenia i Bo\u017cego Mi\u0142osierdzia.<\/span><\/span><\/p>\n<\/li>\n<li>\n<p class=\"western\" align=\"left\"><span style=\"font-family: Arial, sans-serif;\"><span style=\"font-size: medium;\"><span style=\"font-family: Times New Roman, serif;\"><span style=\"font-size: large;\"><b>Modlitwa r\u00f3\u017ca\u0144cowa, szczeg\u00f3lnie tajemnica Zwiastowania<\/b><\/span><\/span><\/span><\/span><span style=\"font-family: Times New Roman, serif;\"><span style=\"font-size: large;\">\u00a0\u2013 to doskona\u0142y spos\u00f3b na kontemplacj\u0119 tego wydarzenia i rozwa\u017cenie jego znaczenia w naszym \u017cyciu.<\/span><\/span><\/p>\n<\/li>\n<li>\n<p class=\"western\" align=\"left\"><a name=\"_GoBack\"><\/a> <span style=\"font-family: Arial, sans-serif;\"><span style=\"font-size: medium;\"><span style=\"font-family: Times New Roman, serif;\"><span style=\"font-size: large;\"><b>Duchowa adopcja dziecka pocz\u0119tego<\/b><\/span><\/span><\/span><\/span><span style=\"font-family: Times New Roman, serif;\"><span style=\"font-size: large;\">\u00a0\u2013 mo\u017cna podj\u0105\u0107 modlitw\u0119 za nienarodzone dzieci, kt\u00f3re s\u0105 zagro\u017cone aborcj\u0105.<\/span><\/span><\/p>\n<\/li>\n<li>\n<p class=\"western\" align=\"left\"><span style=\"font-family: Arial, sans-serif;\"><span style=\"font-size: medium;\"><span style=\"font-family: Times New Roman, serif;\"><span style=\"font-size: large;\"><b>Rozwa\u017canie &#8222;Fiat&#8221; Maryi<\/b><\/span><\/span><\/span><\/span><span style=\"font-family: Times New Roman, serif;\"><span style=\"font-size: large;\">\u00a0\u2013 warto zastanowi\u0107 si\u0119, jak w codziennym \u017cyciu mo\u017cemy na\u015bladowa\u0107 Maryj\u0119 i otwiera\u0107 si\u0119 na wol\u0119 Bo\u017c\u0105.<\/span><\/span><\/p>\n<\/li>\n<\/ul>\n<p class=\"western\" align=\"left\"><span style=\"font-family: Arial, sans-serif;\"><span style=\"font-size: medium;\"><span style=\"font-family: Times New Roman, serif;\"><span style=\"font-size: large;\">Zwiastowanie Pa\u0144skie to jedno z najwa\u017cniejszych \u015bwi\u0105t chrze\u015bcija\u0144skich, kt\u00f3re przypomina nam o wielkiej mi\u0142o\u015bci Boga do cz\u0142owieka. To dzie\u0144, w kt\u00f3rym Maryja wypowiedzia\u0142a swoje &#8222;tak&#8221;, staj\u0105c si\u0119 Matk\u0105 Zbawiciela, a Jezus rozpocz\u0105\u0142 swoj\u0105 ziemsk\u0105 misj\u0119. To tak\u017ce dzie\u0144 szczeg\u00f3lnej refleksji nad warto\u015bci\u0105 \u017cycia i naszym powo\u0142aniem do \u015bwi\u0119to\u015bci. Niech 25 marca stanie si\u0119 dla nas okazj\u0105 do odnowienia naszej wiary, zaufania Bogu i otwarcia serca na Jego wol\u0119 \u2013 tak jak uczyni\u0142a to Maryja.<\/span><\/span><\/span><\/span><\/p>\n","protected":false},"excerpt":{"rendered":"<p>Tekst Ewangelii (\u0141k\u00a01,26-38):\u00a0W sz\u00f3stym miesi\u0105cu pos\u0142a\u0142 B\u00f3g anio\u0142a Gabriela do miasta w Galilei, zwanego Nazaret, do Dziewicy po\u015blubionej m\u0119\u017cowi, imieniem J\u00f3zef, z rodu Dawida; a Dziewicy by\u0142o na imi\u0119 Maryja. Anio\u0142 wszed\u0142 do Niej i rzek\u0142: \u00abB\u0105d\u017a pozdrowiona, pe\u0142na \u0142aski, Pan z Tob\u0105,\u00bb. Ona zmiesza\u0142a si\u0119 na te s\u0142owa i rozwa\u017ca\u0142a, co mia\u0142oby znaczy\u0107 to pozdrowienie. Lecz anio\u0142 rzek\u0142 do Niej: \u00abNie b\u00f3j si\u0119, Maryjo, znalaz\u0142a\u015b bowiem \u0142ask\u0119 u Boga. Oto poczniesz i porodzisz Syna, kt\u00f3remu nadasz imi\u0119 Jezus. B\u0119dzie On wielki i b\u0119dzie nazwany Synem Najwy\u017cszego, a Pan B\u00f3g da Mu tron Jego praojca, Dawida. B\u0119dzie panowa\u0142 nad domem Jakuba na wieki, a Jego panowaniu nie b\u0119dzie ko\u0144ca\u00bb. Na to Maryja rzek\u0142a do anio\u0142a: \u00abJak\u017ce si\u0119 to stanie, skoro nie znam m\u0119\u017ca?\u00bb Anio\u0142 Jej odpowiedzia\u0142: \u00abDuch \u015awi\u0119ty zst\u0105pi na Ciebie i moc Najwy\u017cszego os\u0142oni Ci\u0119. Dlatego te\u017c \u015awi\u0119te, kt\u00f3re si\u0119 narodzi, b\u0119dzie nazwane Synem Bo\u017cym. A oto r\u00f3wnie\u017c krewna&hellip;<\/p>\n<p> <a class=\"more-link\" href=\"http:\/\/www.franciszek-walcz.pl\/?p=29732\">Czytaj dalej<\/a><\/p>\n","protected":false},"author":1,"featured_media":0,"comment_status":"closed","ping_status":"closed","sticky":false,"template":"","format":"standard","meta":{"footnotes":""},"categories":[1],"tags":[],"class_list":{"0":"post-29732","1":"post","2":"type-post","3":"status-publish","4":"format-standard","6":"category-uncategorized"},"brizy_media":[],"_links":{"self":[{"href":"http:\/\/www.franciszek-walcz.pl\/index.php?rest_route=\/wp\/v2\/posts\/29732","targetHints":{"allow":["GET"]}}],"collection":[{"href":"http:\/\/www.franciszek-walcz.pl\/index.php?rest_route=\/wp\/v2\/posts"}],"about":[{"href":"http:\/\/www.franciszek-walcz.pl\/index.php?rest_route=\/wp\/v2\/types\/post"}],"author":[{"embeddable":true,"href":"http:\/\/www.franciszek-walcz.pl\/index.php?rest_route=\/wp\/v2\/users\/1"}],"replies":[{"embeddable":true,"href":"http:\/\/www.franciszek-walcz.pl\/index.php?rest_route=%2Fwp%2Fv2%2Fcomments&post=29732"}],"version-history":[{"count":2,"href":"http:\/\/www.franciszek-walcz.pl\/index.php?rest_route=\/wp\/v2\/posts\/29732\/revisions"}],"predecessor-version":[{"id":29734,"href":"http:\/\/www.franciszek-walcz.pl\/index.php?rest_route=\/wp\/v2\/posts\/29732\/revisions\/29734"}],"wp:attachment":[{"href":"http:\/\/www.franciszek-walcz.pl\/index.php?rest_route=%2Fwp%2Fv2%2Fmedia&parent=29732"}],"wp:term":[{"taxonomy":"category","embeddable":true,"href":"http:\/\/www.franciszek-walcz.pl\/index.php?rest_route=%2Fwp%2Fv2%2Fcategories&post=29732"},{"taxonomy":"post_tag","embeddable":true,"href":"http:\/\/www.franciszek-walcz.pl\/index.php?rest_route=%2Fwp%2Fv2%2Ftags&post=29732"}],"curies":[{"name":"wp","href":"https:\/\/api.w.org\/{rel}","templated":true}]}}