{"id":29962,"date":"2026-04-25T15:01:03","date_gmt":"2026-04-25T13:01:03","guid":{"rendered":"http:\/\/www.franciszek-walcz.pl\/?p=29962"},"modified":"2026-04-25T15:01:03","modified_gmt":"2026-04-25T13:01:03","slug":"4-niedziela-wielkanocna","status":"publish","type":"post","link":"http:\/\/www.franciszek-walcz.pl\/?p=29962","title":{"rendered":"4 niedziela wielkanocna"},"content":{"rendered":"<p class=\"western\" align=\"justify\"><span style=\"font-family: Arial, sans-serif;\"><span style=\"font-size: medium;\">Jezus powiedzia\u0142: \u201eZaprawd\u0119, zaprawd\u0119, powiadam wam: Kto nie wchodzi do owczarni przez bram\u0119, ale wdziera si\u0119 inn\u0105 drog\u0105, ten jest z\u0142odziejem i rozb\u00f3jnikiem. Kto jednak wchodzi przez bram\u0119, jest pasterzem owiec. Temu otwiera od\u017awierny, a owce s\u0142uchaj\u0105 jego g\u0142osu; wo\u0142a on swoje owce po imieniu i wyprowadza je. A kiedy wszystkie wyprowadzi, staje na ich czele, a owce post\u0119puj\u0105 za nim, poniewa\u017c g\u0142os jego znaj\u0105. Natomiast za obcym nie p\u00f3jd\u0105, lecz b\u0119d\u0105 ucieka\u0107 od niego, bo nie znaj\u0105 g\u0142osu obcych\u201d. T\u0119 przypowie\u015b\u0107 opowiedzia\u0142 im Jezus, lecz oni nie poj\u0119li znaczenia tego, co im m\u00f3wi\u0142. Powt\u00f3rnie wi\u0119c powiedzia\u0142 do nich Jezus: \u201eZaprawd\u0119, zaprawd\u0119, powiadam wam: Ja jestem bram\u0105 owiec. Wszyscy, kt\u00f3rzy przyszli przede Mn\u0105, s\u0105 z\u0142odziejami i rozb\u00f3jnikami, a nie pos\u0142ucha\u0142y ich owce. Ja jestem bram\u0105. Je\u017celi kto\u015b wejdzie przeze Mnie, b\u0119dzie zbawiony \u2013 wejdzie i wyjdzie, i znajdzie pasz\u0119. Z\u0142odziej przychodzi tylko po to, aby kra\u015b\u0107, zabija\u0107 i niszczy\u0107. Ja przyszed\u0142em po to, aby owce mia\u0142y \u017cycie i mia\u0142y je w obfito\u015bci\u201d (J 10,1\u201310).<\/span><\/span><\/p>\n<p class=\"western\" align=\"justify\"><strong><span style=\"font-family: Arial, sans-serif;\"><span style=\"font-size: medium;\">DOBRY PASTERZ<\/span><\/span><\/strong><\/p>\n<p class=\"western\" align=\"justify\">\u201e<span style=\"font-family: Arial, sans-serif;\"><span style=\"font-size: medium;\">Ja jestem dobrym Pasterzem i znam owce moje, a moje Mnie znaj\u0105\u201d (J 10, 14).<\/span><\/span><\/p>\n<p class=\"western\" align=\"justify\">\n<p class=\"western\" align=\"justify\">\u00a0<span style=\"font-family: Arial, sans-serif;\"><span style=\"font-size: medium;\">Dzisiaj niedziela Dobrego Pasterza. Patrzymy na Jezusa i zastanawiamy si\u0119, jak jeszcze doskonalej i\u015b\u0107 za Nim.<\/span><\/span><\/p>\n<p class=\"western\" align=\"justify\"><span style=\"font-family: Arial, sans-serif;\"><span style=\"font-size: medium;\">Przy tej okazji dzi\u0119kujemy za Pasterzy Ko\u015bcio\u0142a, kt\u00f3rzy przed\u0142u\u017caj\u0105, kontynuuj\u0105 misj\u0119 Jezusa. Modlimy si\u0119 dzisiaj tak\u017ce o nowe powo\u0142ania, aby nie zabrak\u0142o tych, kt\u00f3rzy b\u0119d\u0105 sprawowa\u0107 Msz\u0105 \u015bwi\u0119t\u0105, g\u0142osi\u0107 Ewangeli\u0119 i s\u0142u\u017cy\u0107 Ko\u015bcio\u0142owi \u2013 czyli nam wszystkim \u2013 w kap\u0142a\u0144stwie lub \u017cyciu zakonnym.<\/span><\/span><\/p>\n<p class=\"western\" align=\"justify\"><span style=\"font-family: Arial, sans-serif;\"><span style=\"font-size: medium;\">Dlaczego Jezus u\u017cywa obrazu pasterza? Znawcy zwyczaj\u00f3w w Palestynie, m\u00f3wi\u0105, \u017ce jak pasterz pasie owce, to on idzie na przedzie, a wszystkie owce pod\u0105\u017caj\u0105 za Nim. Dlatego jak Jezus buduje swoje nauczanie na obrazie pasterza, to chce, aby\u015bmy w taki w\u0142a\u015bnie spos\u00f3b rozumieli Jego misj\u0119.<\/span><\/span><\/p>\n<p class=\"western\" align=\"justify\">\n<p class=\"western\" align=\"justify\">\n<p class=\"western\" align=\"justify\"><span style=\"font-family: Arial, sans-serif;\"><span style=\"font-size: medium;\">Do Aposto\u0142\u00f3w \u2013 a wi\u0119c tych, kt\u00f3rzy zostali powo\u0142ani przez Chrystusa \u2013 przychodzili ludzie z pytaniem, co robi\u0107, aby osi\u0105gn\u0105\u0107 \u017cycie wieczne? A Aposto\u0142owie odpowiadali, \u017ce trzeba nawr\u00f3ci\u0107 si\u0119, ochrzci\u0107 imi\u0119 Jezusa Chrystusa, przyj\u0105\u0107 bierzmowanie, czyli wzi\u0105\u0107 dary Ducha \u015awi\u0119tego. Oraz trzeba ratowa\u0107 si\u0119 z tego przewrotnego pokolenia.<\/span><\/span><\/p>\n<p class=\"western\" align=\"justify\"><span style=\"font-family: Arial, sans-serif;\"><span style=\"font-size: medium;\">Dzisiaj Ko\u015bci\u00f3\u0142 jest ten sam, kt\u00f3ry zosta\u0142 za\u0142o\u017cony przez Jezusa i rozwijany przez Aposto\u0142\u00f3w. Obecnie to biskupi s\u0105 nast\u0119pcami Aposto\u0142\u00f3w. Ale, \u017ce wsz\u0119dzie biskupi nie mog\u0105 by\u0107 osobi\u015bcie, dziel\u0105 si\u0119 swoimi zadaniami z prezbiterami. I ustanawiaj\u0105 duszpasterzy, proboszcz\u00f3w, wikariusz\u00f3w, kapelan\u00f3w, katechet\u00f3w. Tylko ma si\u0119 wra\u017cenie, \u017ce ci, kt\u00f3rzy przychodz\u0105 do wsp\u00f3\u0142czesnych aposto\u0142\u00f3w, stawiaj\u0105 im inne, ni\u017c wtedy pytania.<\/span><\/span><\/p>\n<p class=\"western\" align=\"justify\"><span style=\"font-family: Arial, sans-serif;\"><span style=\"font-size: medium;\">Podczas kol\u0119dy w jednej rodzinie, kobieta, siedz\u0105ca w otoczeniu m\u0119\u017ca i dzieci, wyzna\u0142a, \u017ce by\u0142a na Pasterce. I s\u0142ucha\u0142a kazania. M\u00f3wi\u0142 ksi\u0105dz o potrzebie szacunku wobec \u017cycia. T\u0142umaczy\u0142 mi\u0119dzy innymi, dlaczego aborcja jest z\u0142a, dlaczego eutanazja jest z\u0142a. Na co kobieta wypowiedzia\u0142a si\u0119 w ko\u0144cu, \u017ce nie podoba\u0142o si\u0119 jej to, i\u017c ksi\u0105dz narzuca\u0142 ludziom sw\u00f3j spos\u00f3b my\u015blenia. Smutna wypowied\u017a, bo przecie\u017c nie by\u0142 to jedynie spos\u00f3b my\u015blenia ksi\u0119dza, ale tak\u017ce Ko\u015bcio\u0142a, i przede wszystkim samego Chrystusa.<\/span><\/span><\/p>\n<p class=\"western\" align=\"justify\"><span style=\"font-family: Arial, sans-serif;\"><span style=\"font-size: medium;\">Takich sytuacji jest dzisiaj znacznie wi\u0119cej. Podobnie bywa na przyk\u0142ad w szko\u0142ach, gdy rodzice wypisuj\u0105 swoje dzieci z religii, bo tre\u015bci, jakie g\u0142osi katecheta nie odpowiadaj\u0105 im. A przecie\u017c ten katecheta nie g\u0142osi swojej nauki, ale nauk\u0119 Jezusa.<\/span><\/span><\/p>\n<p class=\"western\" align=\"justify\"><span style=\"font-family: Arial, sans-serif;\"><span style=\"font-size: medium;\">Ksi\u0105dz przygotowuj\u0105cy dzieci do Pierwszej Komunii \u015bwi\u0119tej opowiada\u0142, \u017ce przysz\u0142o do niego grono rodzic\u00f3w z krzykiem, \u017ce on niszczy ich autorytet jako rodzic\u00f3w, bo m\u00f3wi dzieciom, \u017ce mieszkanie bez \u015blubu jest grzechem, a akurat ci rodzicie \u017cyli bez \u015blubu. I jak w takiej sytuacji ma si\u0119 zachowa\u0107 g\u0142osiciel Chrystusowej Ewangelii? Ma zacz\u0105\u0107 zmienia\u0107 nauk\u0119 Jezusa? Nagina\u0107 Bo\u017ce przykazania, aby t\u0142umaczy\u0107 grzechy innych? Nie, bo to by\u0142oby szata\u0144skie.<\/span><\/span><\/p>\n<p class=\"western\" align=\"justify\">\n<p class=\"western\" align=\"justify\">\n<p class=\"western\" align=\"justify\"><span style=\"font-family: Arial, sans-serif;\"><span style=\"font-size: medium;\">Problemem w g\u0142oszeniu Ewangelii dzisiaj jest tak\u017ce b\u0142\u0119dne rozumienie kap\u0142a\u0144stwa. Przecie\u017c wida\u0107 , w jaki spos\u00f3b promuje si\u0119 to kap\u0142a\u0144stwo w mediach. Nic ksi\u0119\u017ca nie robi\u0105, \u017cyj\u0105 z naszych ci\u0119\u017cko zarobionych pieni\u0119dzy; postoi sobie ksi\u0105dz godzink\u0119 w niedziel\u0119 przy o\u0142tarzu i op\u0142ywa w luksusy.<\/span><\/span><\/p>\n<p class=\"western\" align=\"justify\"><span style=\"font-family: Arial, sans-serif;\"><span style=\"font-size: medium;\">Jaki mamy obraz kap\u0142ana? Altruisty, czy materialisty? S\u0142ugi, czy pana? Na ile jest on zgody z prawd\u0105, a na ile jest tworzony dla potrzeb z\u0142owrogiej propagandy? Dlatego nie mo\u017cna si\u0119 potem dziwi\u0107 spadkowi powo\u0142a\u0144. Nie mo\u017cna si\u0119 dziwi\u0107 r\u00f3wnie\u017c my\u015bleniu rodzic\u00f3w, kt\u00f3rzy m\u00f3wi\u0105, \u017ce skoro jest takie spojrzenie na kap\u0142a\u0144stwo, to oni nie chc\u0105, aby ich syn zosta\u0142 ksi\u0119dzem.<\/span><\/span><\/p>\n<p class=\"western\" align=\"justify\">\n<p class=\"western\" align=\"justify\"><span style=\"font-family: Arial, sans-serif;\"><span style=\"font-size: medium;\">Obecnie kap\u0142anom stawiamy inne pytania, ani\u017celi stawiali ludzie Aposto\u0142om. Tam by\u0142o pytanie: co robi\u0107, aby \u017cy\u0107 wiecznie? Tu bardzo cz\u0119sto nie ma takiego pytania. Jest natomiast stwierdzenie: prosz\u0119 mi nie narzuca\u0107 innego ni\u017c m\u00f3j spos\u00f3b my\u015blenia.<\/span><\/span><\/p>\n<p class=\"western\" align=\"justify\"><span style=\"font-family: Arial, sans-serif;\"><span style=\"font-size: medium;\">Oczywi\u015bcie nie jest to powszechny styl post\u0119powania wsp\u00f3\u0142czesnych katolik\u00f3w, bo niekt\u00f3rzy z was mogliby si\u0119 obrazi\u0107 na takie uproszczenie, ale jest na tyle zauwa\u017calny, \u017ce trzeba o nim m\u00f3wi\u0107. Jezus m\u00f3wi: \u201eMoje owce s\u0142uchaj\u0105 mojego g\u0142osu, ja znam je, a one id\u0105 za Mn\u0105\u201d.<\/span><\/span><\/p>\n<p class=\"western\" align=\"justify\"><span style=\"font-family: Arial, sans-serif;\"><span style=\"font-size: medium;\">Jaki z tego wniosek? Taki, \u017ce jak nie s\u0142uchamy g\u0142osu Jezusa, nie chcemy Go zrozumie\u0107 i uto\u017csamia\u0107 si\u0119 z Nim, w\u00f3wczas niestety nie nale\u017cymy do Jego owiec, nie nale\u017cymy do Jego owczarni. Mo\u017ce jeste\u015bmy ochrzczeni. Ale czy jeste\u015bmy w pe\u0142ni Chrystusowi?<\/span><\/span><\/p>\n<p class=\"western\" align=\"justify\">\n<p class=\"western\" align=\"justify\"><span style=\"font-family: Arial, sans-serif;\"><span style=\"font-size: medium;\">Jezus \u00a0m\u00f3wi: Ja jestem bram\u0105. Zapewne chodzi o bram\u0119, kt\u00f3r\u0105 trzeba wybra\u0107, i kt\u00f3r\u0105 trzeba przekroczy\u0107.<\/span><\/span><\/p>\n<p class=\"western\" align=\"justify\"><span style=\"font-family: Arial, sans-serif;\"><span style=\"font-size: medium;\">By\u0142 w telewizji taki teleturniej, w kt\u00f3rym ludzie mieli do wyboru kilka bramek. Jak wybrali w\u0142a\u015bciw\u0105, w\u00f3wczas wygrywali cenn\u0105 nagrod\u0119. Podobnie chce nam da\u0107 do zrozumienia Jezus. On proponuje jedn\u0105 z bramek. Owszem, mo\u017cna wybra\u0107 inne. W ko\u0144cu wolna wola cz\u0142owieka. S\u0105 w nich pewnie jakie\u015b nagrody pocieszenia, ale nie ma w nich nagrody g\u0142\u00f3wnej. Bo g\u0142\u00f3wna nagroda jest w bramce Jezusa. Je\u015bli chcemy, mo\u017cemy ja wybra\u0107.<\/span><\/span><\/p>\n<p class=\"western\" align=\"justify\"><span style=\"font-family: Arial, sans-serif;\"><span style=\"font-size: medium;\">A gdy ju\u017c wybierzemy Jezusa, kt\u00f3ry jest bram\u0105, w\u00f3wczas to jeszcze nie wystarczy. M\u00f3wi\u0142 jednego roku b\u0142. Jan Pawel II do m\u0142odzie\u017cy zgromadzonej na polach lednickich: \u201enie wystarczy przekroczy\u0107 pr\u00f3g, trzeba i\u015b\u0107 w g\u0142\u0105b\u201d. Nie wystarczy ochrzci\u0107 si\u0119, czy przyj\u0105\u0107 bierzmowanie. Trzeba jeszcze nawr\u00f3ci\u0107 si\u0119 i \u2013 jak m\u00f3wi\u0105 dzisiaj Aposto\u0142owie w pierwszym czytaniu \u2013 ratowa\u0107 si\u0119 z tego przewrotnego pokolenia.<\/span><\/span><\/p>\n<p class=\"western\" align=\"justify\">\n<p class=\"western\" align=\"justify\">\u00a0<span style=\"font-family: Arial, sans-serif;\"><span style=\"font-size: medium;\">M\u00f3wi dzisiejsza Ewangelia: Z\u0142odziej przychodzi, aby kra\u015b\u0107, zabija\u0107, niszczy\u0107. Taki jest szatan, kt\u00f3ry nigdy nie b\u0119dzie przyjacielem cz\u0142owieka. Na pocz\u0105tku wypromuje si\u0119 w naszych oczach na kogo\u015b dobrego. A potem nas o\u015bmieszy i wykorzysta, aby ostatecznie zniewa\u017cy\u0107 Boga.<\/span><\/span><\/p>\n<p class=\"western\" align=\"justify\"><span style=\"font-family: Arial, sans-serif;\"><span style=\"font-size: medium;\">Jezus natomiast przyszed\u0142 po to, aby owce, kt\u00f3re za Nim p\u00f3jd\u0105, mia\u0142y \u017cycie, i to w obfito\u015bci. Korzystajmy z Eucharystii, gdzie On jest blisko nas, prze\u017cywajmy pi\u0119knie i g\u0142\u0119boko Msz\u0119 \u015bwi\u0119t\u0105. Przychod\u017amy do Pasterzy Ko\u015bcio\u0142a nie z pretensjami, ale raczej z pytaniem: co czyni\u0107, aby osi\u0105gn\u0105\u0107 \u017cycie wieczne. Dlaczego? Bo chcemy przecie\u017c pod\u0105\u017ca\u0107 za Jezusem \u2013 Dobrym Pasterzem i mie\u0107 \u017cycie w obfito\u015bci. <\/span><\/span><\/p>\n","protected":false},"excerpt":{"rendered":"<p>Jezus powiedzia\u0142: \u201eZaprawd\u0119, zaprawd\u0119, powiadam wam: Kto nie wchodzi do owczarni przez bram\u0119, ale wdziera si\u0119 inn\u0105 drog\u0105, ten jest z\u0142odziejem i rozb\u00f3jnikiem. Kto jednak wchodzi przez bram\u0119, jest pasterzem owiec. Temu otwiera od\u017awierny, a owce s\u0142uchaj\u0105 jego g\u0142osu; wo\u0142a on swoje owce po imieniu i wyprowadza je. A kiedy wszystkie wyprowadzi, staje na ich czele, a owce post\u0119puj\u0105 za nim, poniewa\u017c g\u0142os jego znaj\u0105. Natomiast za obcym nie p\u00f3jd\u0105, lecz b\u0119d\u0105 ucieka\u0107 od niego, bo nie znaj\u0105 g\u0142osu obcych\u201d. T\u0119 przypowie\u015b\u0107 opowiedzia\u0142 im Jezus, lecz oni nie poj\u0119li znaczenia tego, co im m\u00f3wi\u0142. Powt\u00f3rnie wi\u0119c powiedzia\u0142 do nich Jezus: \u201eZaprawd\u0119, zaprawd\u0119, powiadam wam: Ja jestem bram\u0105 owiec. Wszyscy, kt\u00f3rzy przyszli przede Mn\u0105, s\u0105 z\u0142odziejami i rozb\u00f3jnikami, a nie pos\u0142ucha\u0142y ich owce. Ja jestem bram\u0105. Je\u017celi kto\u015b wejdzie przeze Mnie, b\u0119dzie zbawiony \u2013 wejdzie i wyjdzie, i znajdzie pasz\u0119. Z\u0142odziej przychodzi tylko po to, aby kra\u015b\u0107, zabija\u0107 i niszczy\u0107. Ja&hellip;<\/p>\n<p> <a class=\"more-link\" href=\"http:\/\/www.franciszek-walcz.pl\/?p=29962\">Czytaj dalej<\/a><\/p>\n","protected":false},"author":1,"featured_media":0,"comment_status":"closed","ping_status":"closed","sticky":false,"template":"","format":"standard","meta":{"footnotes":""},"categories":[1],"tags":[],"class_list":{"0":"post-29962","1":"post","2":"type-post","3":"status-publish","4":"format-standard","6":"category-uncategorized"},"brizy_media":[],"_links":{"self":[{"href":"http:\/\/www.franciszek-walcz.pl\/index.php?rest_route=\/wp\/v2\/posts\/29962","targetHints":{"allow":["GET"]}}],"collection":[{"href":"http:\/\/www.franciszek-walcz.pl\/index.php?rest_route=\/wp\/v2\/posts"}],"about":[{"href":"http:\/\/www.franciszek-walcz.pl\/index.php?rest_route=\/wp\/v2\/types\/post"}],"author":[{"embeddable":true,"href":"http:\/\/www.franciszek-walcz.pl\/index.php?rest_route=\/wp\/v2\/users\/1"}],"replies":[{"embeddable":true,"href":"http:\/\/www.franciszek-walcz.pl\/index.php?rest_route=%2Fwp%2Fv2%2Fcomments&post=29962"}],"version-history":[{"count":1,"href":"http:\/\/www.franciszek-walcz.pl\/index.php?rest_route=\/wp\/v2\/posts\/29962\/revisions"}],"predecessor-version":[{"id":29963,"href":"http:\/\/www.franciszek-walcz.pl\/index.php?rest_route=\/wp\/v2\/posts\/29962\/revisions\/29963"}],"wp:attachment":[{"href":"http:\/\/www.franciszek-walcz.pl\/index.php?rest_route=%2Fwp%2Fv2%2Fmedia&parent=29962"}],"wp:term":[{"taxonomy":"category","embeddable":true,"href":"http:\/\/www.franciszek-walcz.pl\/index.php?rest_route=%2Fwp%2Fv2%2Fcategories&post=29962"},{"taxonomy":"post_tag","embeddable":true,"href":"http:\/\/www.franciszek-walcz.pl\/index.php?rest_route=%2Fwp%2Fv2%2Ftags&post=29962"}],"curies":[{"name":"wp","href":"https:\/\/api.w.org\/{rel}","templated":true}]}}