{"id":3577,"date":"2019-04-20T10:34:04","date_gmt":"2019-04-20T08:34:04","guid":{"rendered":"http:\/\/www.franciszek-walcz.pl\/?p=3577"},"modified":"2019-04-20T10:34:04","modified_gmt":"2019-04-20T08:34:04","slug":"dekanalny-kurs-przedmalzenski","status":"publish","type":"post","link":"http:\/\/www.franciszek-walcz.pl\/?p=3577","title":{"rendered":"DEKANALNY KURS PRZEDMA\u0141\u017bE\u0143SKI"},"content":{"rendered":"<p>W formie weekendowej- odb\u0119dzie si\u0119 w dn. 10-11-12 maja przy parafii p.w. \u015aw. Miko\u0142aja w Wa\u0142czu.<\/p>\n<p>Pocz\u0105tek &#8211; w pi\u0105tek 10. maja &#8211; \u00a0o godz. 18,30 na plebani par. \u015aw. Miko\u0142aja<\/p>\n","protected":false},"excerpt":{"rendered":"<p>W formie weekendowej- odb\u0119dzie si\u0119 w dn. 10-11-12 maja przy parafii p.w. \u015aw. Miko\u0142aja w Wa\u0142czu. Pocz\u0105tek &#8211; w pi\u0105tek 10. maja &#8211; \u00a0o godz. 18,30 na plebani par. \u015aw. Miko\u0142aja<\/p>\n","protected":false},"author":1,"featured_media":0,"comment_status":"closed","ping_status":"open","sticky":false,"template":"","format":"standard","meta":{"footnotes":""},"categories":[1],"tags":[],"class_list":{"0":"post-3577","1":"post","2":"type-post","3":"status-publish","4":"format-standard","6":"category-uncategorized"},"brizy_media":[],"_links":{"self":[{"href":"http:\/\/www.franciszek-walcz.pl\/index.php?rest_route=\/wp\/v2\/posts\/3577","targetHints":{"allow":["GET"]}}],"collection":[{"href":"http:\/\/www.franciszek-walcz.pl\/index.php?rest_route=\/wp\/v2\/posts"}],"about":[{"href":"http:\/\/www.franciszek-walcz.pl\/index.php?rest_route=\/wp\/v2\/types\/post"}],"author":[{"embeddable":true,"href":"http:\/\/www.franciszek-walcz.pl\/index.php?rest_route=\/wp\/v2\/users\/1"}],"replies":[{"embeddable":true,"href":"http:\/\/www.franciszek-walcz.pl\/index.php?rest_route=%2Fwp%2Fv2%2Fcomments&post=3577"}],"version-history":[{"count":1,"href":"http:\/\/www.franciszek-walcz.pl\/index.php?rest_route=\/wp\/v2\/posts\/3577\/revisions"}],"predecessor-version":[{"id":3578,"href":"http:\/\/www.franciszek-walcz.pl\/index.php?rest_route=\/wp\/v2\/posts\/3577\/revisions\/3578"}],"wp:attachment":[{"href":"http:\/\/www.franciszek-walcz.pl\/index.php?rest_route=%2Fwp%2Fv2%2Fmedia&parent=3577"}],"wp:term":[{"taxonomy":"category","embeddable":true,"href":"http:\/\/www.franciszek-walcz.pl\/index.php?rest_route=%2Fwp%2Fv2%2Fcategories&post=3577"},{"taxonomy":"post_tag","embeddable":true,"href":"http:\/\/www.franciszek-walcz.pl\/index.php?rest_route=%2Fwp%2Fv2%2Ftags&post=3577"}],"curies":[{"name":"wp","href":"https:\/\/api.w.org\/{rel}","templated":true}]}}